{"id":204109,"date":"2025-12-27T01:28:35","date_gmt":"2025-12-27T01:28:35","guid":{"rendered":"https:\/\/www.europesays.com\/pt\/204109\/"},"modified":"2025-12-27T01:28:35","modified_gmt":"2025-12-27T01:28:35","slug":"feriados-e-pontes-em-2026","status":"publish","type":"post","link":"https:\/\/www.europesays.com\/pt\/204109\/","title":{"rendered":"Feriados e Pontes em 2026"},"content":{"rendered":"<p><img width=\"800\" height=\"440\" src=\"https:\/\/www.europesays.com\/pt\/wp-content\/uploads\/2025\/12\/Calendario-para-2026-em-excel.png\" class=\"attachment-post-thumbnail size-post-thumbnail wp-post-image\" alt=\"Calend\u00e1rio para 2026 Portugal em excel\" decoding=\"async\" fetchpriority=\"high\" wpfc-lazyload-disable=\"true\"\/>\t\t\t<\/p>\n<p>O ano de 2026 estar\u00e1 no grupo dos anos mais generosos em termos de feriados e pontes convertidos em descanso. Ser\u00e3o 10 dos 13 feriados nacionais. E tudo come\u00e7a a 1 de janeiro, 5\u00aa feira.<\/p>\n<p>Analisando com mais detalhe os feriados e pontes poss\u00edveis em 2026 destacamos o seguinte:<\/p>\n<ul>\n<li>H\u00e1<strong> cinco fins-de-semana de tr\u00eas dias<\/strong>\u00a0garantidos \u00e0 conta dos feriados que se celebram \u00e0 segunda ou \u00e0 sexta feira. Podem passar a seis para quem celebrar o Santo Pedro.<\/li>\n<li>H\u00e1 dois feriados a uma quinta-feira e dois a uma ter\u00e7a-feira (sem contar com o dia de carnaval), ou seja,\u00a0<strong>h\u00e1 quatro oportunidades de ponte<\/strong>. Podem passar a cinco para quem tiver feriado ou toler\u00e2ncia de ponto no dias de carnaval.<\/li>\n<li>Em suma, h\u00e1 cinco a seis fins de semana prolongados e quatro a cinco pontes poss\u00edveis durante o ano de 2026. Ou seja, entre fins de semana de tr\u00eas a quatro dias teremos nove a 11.<\/li>\n<li>Conv\u00e9m sublinhar que h\u00e1 concelhos onde o feriado municipal n\u00e3o \u00e9 nenhum dos santos populares e, nesse caso, haver\u00e1 situa\u00e7\u00f5es diversas a considerar e que n\u00e3o abordamos neste artigo.<\/li>\n<li>A segunda metade do ano continuar\u00e1 a ter quatro dias feriado em dias \u00fateis tal como 2025, trocando 15 de agosto que passa para s\u00e1bado pelo dia 5 de outubro que passa para segunda-feira (foi um domingo em 2025).<\/li>\n<li>A maioria dos feriados efetivamente convertidos em descanso concentra-se nos primeiros seis meses do ano: ser\u00e3o seis, sem contar com os feriados municipais.<\/li>\n<\/ul>\n<p>Lembre-se que se tem <a href=\"https:\/\/economiafinancas.com\/2024\/calendario-2025-em-excel-com-feriados-portugal\/\" target=\"_blank\" rel=\"noopener nofollow\"><strong>f\u00e9rias de 2025<\/strong><\/a> a transitar para 2026, dever\u00e1 gozar esses dias at\u00e9 ao fina lde abri lde 2026, sempre em sintonia com a sua entidade patronal.<\/p>\n<p>Pode descarregar aqui o ficheiro Excel com o <a href=\"https:\/\/economiafinancas.com\/wp-content\/uploads\/2025\/06\/Calendario-2026-Portugal-em-Excel-com-Feriados-v2.xlsx\" target=\"_blank\" rel=\"noopener nofollow\"><strong>Calend\u00e1rio para 2026 em Portugal (excel)<\/strong><\/a><br \/>Esperamos que seja \u00fatil e partilhe.<\/p>\n<p>Votos de um excelente ano de 2026!<\/p>\n<p><a href=\"https:\/\/economiafinancas.com\/2025\/calendario-2026-em-excel-com-feriados-portugal\/calendario-para-2026-em-excel\/\" target=\"_blank\" rel=\"attachment noopener wp-att-85433 nofollow\"><img loading=\"lazy\" data-recalc-dims=\"1\" wpfc-lazyload-disable=\"true\" decoding=\"async\" class=\"wp-image-85433 size-full\" src=\"https:\/\/www.europesays.com\/pt\/wp-content\/uploads\/2025\/12\/1766798915_640_Calendario-para-2026-em-excel.png\" alt=\"Calend\u00e1rio para 2026 Portugal em excel\" width=\"800\" height=\"351\"  \/><\/a>Calend\u00e1rio para 2026 Portugal em excel<\/p>\n","protected":false},"excerpt":{"rendered":"O ano de 2026 estar\u00e1 no grupo dos anos mais generosos em termos de feriados e pontes convertidos&hellip;\n","protected":false},"author":2,"featured_media":204110,"comment_status":"","ping_status":"","sticky":false,"template":"","format":"standard","meta":{"footnotes":""},"categories":[8],"tags":[27,28,9914,15,16,13864,40445,14,25,26,21,22,12,13,19,20,32,23,24,33,17,18,29,30,31],"class_list":{"0":"post-204109","1":"post","2":"type-post","3":"status-publish","4":"format-standard","5":"has-post-thumbnail","7":"category-principais-noticias","8":"tag-breaking-news","9":"tag-breakingnews","10":"tag-calendario","11":"tag-featured-news","12":"tag-featurednews","13":"tag-feriados","14":"tag-feriados-em-2026","15":"tag-headlines","16":"tag-latest-news","17":"tag-latestnews","18":"tag-main-news","19":"tag-mainnews","20":"tag-news","21":"tag-noticias","22":"tag-noticias-principais","23":"tag-noticiasprincipais","24":"tag-portugal","25":"tag-principais-noticias","26":"tag-principaisnoticias","27":"tag-pt","28":"tag-top-stories","29":"tag-topstories","30":"tag-ultimas","31":"tag-ultimas-noticias","32":"tag-ultimasnoticias"},"share_on_mastodon":{"url":"https:\/\/pubeurope.com\/@pt\/115788940181863228","error":""},"_links":{"self":[{"href":"https:\/\/www.europesays.com\/pt\/wp-json\/wp\/v2\/posts\/204109","targetHints":{"allow":["GET"]}}],"collection":[{"href":"https:\/\/www.europesays.com\/pt\/wp-json\/wp\/v2\/posts"}],"about":[{"href":"https:\/\/www.europesays.com\/pt\/wp-json\/wp\/v2\/types\/post"}],"author":[{"embeddable":true,"href":"https:\/\/www.europesays.com\/pt\/wp-json\/wp\/v2\/users\/2"}],"replies":[{"embeddable":true,"href":"https:\/\/www.europesays.com\/pt\/wp-json\/wp\/v2\/comments?post=204109"}],"version-history":[{"count":0,"href":"https:\/\/www.europesays.com\/pt\/wp-json\/wp\/v2\/posts\/204109\/revisions"}],"wp:featuredmedia":[{"embeddable":true,"href":"https:\/\/www.europesays.com\/pt\/wp-json\/wp\/v2\/media\/204110"}],"wp:attachment":[{"href":"https:\/\/www.europesays.com\/pt\/wp-json\/wp\/v2\/media?parent=204109"}],"wp:term":[{"taxonomy":"category","embeddable":true,"href":"https:\/\/www.europesays.com\/pt\/wp-json\/wp\/v2\/categories?post=204109"},{"taxonomy":"post_tag","embeddable":true,"href":"https:\/\/www.europesays.com\/pt\/wp-json\/wp\/v2\/tags?post=204109"}],"curies":[{"name":"wp","href":"https:\/\/api.w.org\/{rel}","templated":true}]}}