{"id":204113,"date":"2025-12-27T01:32:31","date_gmt":"2025-12-27T01:32:31","guid":{"rendered":"https:\/\/www.europesays.com\/pt\/204113\/"},"modified":"2025-12-27T01:32:31","modified_gmt":"2025-12-27T01:32:31","slug":"ellen-da-o-troco-em-leo-no-resumo-do-capitulo-de-sabado-27","status":"publish","type":"post","link":"https:\/\/www.europesays.com\/pt\/204113\/","title":{"rendered":"Ellen d\u00e1 o troco em Leo no resumo do cap\u00edtulo de s\u00e1bado (27)"},"content":{"rendered":"<p>                        <img width=\"944\" height=\"531\" src=\"https:\/\/www.europesays.com\/pt\/wp-content\/uploads\/2025\/12\/Ellen-da-o-troco-em-Leo-em-Dona-de-Mim-944x531.jpg\" class=\"attachment-custom-large size-custom-large article-featured-image\" alt=\"Ellen d\u00e1 o troco em Leo em Dona de Mim\" fetchpriority=\"high\" decoding=\"async\"  \/><\/p>\n<p>Leo descobre falsa gravidez de Ellen, mas a pilantra d\u00e1 a volta por cima. (Fotos: Reprodu\u00e7\u00e3o, TV Globo)<\/p>\n<p>Leo (Clara Moneke) descobre que Ellen (Camila Pitanga) usa uma barriga falsa em Dona de Mim. Desconfiada desde sempre das inten\u00e7\u00f5es da m\u00e3e biol\u00f3gica de Sofia (Elis Cabral), Leo entra no apartamento de Ellen, e descobre que a gravidez da mulher \u00e9 falsa.<\/p>\n<p>Continua depois da publicidade<\/p>\n<p>Depois disso, ela come\u00e7a a seguir a mulher e encontra Ellen aplicando golpes no shopping. Isso faz com que Leo chame Marlon (Humberto Morais) para que d\u00ea um jeito na pilantra. Em seguida, no cap\u00edtulo de s\u00e1bado (27 de dezembro), Ellen dar\u00e1 o troco em Leo.<\/p>\n<p>Ela descobre o rastreador em Sofia e agora sabe que Leo e Marlon est\u00e3o de olho neles, e vai armar para que eles continuem achando que s\u00e3o espertos, mas Ellen vai retirar o rastreador do pesco\u00e7o de Sofia e sumir com a menina.<\/p>\n<p>Resumo completo dos acontecimentos do cap\u00edtulo de s\u00e1bado (27 de dezembro de 2025) de Dona de Mim<\/p>\n<p id=\"resumo-text\">Sofia confessa a Samuel e Leo que j\u00e1 sabia que a barriga de Ellen era falsa. Leo afirma a Ellen que n\u00e3o ser\u00e1 enganada por ela. Sofia admite para Leo que Ellen gosta de pegadinhas como ela. Vivian repreende Leo, e Samuel diz que a namorada foi muito dura com a ex.<\/p>\n<p>Continua depois da publicidade<\/p>\n<p id=\"resumo-text\">Rangel n\u00e3o acata o pedido de afastamento de Marlon feito por Lopez, e os dois voltam a trabalhar juntos. Hudson e Ellen descobrem que Sofia usa uma tag com rastreador. Davi anuncia que B\u00e1rbara ser\u00e1 modelo da Boaz. Hudson e Ellen flagram Samuel e Leo os vigiando.<\/p>\n<p>Como \u00e9 a casa da atriz Clara Moneke, a Leona de Dona de Mim1<\/p>\n<p>VoltarAvan\u00e7ar<\/p>\n<p><img loading=\"lazy\" decoding=\"async\" width=\"1200\" height=\"675\" data-id=\"7744418\" src=\"https:\/\/www.europesays.com\/pt\/wp-content\/uploads\/2025\/12\/como-e-a-casa-de-clara-moneke-a-leo-de-dona-de-mim-2.jpg\" alt=\"como \u00e9 a casa de clara moneke a leo de dona de mim\" class=\"wp-image-7744418\"  \/><\/p>\n<p>Clara Moneke \u00e9 a Leo de Dona de Mim. (Foto: Reprodu\u00e7\u00e3o, Andr\u00e9 Nazareth, CASACOR)<\/p>\n<p><img loading=\"lazy\" decoding=\"async\" width=\"1200\" height=\"675\" data-id=\"7744426\" src=\"https:\/\/www.europesays.com\/pt\/wp-content\/uploads\/2025\/12\/como-e-a-casa-de-clara-moneke-a-leo-de-dona-de-mim-9.jpg\" alt=\"\" class=\"wp-image-7744426\"  \/><\/p>\n<p>Atriz na sala do seu apartamento. (Foto: Raiana Medina, Divulga\u00e7\u00e3o)<\/p>\n<p><img loading=\"lazy\" decoding=\"async\" width=\"1200\" height=\"675\" data-id=\"7744428\" src=\"https:\/\/www.europesays.com\/pt\/wp-content\/uploads\/2025\/12\/como-e-a-casa-de-clara-moneke-a-leo-de-dona-de-mim-11.jpg\" alt=\"como \u00e9 a casa de clara moneke a leo de dona de mim\" class=\"wp-image-7744428\"  \/><\/p>\n<p>Im\u00f3vel de 140 metros quadrados fica na zona sul do Rio de Janeiro. (Foto: Raiana Medina, Divulga\u00e7\u00e3o)<\/p>\n<p><img loading=\"lazy\" decoding=\"async\" width=\"1200\" height=\"675\" data-id=\"7744406\" src=\"https:\/\/www.europesays.com\/pt\/wp-content\/uploads\/2025\/12\/como-e-a-casa-de-clara-moneke-a-leo-de-dona-de-mim-13.jpg\" alt=\"\" class=\"wp-image-7744406\"  \/><\/p>\n<p>Sala tem varanda com vista para pontos tur\u00edsticos do Rio, como o P\u00e3o de A\u00e7\u00facar. (Foto: Reprodu\u00e7\u00e3o, Andr\u00e9 Nazareth, CASACOR)<\/p>\n<p><img loading=\"lazy\" decoding=\"async\" width=\"1200\" height=\"675\" data-id=\"7744407\" src=\"https:\/\/www.europesays.com\/pt\/wp-content\/uploads\/2025\/12\/1766799135_4_como-e-a-casa-de-clara-moneke-a-leo-de-dona-de-mim-14.jpg\" alt=\"como \u00e9 a casa de clara moneke a leo de dona de mim\" class=\"wp-image-7744407\"  \/><\/p>\n<p>Detalhes da decora\u00e7\u00e3o. (Foto: Reprodu\u00e7\u00e3o, Andr\u00e9 Nazareth, CASACOR)<\/p>\n<p><img loading=\"lazy\" decoding=\"async\" width=\"1200\" height=\"675\" data-id=\"7744408\" src=\"https:\/\/www.europesays.com\/pt\/wp-content\/uploads\/2025\/12\/como-e-a-casa-de-clara-moneke-a-leo-de-dona-de-mim-15.jpg\" alt=\"\" class=\"wp-image-7744408\"  \/><\/p>\n<p>M\u00e1scaras de madeira na parede remetem \u00e0 ancestralidade. (Foto: Reprodu\u00e7\u00e3o, Andr\u00e9 Nazareth, CASACOR)<\/p>\n<p><img loading=\"lazy\" decoding=\"async\" width=\"1200\" height=\"675\" data-id=\"7744410\" src=\"https:\/\/www.europesays.com\/pt\/wp-content\/uploads\/2025\/12\/como-e-a-casa-de-clara-moneke-a-leo-de-dona-de-mim-16.jpg\" alt=\"como \u00e9 a casa de clara moneke a leo de dona de mim\" class=\"wp-image-7744410\"  \/><\/p>\n<p>Cores claras contrastam com alguns elementos coloridos. (Foto: Reprodu\u00e7\u00e3o, Andr\u00e9 Nazareth, CASACOR)<\/p>\n<p><img loading=\"lazy\" decoding=\"async\" width=\"1200\" height=\"675\" data-id=\"7744412\" src=\"https:\/\/www.europesays.com\/pt\/wp-content\/uploads\/2025\/12\/como-e-a-casa-de-clara-moneke-a-leo-de-dona-de-mim-17.jpg\" alt=\"\" class=\"wp-image-7744412\"  \/><\/p>\n<p>Decora\u00e7\u00e3o \u00e9 bem clean. (Foto: Reprodu\u00e7\u00e3o, Andr\u00e9 Nazareth, CASACOR)<\/p>\n<p><img loading=\"lazy\" decoding=\"async\" width=\"1200\" height=\"675\" data-id=\"7744413\" src=\"https:\/\/www.europesays.com\/pt\/wp-content\/uploads\/2025\/12\/1766799139_962_como-e-a-casa-de-clara-moneke-a-leo-de-dona-de-mim-18.jpg\" alt=\"como \u00e9 a casa de clara moneke a leo de dona de mim\" class=\"wp-image-7744413\"  \/><\/p>\n<p>Elementos pontuais e verde para combinar com a vista para a natureza. (Foto: Reprodu\u00e7\u00e3o, Andr\u00e9 Nazareth, CASACOR)<\/p>\n<p><img loading=\"lazy\" decoding=\"async\" width=\"1200\" height=\"675\" data-id=\"7744415\" src=\"https:\/\/www.europesays.com\/pt\/wp-content\/uploads\/2025\/12\/1766799140_392_como-e-a-casa-de-clara-moneke-a-leo-de-dona-de-mim-19.jpg\" alt=\"\" class=\"wp-image-7744415\"  \/><\/p>\n<p>Varanda tem vista para o Aterro e Praia do Flamengo. (Foto: Reprodu\u00e7\u00e3o, Andr\u00e9 Nazareth, CASACOR)<\/p>\n<p><img loading=\"lazy\" decoding=\"async\" width=\"1200\" height=\"675\" data-id=\"7744416\" src=\"https:\/\/www.europesays.com\/pt\/wp-content\/uploads\/2025\/12\/como-e-a-casa-de-clara-moneke-a-leo-de-dona-de-mim-20.jpg\" alt=\"como \u00e9 a casa de clara moneke a leo de dona de mim\" class=\"wp-image-7744416\"  \/><\/p>\n<p>Lavabo da casa de Clara Moneke. (Foto: Reprodu\u00e7\u00e3o, Andr\u00e9 Nazareth, CASACOR)<\/p>\n<p><img loading=\"lazy\" decoding=\"async\" width=\"1200\" height=\"675\" data-id=\"7744417\" src=\"https:\/\/www.europesays.com\/pt\/wp-content\/uploads\/2025\/12\/1766799142_910_como-e-a-casa-de-clara-moneke-a-leo-de-dona-de-mim-21.jpg\" alt=\"\" class=\"wp-image-7744417\"  \/><\/p>\n<p>Quarto da atriz. (Foto: Reprodu\u00e7\u00e3o, Andr\u00e9 Nazareth, CASACOR)<\/p>\n<p><img loading=\"lazy\" decoding=\"async\" width=\"1200\" height=\"675\" data-id=\"7744419\" src=\"https:\/\/www.europesays.com\/pt\/wp-content\/uploads\/2025\/12\/1766799143_951_como-e-a-casa-de-clara-moneke-a-leo-de-dona-de-mim-3.jpg\" alt=\"como \u00e9 a casa de clara moneke a leo de dona de mim\" class=\"wp-image-7744419\"  \/><\/p>\n<p>Quarto tamb\u00e9m ganhou cores claras. (Foto: Reprodu\u00e7\u00e3o, Andr\u00e9 Nazareth, CASACOR)<\/p>\n<p><img loading=\"lazy\" decoding=\"async\" width=\"1200\" height=\"675\" data-id=\"7744420\" src=\"https:\/\/www.europesays.com\/pt\/wp-content\/uploads\/2025\/12\/como-e-a-casa-de-clara-moneke-a-leo-de-dona-de-mim-4.jpg\" alt=\"\" class=\"wp-image-7744420\"  \/><\/p>\n<p>Sala do apartamento. (Foto: Reprodu\u00e7\u00e3o, Andr\u00e9 Nazareth, CASACOR)<\/p>\n<p><img loading=\"lazy\" decoding=\"async\" width=\"1200\" height=\"675\" data-id=\"7744421\" src=\"https:\/\/www.europesays.com\/pt\/wp-content\/uploads\/2025\/12\/como-e-a-casa-de-clara-moneke-a-leo-de-dona-de-mim-5.jpg\" alt=\"como \u00e9 a casa de clara moneke a leo de dona de mim\" class=\"wp-image-7744421\"  \/><\/p>\n<p>Laces e bolsas de Clara. (Foto: Reprodu\u00e7\u00e3o, Andr\u00e9 Nazareth, CASACOR)<\/p>\n<p><img loading=\"lazy\" decoding=\"async\" width=\"1200\" height=\"675\" data-id=\"7744422\" src=\"https:\/\/www.europesays.com\/pt\/wp-content\/uploads\/2025\/12\/como-e-a-casa-de-clara-moneke-a-leo-de-dona-de-mim-6.jpg\" alt=\"\" class=\"wp-image-7744422\"  \/><\/p>\n<p>Decora\u00e7\u00e3o tem tons terrosos pontuais. (Foto: Reprodu\u00e7\u00e3o, Andr\u00e9 Nazareth, CASACOR)<\/p>\n<p><img loading=\"lazy\" decoding=\"async\" width=\"1200\" height=\"675\" data-id=\"7744424\" src=\"https:\/\/www.europesays.com\/pt\/wp-content\/uploads\/2025\/12\/1766799149_868_como-e-a-casa-de-clara-moneke-a-leo-de-dona-de-mim-7.jpg\" alt=\"como \u00e9 a casa de clara moneke a leo de dona de mim\" class=\"wp-image-7744424\"  \/><\/p>\n<p>Atriz na varanda da casa. (Foto: Reprodu\u00e7\u00e3o, Andr\u00e9 Nazareth, CASACOR)<\/p>\n<p><img loading=\"lazy\" decoding=\"async\" width=\"1200\" height=\"675\" data-id=\"7744425\" src=\"https:\/\/www.europesays.com\/pt\/wp-content\/uploads\/2025\/12\/1766799150_115_como-e-a-casa-de-clara-moneke-a-leo-de-dona-de-mim-8.jpg\" alt=\"\" class=\"wp-image-7744425\"  \/><\/p>\n<p>Verde n\u00e3o falta. (Foto: Reprodu\u00e7\u00e3o, Andr\u00e9 Nazareth, CASACOR)<\/p>\n<p><img loading=\"lazy\" decoding=\"async\" width=\"1200\" height=\"675\" data-id=\"7744427\" src=\"https:\/\/www.europesays.com\/pt\/wp-content\/uploads\/2025\/12\/1766799150_162_como-e-a-casa-de-clara-moneke-a-leo-de-dona-de-mim-10.jpg\" alt=\"como \u00e9 a casa de clara moneke a leo de dona de mim\" class=\"wp-image-7744427\"  \/><\/p>\n<p>Toda decora\u00e7\u00e3o puxa para o minimalismo. (Foto: Reprodu\u00e7\u00e3o, Andr\u00e9 Nazareth, CASACOR)<\/p>\n<p><img loading=\"lazy\" decoding=\"async\" width=\"1200\" height=\"675\" data-id=\"7744429\" src=\"https:\/\/www.europesays.com\/pt\/wp-content\/uploads\/2025\/12\/como-e-a-casa-de-clara-moneke-a-leo-de-dona-de-mim-12.jpg\" alt=\"\" class=\"wp-image-7744429\"  \/><\/p>\n<p>Closet com bolsas e sapatos de Clara Moneke. (Foto: Reprodu\u00e7\u00e3o, Andr\u00e9 Nazareth, CASACOR)<\/p>\n","protected":false},"excerpt":{"rendered":"Leo descobre falsa gravidez de Ellen, mas a pilantra d\u00e1 a volta por cima. (Fotos: Reprodu\u00e7\u00e3o, TV Globo)&hellip;\n","protected":false},"author":2,"featured_media":204114,"comment_status":"","ping_status":"","sticky":false,"template":"","format":"standard","meta":{"footnotes":""},"categories":[142],"tags":[114,115,32,33,151,543],"class_list":{"0":"post-204113","1":"post","2":"type-post","3":"status-publish","4":"format-standard","5":"has-post-thumbnail","7":"category-tv","8":"tag-entertainment","9":"tag-entretenimento","10":"tag-portugal","11":"tag-pt","12":"tag-tv","13":"tag-ver-ouvir-ler"},"share_on_mastodon":{"url":"https:\/\/pubeurope.com\/@pt\/115788956241215379","error":""},"_links":{"self":[{"href":"https:\/\/www.europesays.com\/pt\/wp-json\/wp\/v2\/posts\/204113","targetHints":{"allow":["GET"]}}],"collection":[{"href":"https:\/\/www.europesays.com\/pt\/wp-json\/wp\/v2\/posts"}],"about":[{"href":"https:\/\/www.europesays.com\/pt\/wp-json\/wp\/v2\/types\/post"}],"author":[{"embeddable":true,"href":"https:\/\/www.europesays.com\/pt\/wp-json\/wp\/v2\/users\/2"}],"replies":[{"embeddable":true,"href":"https:\/\/www.europesays.com\/pt\/wp-json\/wp\/v2\/comments?post=204113"}],"version-history":[{"count":0,"href":"https:\/\/www.europesays.com\/pt\/wp-json\/wp\/v2\/posts\/204113\/revisions"}],"wp:featuredmedia":[{"embeddable":true,"href":"https:\/\/www.europesays.com\/pt\/wp-json\/wp\/v2\/media\/204114"}],"wp:attachment":[{"href":"https:\/\/www.europesays.com\/pt\/wp-json\/wp\/v2\/media?parent=204113"}],"wp:term":[{"taxonomy":"category","embeddable":true,"href":"https:\/\/www.europesays.com\/pt\/wp-json\/wp\/v2\/categories?post=204113"},{"taxonomy":"post_tag","embeddable":true,"href":"https:\/\/www.europesays.com\/pt\/wp-json\/wp\/v2\/tags?post=204113"}],"curies":[{"name":"wp","href":"https:\/\/api.w.org\/{rel}","templated":true}]}}