{"id":204128,"date":"2025-12-27T01:44:14","date_gmt":"2025-12-27T01:44:14","guid":{"rendered":"https:\/\/www.europesays.com\/pt\/204128\/"},"modified":"2025-12-27T01:44:14","modified_gmt":"2025-12-27T01:44:14","slug":"virginia-fonseca-curte-momento-de-lazer-com-os-filhos-na-bahia-veja","status":"publish","type":"post","link":"https:\/\/www.europesays.com\/pt\/204128\/","title":{"rendered":"Virginia Fonseca curte momento de lazer com os filhos na Bahia; veja"},"content":{"rendered":"<p><strong><a href=\"https:\/\/caras.com.br\/tags\/virginia-fonseca_1\" target=\"_blank\" rel=\"noopener nofollow\">Virginia Fonseca<\/a>\u00a0<\/strong>encantou os seguidores das redes sociais na tarde desta sexta-feira, 26, ao compartilhar alguns registros de um momento de lazer.<\/p>\n<p>A influenciadora digital e apresentadora est\u00e1 em Trancoso, na Bahia, com os tr\u00eas filhos, <strong>Maria Alice<\/strong>, <strong>Maria Flor<\/strong> e <strong>Jos\u00e9 Leonardo<\/strong>, al\u00e9m do namorado, o jogador\u00a0<strong>Vini Jr.<\/strong>, e outros familiares e amigos. Para aproveitar o dia ensolarado, ela se divertiu na piscina com as meninas e mostrou o ca\u00e7ula se divertindo com uma bola.<\/p>\n<p>Antes da viagem, as crian\u00e7as estavam com Z\u00e9 Felipe, em Goi\u00e2nia, onde celebraram o Natal com a fam\u00edlia paterna e a nova namorada do cantor, a cantora <strong>Ana Castela<\/strong>. Ao dividir os registros, Virginia celebrou a chegada dos herdeiros. \u201cEles chegaram\u201d, escreveu a famosa na legenda da publica\u00e7\u00e3o.<\/p>\n<p>Mais cedo, <a href=\"https:\/\/caras.com.br\/atualidades\/virginia-posta-fotos-combinando-look-com-vini-jr-durante-viagem-em-trancoso.phtml\" target=\"_blank\" rel=\"noopener nofollow\">Virginia postou algumas fotos com o namorado, Vini Jr<\/a>. Para aproveitarem o dia de sol, o casal surgiu usando roupas de banho combinando, com a mesma estampa em branco e azul. \u201cSexta dif\u00edcil por c\u00e1\u201d, brincou a loira na legenda da publica\u00e7\u00e3o.<\/p>\n<p><strong>Confira:<\/strong><\/p>\n<blockquote class=\"instagram-media\" style=\"background: #FFF; border: 0; border-radius: 3px; box-shadow: 0 0 1px 0 rgba(0,0,0,0.5),0 1px 10px 0 rgba(0,0,0,0.15); margin: 1px; max-width: 540px; min-width: 326px; padding: 0; width: calc(100% - 2px);\" data-instgrm-permalink=\"https:\/\/www.instagram.com\/p\/DSvJy92jvjY\/?utm_source=ig_embed&amp;utm_campaign=loading\" data-instgrm-version=\"14\"><\/blockquote>\n<p>Na \u00faltima quarta-feira, 24, Virginia Fonseca chamou a aten\u00e7\u00e3o dos seguidores das redes sociais ao surgir usando um acess\u00f3rio em homenagem aos seus tr\u00eas filhos.\u00a0Nos Stories, a influenciadora digital e a apresentadora do SBT surgiu com um colocar prata com as letras M J M, iniciais de Maria Alice, Maria Flor e Jos\u00e9 Leonardo, seus herdeiros com o cantor Z\u00e9 Felipe, de quem se separou em maio deste ano. Ao dividir o clique do acess\u00f3rio, Virginia apenas colocou tr\u00eas emojis de cora\u00e7\u00e3o, e n\u00e3o revelou se ela que mandou fazer a pe\u00e7a ou se ganhou de algum amigo, familiar ou at\u00e9 mesmo do namorado, o jogador Vini Jr. <a href=\"https:\/\/caras.com.br\/atualidades\/virginia-fonseca-chama-a-atencao-ao-usar-colar-em-homenagem-aos-filhos-veja.phtml\" target=\"_blank\" rel=\"noopener nofollow\"><strong>Veja!<\/strong><\/a><\/p>\n<p><strong>Leia tamb\u00e9m:<\/strong> <a href=\"https:\/\/caras.com.br\/fashion\/virginia-e-ana-castela-usam-a-mesma-calca-no-fim-do-ano-saiba-qual-e-o-preco-da-peca.phtml\" target=\"_blank\" rel=\"noopener nofollow\">Virginia e Ana Castela usam a mesma cal\u00e7a no fim do ano; saiba qual \u00e9 o pre\u00e7o da pe\u00e7a<\/a><\/p>\n<p>        <a href=\"https:\/\/caras.com.br\/autor\/daniela-santos\" rel=\"nofollow noopener\" target=\"_blank\">&#13;<br \/>\n          <img loading=\"lazy\" decoding=\"async\" alt=\"Daniela Santos\" src=\"https:\/\/www.europesays.com\/pt\/wp-content\/uploads\/2025\/09\/1758949148_187_daniela-santos_sqmd.jpg\" class=\"avatar avatar-115 photo rounded-circle\" height=\"115\" width=\"115\"\/>        <\/a><\/p>\n<p><b>Daniela Santos<\/b> \u00e9 rep\u00f3rter do site CARAS. Formada em jornalismo pela FIAM FAAM, atua na \u00e1rea de celebridades e TV desde 2018<\/p>\n<p>\t                                            <script async src=\"\/\/www.instagram.com\/embed.js\"><\/script><\/p>\n","protected":false},"excerpt":{"rendered":"Virginia Fonseca\u00a0encantou os seguidores das redes sociais na tarde desta sexta-feira, 26, ao compartilhar alguns registros de um&hellip;\n","protected":false},"author":2,"featured_media":204129,"comment_status":"","ping_status":"","sticky":false,"template":"","format":"standard","meta":{"footnotes":""},"categories":[145],"tags":[815,211,210,114,115,1870,32,33,18630,814,1446],"class_list":{"0":"post-204128","1":"post","2":"type-post","3":"status-publish","4":"format-standard","5":"has-post-thumbnail","7":"category-celebridades","8":"tag-bahia","9":"tag-celebridades","10":"tag-celebrities","11":"tag-entertainment","12":"tag-entretenimento","13":"tag-filhos","14":"tag-portugal","15":"tag-pt","16":"tag-trancoso","17":"tag-viagem","18":"tag-virginia-fonseca"},"share_on_mastodon":{"url":"https:\/\/pubeurope.com\/@pt\/115789002423498659","error":""},"_links":{"self":[{"href":"https:\/\/www.europesays.com\/pt\/wp-json\/wp\/v2\/posts\/204128","targetHints":{"allow":["GET"]}}],"collection":[{"href":"https:\/\/www.europesays.com\/pt\/wp-json\/wp\/v2\/posts"}],"about":[{"href":"https:\/\/www.europesays.com\/pt\/wp-json\/wp\/v2\/types\/post"}],"author":[{"embeddable":true,"href":"https:\/\/www.europesays.com\/pt\/wp-json\/wp\/v2\/users\/2"}],"replies":[{"embeddable":true,"href":"https:\/\/www.europesays.com\/pt\/wp-json\/wp\/v2\/comments?post=204128"}],"version-history":[{"count":0,"href":"https:\/\/www.europesays.com\/pt\/wp-json\/wp\/v2\/posts\/204128\/revisions"}],"wp:featuredmedia":[{"embeddable":true,"href":"https:\/\/www.europesays.com\/pt\/wp-json\/wp\/v2\/media\/204129"}],"wp:attachment":[{"href":"https:\/\/www.europesays.com\/pt\/wp-json\/wp\/v2\/media?parent=204128"}],"wp:term":[{"taxonomy":"category","embeddable":true,"href":"https:\/\/www.europesays.com\/pt\/wp-json\/wp\/v2\/categories?post=204128"},{"taxonomy":"post_tag","embeddable":true,"href":"https:\/\/www.europesays.com\/pt\/wp-json\/wp\/v2\/tags?post=204128"}],"curies":[{"name":"wp","href":"https:\/\/api.w.org\/{rel}","templated":true}]}}