{"id":204134,"date":"2025-12-27T01:49:11","date_gmt":"2025-12-27T01:49:11","guid":{"rendered":"https:\/\/www.europesays.com\/pt\/204134\/"},"modified":"2025-12-27T01:49:11","modified_gmt":"2025-12-27T01:49:11","slug":"vingadores-guerras-secretas-trara-tobey-maguire-e-hugh-jackman-em-papeis-importantes-diz-rumor","status":"publish","type":"post","link":"https:\/\/www.europesays.com\/pt\/204134\/","title":{"rendered":"Vingadores: Guerras Secretas trar\u00e1 Tobey Maguire e Hugh Jackman em pap\u00e9is importantes, diz rumor"},"content":{"rendered":"<p class=\"wp-block-yoast-seo-estimated-reading-time yoast-reading-time__wrapper\">Estimated reading time: 2 minutos<\/p>\n<p>Sabemos que <a href=\"https:\/\/ovicio.com.br\/filme\/vingadores-guerras-secretas\/\" target=\"_blank\" rel=\"noreferrer noopener nofollow\">Vingadores: Guerras Secretas<\/a> est\u00e1 sendo planejado como a conclus\u00e3o da <strong>Saga do Multiverso<\/strong>, e assim como seu antecessor, <strong>Vingadores: Doutor Destino<\/strong>, a <strong>Marvel Studios<\/strong> planeja trazer participa\u00e7\u00f5es de atores de diferentes \u00e9pocas.<\/p>\n<p>De acordo com <strong>Daniel Ritchman<\/strong>, quatro nomes espec\u00edficos ter\u00e3o pap\u00e9is importantes na trama:<\/p>\n<ul class=\"wp-block-list\">\n<li>Tom Holland (Homem-Aranha)<\/li>\n<li>Tobey Maguire (Homem-Aranha Cl\u00e1ssico)<\/li>\n<li>Ryan Reynolds (Deadpool)<\/li>\n<li>Hugh Jackman (Wolverine)<\/li>\n<\/ul>\n<p>Obviamente, a presen\u00e7a de Maguire \u00e9 a mais surpreendente. O ator retornou em <strong>Sem Volta Para Casa<\/strong>, e aparentemente sua jornada ainda n\u00e3o terminou.<\/p>\n<p>Mas, \u00e9 melhor continuar tratando como rumor.<\/p>\n<p>As filmagens come\u00e7ar\u00e3o no ver\u00e3o norte-americano do pr\u00f3ximo ano (entre junho e setembro).<\/p>\n<p>Leia mais sobre Vingadores:<\/p>\n<p>Dirigido pelos\u00a0<strong>Irm\u00e3os Russo<\/strong>, <strong>Vingadores: Guerras Secretas<\/strong>\u00a0tem estreia agendada para 17 de dezembro de 2026.<\/p>\n<p>Espera-se que sirva como adapta\u00e7\u00e3o do mega evento em quadrinhos de mesmo nome, possivelmente na vers\u00e3o de 2015 pelo autor <strong>Jonathan Hickman<\/strong>.<\/p>\n<p>Nele, ap\u00f3s uma s\u00e9rie de <strong>Incurs\u00f5es<\/strong> \u2014 colis\u00f5es entre universos paralelos que levam \u00e0 destrui\u00e7\u00e3o m\u00fatua das realidades \u2014, o Multiverso entra em colapso. No momento final, resta apenas um fragmento da exist\u00eancia, que \u00e9 moldado em um novo mundo conhecido como <strong>Mundo B\u00e9lico<\/strong>.<\/p>\n<p>No centro de tudo est\u00e1 Doutor Destino, que, ap\u00f3s roubar o poder dos Beyonders, se torna o Deus Imperador Destino, governando o Mundo B\u00e9lico ao lado de Doutor Estranho, agora seu xerife, e Sue Storm, sua consorte.<\/p>\n<p><strong>Fonte<\/strong>: <a href=\"https:\/\/x.com\/cosmic_marvel\/status\/2004697712177086762\" target=\"_blank\" rel=\"noreferrer noopener nofollow\">X<\/a><\/p>\n","protected":false},"excerpt":{"rendered":"Estimated reading time: 2 minutos Sabemos que Vingadores: Guerras Secretas est\u00e1 sendo planejado como a conclus\u00e3o da Saga&hellip;\n","protected":false},"author":2,"featured_media":204135,"comment_status":"","ping_status":"","sticky":false,"template":"","format":"standard","meta":{"footnotes":""},"categories":[140],"tags":[114,115,147,148,5814,792,12733,146,32,33,16368],"class_list":{"0":"post-204134","1":"post","2":"type-post","3":"status-publish","4":"format-standard","5":"has-post-thumbnail","7":"category-filmes","8":"tag-entertainment","9":"tag-entretenimento","10":"tag-film","11":"tag-filmes","12":"tag-homem-aranha","13":"tag-marvel","14":"tag-marvel-studios","15":"tag-movies","16":"tag-portugal","17":"tag-pt","18":"tag-vingadores-guerras-secretas"},"share_on_mastodon":{"url":"https:\/\/pubeurope.com\/@pt\/115789022121397122","error":""},"_links":{"self":[{"href":"https:\/\/www.europesays.com\/pt\/wp-json\/wp\/v2\/posts\/204134","targetHints":{"allow":["GET"]}}],"collection":[{"href":"https:\/\/www.europesays.com\/pt\/wp-json\/wp\/v2\/posts"}],"about":[{"href":"https:\/\/www.europesays.com\/pt\/wp-json\/wp\/v2\/types\/post"}],"author":[{"embeddable":true,"href":"https:\/\/www.europesays.com\/pt\/wp-json\/wp\/v2\/users\/2"}],"replies":[{"embeddable":true,"href":"https:\/\/www.europesays.com\/pt\/wp-json\/wp\/v2\/comments?post=204134"}],"version-history":[{"count":0,"href":"https:\/\/www.europesays.com\/pt\/wp-json\/wp\/v2\/posts\/204134\/revisions"}],"wp:featuredmedia":[{"embeddable":true,"href":"https:\/\/www.europesays.com\/pt\/wp-json\/wp\/v2\/media\/204135"}],"wp:attachment":[{"href":"https:\/\/www.europesays.com\/pt\/wp-json\/wp\/v2\/media?parent=204134"}],"wp:term":[{"taxonomy":"category","embeddable":true,"href":"https:\/\/www.europesays.com\/pt\/wp-json\/wp\/v2\/categories?post=204134"},{"taxonomy":"post_tag","embeddable":true,"href":"https:\/\/www.europesays.com\/pt\/wp-json\/wp\/v2\/tags?post=204134"}],"curies":[{"name":"wp","href":"https:\/\/api.w.org\/{rel}","templated":true}]}}