{"id":204158,"date":"2025-12-27T02:16:10","date_gmt":"2025-12-27T02:16:10","guid":{"rendered":"https:\/\/www.europesays.com\/pt\/204158\/"},"modified":"2025-12-27T02:16:10","modified_gmt":"2025-12-27T02:16:10","slug":"terra-forte-maria-de-fatima-assume-a-sammy-tenho-contas-para-acertar-com-ela-tvi","status":"publish","type":"post","link":"https:\/\/www.europesays.com\/pt\/204158\/","title":{"rendered":"Terra Forte- Maria de F\u00e1tima assume a Sammy: \u00abTenho contas para acertar com ela\u00bb &#8211; TVI"},"content":{"rendered":"<ol>\n<li><a href=\"https:\/\/news.google.com\/rss\/articles\/CBMi0AFBVV95cUxOTDVwRkxwQmlfN0oxQ1pVbmp4T0F0Q0hpT0hqUVV4ZjZDbnFEWVFabFR4MHQtcmU4VHpQempLYm9VWWF2Qk1GTkpwdUdlT0ZyZG94anRER0E3TC01RkNjcUVPSjRUanIwdW5ENS04NW51NVliblZlck1KYV8zRWh0MW8xTUc1eXhoeVpsclVjS0hmUnZ0S0hvakJ2R01Vc1RPVkwxZGtGTlB5Z0JoLWswVVFCVEZsRW9fS2dIcm1MaVpKWTQ1bkdfelgtbFlEUTR3?oc=5\" target=\"_blank\" rel=\"nofollow noopener\">Terra Forte- Maria de F\u00e1tima assume a Sammy: \u00abTenho contas para acertar com ela\u00bb<\/a>&nbsp;&nbsp;TVI<\/li>\n<li><a href=\"https:\/\/news.google.com\/rss\/articles\/CBMirwFBVV95cUxOWmEyVFk1QkRja1Nzc1hOYW10cElvdlFsV25DZzN5YVlUcF82Q2Zza1ExeHNzNmp2bUFqYVFqRGpaQktyY25mc3RGOEp6X2FOaEFlNHhQcUdzSzl1eEtkMzZhS1hqeENSMGZraWc5bzlTVnJpeTRKcDBFRzJJZnhncXlrLUVzN3A2Ykx5NU1OUzlYdHRUQkJFM21PYnJGOVZNekhYTTNuWU0yaVkyNm5n?oc=5\" target=\"_blank\" rel=\"nofollow noopener\">Terra Forte: As t\u00e3o esperadas not\u00edcias sobre a sa\u00fade de Flor<\/a>&nbsp;&nbsp;TVI<\/li>\n<li><a href=\"https:\/\/news.google.com\/rss\/articles\/CBMi3gFBVV95cUxPUDB1MG5LX3FLekRmbVB1VElyOWFiUFkxTU82ODNPOHRiTEZodWc4UXdNMGxwVHpFTlpCNEZuU3lVZjNYVzlnSFk5MFN6Rm04MDljQVQ1ZGpRbk9rR0pPRkFDWURGTFlLZWFzVXJNWVMwOEhNVWdJZ3phd0xEUXljelZoOHRKQktDQ3FLUFNhMlhqamYxa0V3cE0zVFFLcDRsX1JiZlB4MDZVd3RpMnBaOFJwZFVib2FfNE1NYjlKYVdZWEtoZ1JyazIwUF9rMl9WaG1USnpxMlhTRWpQZmc?oc=5\" target=\"_blank\" rel=\"nofollow noopener\">Vem a\u00ed em \u00abTerra Forte\u00bb: Reviravolta! Maria de F\u00e1tima tenta ficar a s\u00f3s com Flor e tudo muda<\/a>&nbsp;&nbsp;TVI<\/li>\n<li><a href=\"https:\/\/news.google.com\/rss\/articles\/CBMiygFBVV95cUxOcnhyYmk5MnE1bDFpOFA4WlRiczZNU2l5bjJWcTg5M04zanlUNUg1NUpMQTlKUUFKQ0tsa2xlRmhEejBjRk5NaXByTjc4VVZMdm9ZcHVmRjg2Zlpyajd1NnQ5SEtORHVWMDBjTFQ4aWdseXdNNEFYNmZ1WWFNSGt6TXJYbmNYX0Mzbk9KLTFrZGdGZkRoaV8yWVo1dW9OeF9TbkRHbVpoTFlKM3RLZWUyRHowQ3IweFdFYTRWb0Z6R2l1WWRReG1qV253?oc=5\" target=\"_blank\" rel=\"nofollow noopener\">Terra Forte- O momento que ningu\u00e9m esperava: Flor acorda do coma induzido<\/a>&nbsp;&nbsp;TVI<\/li>\n<li><a href=\"https:\/\/news.google.com\/rss\/articles\/CBMi5AFBVV95cUxQWTMyN091MHFZRzlLRmVJRjdHN0lubWRxaGpsUWF2RkVqbTl0My1oeUxJTlJwNEU0TU16WnNsbVdrU3JudjlzZ1k5VUZOQXROYzdFMGk3QlpkRWxja2l3bjc1Q3VZR3JLN3h1RVFyVHZkTWVINGNLUFlCMDIzYmRuSGZGYWRFLVMwb2RQZ183X1FRWHhnRFRIT1liczBhS3J6a00wN29NeXM4cmhKaFlBNGYwVFZ5T2VvR2k5SDl6OGRZNzJYQ3NBVktLbi1XWFVUblFzbE9XZmIwZ2pVSFJWRV9SS2w?oc=5\" target=\"_blank\" rel=\"nofollow noopener\">Vem a\u00ed em \u00abTerra Forte\u00bb: Com Flor no hospital, Maria de F\u00e1tima assume ter contas para ajustar com ela<\/a>&nbsp;&nbsp;TVI<\/li>\n<\/ol>\n","protected":false},"excerpt":{"rendered":"Terra Forte- Maria de F\u00e1tima assume a Sammy: \u00abTenho contas para acertar com ela\u00bb&nbsp;&nbsp;TVI Terra Forte: As t\u00e3o&hellip;\n","protected":false},"author":2,"featured_media":204159,"comment_status":"","ping_status":"","sticky":false,"template":"","format":"standard","meta":{"footnotes":""},"categories":[142],"tags":[160,166,114,115,157,167,164,2931,161,158,165,159,32,33,156,18614,163,151,162],"class_list":{"0":"post-204158","1":"post","2":"type-post","3":"status-publish","4":"format-standard","5":"has-post-thumbnail","7":"category-tv","8":"tag-ana-guiomar","9":"tag-cristina-ferreira","10":"tag-entertainment","11":"tag-entretenimento","12":"tag-festa-e-festa","13":"tag-ficcao","14":"tag-jose-fidalgo","15":"tag-novela","16":"tag-novelas","17":"tag-para-sempre","18":"tag-pedro-sousa","19":"tag-pedro-teixeira","20":"tag-portugal","21":"tag-pt","22":"tag-queridos-papas","23":"tag-terra-forte","24":"tag-tiago-teotonio-pereira","25":"tag-tv","26":"tag-tvi"},"share_on_mastodon":{"url":"https:\/\/pubeurope.com\/@pt\/115789128193283791","error":""},"_links":{"self":[{"href":"https:\/\/www.europesays.com\/pt\/wp-json\/wp\/v2\/posts\/204158","targetHints":{"allow":["GET"]}}],"collection":[{"href":"https:\/\/www.europesays.com\/pt\/wp-json\/wp\/v2\/posts"}],"about":[{"href":"https:\/\/www.europesays.com\/pt\/wp-json\/wp\/v2\/types\/post"}],"author":[{"embeddable":true,"href":"https:\/\/www.europesays.com\/pt\/wp-json\/wp\/v2\/users\/2"}],"replies":[{"embeddable":true,"href":"https:\/\/www.europesays.com\/pt\/wp-json\/wp\/v2\/comments?post=204158"}],"version-history":[{"count":0,"href":"https:\/\/www.europesays.com\/pt\/wp-json\/wp\/v2\/posts\/204158\/revisions"}],"wp:featuredmedia":[{"embeddable":true,"href":"https:\/\/www.europesays.com\/pt\/wp-json\/wp\/v2\/media\/204159"}],"wp:attachment":[{"href":"https:\/\/www.europesays.com\/pt\/wp-json\/wp\/v2\/media?parent=204158"}],"wp:term":[{"taxonomy":"category","embeddable":true,"href":"https:\/\/www.europesays.com\/pt\/wp-json\/wp\/v2\/categories?post=204158"},{"taxonomy":"post_tag","embeddable":true,"href":"https:\/\/www.europesays.com\/pt\/wp-json\/wp\/v2\/tags?post=204158"}],"curies":[{"name":"wp","href":"https:\/\/api.w.org\/{rel}","templated":true}]}}