{"id":204164,"date":"2025-12-27T02:31:13","date_gmt":"2025-12-27T02:31:13","guid":{"rendered":"https:\/\/www.europesays.com\/pt\/204164\/"},"modified":"2025-12-27T02:31:13","modified_gmt":"2025-12-27T02:31:13","slug":"nufla-apanha-todos-de-surpresa-ao-anunciar-nascimento-de-bebe-e-mostra-foto-na-maternidade-secret-story","status":"publish","type":"post","link":"https:\/\/www.europesays.com\/pt\/204164\/","title":{"rendered":"Nufla apanha todos de surpresa ao anunciar nascimento de beb\u00e9: e mostra foto na maternidade &#8211; Secret Story"},"content":{"rendered":"<p>\n                    Nufla n\u00e3o podia estar mais feliz e surpreendeu os f\u00e3s ao anunciar novidade amorosa. Veja tudo.\n                <\/p>\n<p><strong>Nufla est\u00e1 radiante<\/strong>! J\u00e1 nasceu a segunda filha da sua melhor amiga e a <a href=\"https:\/\/tvi.iol.pt\/secretstory\/nufla\/secret-story\/flavia-nufla-mais-feliz-que-nunca-e-em-companhia-especial-que-orgulho-aqui-estamos-nos\" rel=\"nofollow noopener\" target=\"_blank\">ex-concorrente do <strong>Secret Story <\/strong><\/a>assinalou o momento nas redes sociais, com uma partilha muito emotiva.\u00a0<\/p>\n<p>\u00abDia 22-12-2025, o mundo parou por um instante para receber a nossa<strong> Bianca Azevedo Pereira.<\/strong>\ud83d\udc23\u2728\ud83e\udd0d<strong> Um nascimento cheio de amor e for\u00e7a<\/strong>. Foste uma verdadeira guerreira, como sempre mana \ud83e\udd0d Mostraste, mais uma vez, que o amor de m\u00e3e \u00e9 a maior forma de coragem\u00bb, <a href=\"https:\/\/tvi.iol.pt\/secretstory\/video\/nem-amor-nem-amizade-flavia-monteiro-nufla-afirma-querer-ruben-silvestre-longe\/67d955930cf28cf88767d62f\" rel=\"nofollow noopener\" target=\"_blank\">come\u00e7ou por escrever Fl\u00e1via<\/a>, na legenda da partilha em que mostra a amiga na sala de parto, com a beb\u00e9 rec\u00e9m-nascida ao colo.\u00a0<\/p>\n<p>E prosseguiu: \u00abAinda me lembro que em 2019, sem sabermos, tinha come\u00e7ado tudo. <strong>Uma amizade simples mas que se tornou profunda, bonita e absurdamente verdadeira.<\/strong> Nunca imagin\u00e1mos o quanto ir\u00edamos crescer juntas, o quanto ir\u00edamos ser casa uma para a outra.\u00bb<\/p>\n<p>\u00abFoste pilar ao longo de todos estes anos. Mesmo existindo a dist\u00e2ncia sempre tiveste presente nos dias felizes e nos dias mais dif\u00edceis.<strong> Sempre com o cora\u00e7\u00e3o aberto e o abra\u00e7o certo<\/strong>\u00bb, adiantou ainda.<\/p>\n<p><a href=\"https:\/\/tvi.iol.pt\/secretstory\/fotos\/de-secret-story-a-musica-o-percurso-marcante-de-nufla-a-mulher-que-conquistou-o-publico-com-a-alma\/686e480ed34e3f0baea04c59\" rel=\"nofollow noopener\" target=\"_blank\">Esta amiga de Nufla \u00e9 tamb\u00e9m m\u00e3e de Mia,<\/a> a afilhada da artista.\u00a0 \u00ab<strong>Deste-me um dos maiores presentes quando me escolheste para madrinha da Mia <\/strong>\ud83e\udd0d Um amor eterno, um la\u00e7o que levo comigo para sempre, com um orgulho imenso. Sou profundamente grata por fazeres parte do meu caminho, da minha hist\u00f3ria e da mulher que sou hoje. A nossa amizade n\u00e3o foi acaso \u2014 foi encontro de almas, foi destino\u00bb, confidenciou.\u00a0<\/p>\n<p>E findou: \u00ab<strong>Amo-te. Amo a Mia. E amo agora tamb\u00e9m a Bianca, que chegou para tornar o nosso mundo ainda mais bonito<\/strong> \ud83e\udd0d\u2728 Vos amo chuchuquinhas \ud83e\udd0d\u00bb<\/p>\n<p><strong>Percorra a nossa galeria e veja as fotografias amorosas que Nufla partilhou<\/strong><br \/>\u00a0<\/p>\n<blockquote class=\"instagram-media\" data-instgrm-captioned=\"\" data-instgrm-permalink=\"https:\/\/www.instagram.com\/p\/DSp1K1FDRl4\/?utm_source=ig_embed&amp;utm_campaign=loading\" data-instgrm-version=\"14\" style=\" background:#FFF; border:0; border-radius:3px; box-shadow:0 0 1px 0 rgba(0,0,0,0.5),0 1px 10px 0 rgba(0,0,0,0.15); margin: 1px; max-width:540px; min-width:326px; padding:0; width:99.375%; width:-webkit-calc(100% - 2px); width:calc(100% - 2px);\">\n<\/blockquote>\n<p>                    <script async src=\"\/\/www.instagram.com\/embed.js\"><\/script><\/p>\n","protected":false},"excerpt":{"rendered":"Nufla n\u00e3o podia estar mais feliz e surpreendeu os f\u00e3s ao anunciar novidade amorosa. Veja tudo. Nufla est\u00e1&hellip;\n","protected":false},"author":2,"featured_media":204165,"comment_status":"","ping_status":"","sticky":false,"template":"","format":"standard","meta":{"footnotes":""},"categories":[142],"tags":[18706,2557,114,115,18705,4313,40455,32,33,151,18704],"class_list":{"0":"post-204164","1":"post","2":"type-post","3":"status-publish","4":"format-standard","5":"has-post-thumbnail","7":"category-tv","8":"tag-bastidores-secret-story","9":"tag-bebe","10":"tag-entertainment","11":"tag-entretenimento","12":"tag-entrevistas-concorrentes-tvi","13":"tag-flavia","14":"tag-nufla","15":"tag-portugal","16":"tag-pt","17":"tag-tv","18":"tag-vida-fora-da-casa"},"share_on_mastodon":{"url":"https:\/\/pubeurope.com\/@pt\/115789187229666059","error":""},"_links":{"self":[{"href":"https:\/\/www.europesays.com\/pt\/wp-json\/wp\/v2\/posts\/204164","targetHints":{"allow":["GET"]}}],"collection":[{"href":"https:\/\/www.europesays.com\/pt\/wp-json\/wp\/v2\/posts"}],"about":[{"href":"https:\/\/www.europesays.com\/pt\/wp-json\/wp\/v2\/types\/post"}],"author":[{"embeddable":true,"href":"https:\/\/www.europesays.com\/pt\/wp-json\/wp\/v2\/users\/2"}],"replies":[{"embeddable":true,"href":"https:\/\/www.europesays.com\/pt\/wp-json\/wp\/v2\/comments?post=204164"}],"version-history":[{"count":0,"href":"https:\/\/www.europesays.com\/pt\/wp-json\/wp\/v2\/posts\/204164\/revisions"}],"wp:featuredmedia":[{"embeddable":true,"href":"https:\/\/www.europesays.com\/pt\/wp-json\/wp\/v2\/media\/204165"}],"wp:attachment":[{"href":"https:\/\/www.europesays.com\/pt\/wp-json\/wp\/v2\/media?parent=204164"}],"wp:term":[{"taxonomy":"category","embeddable":true,"href":"https:\/\/www.europesays.com\/pt\/wp-json\/wp\/v2\/categories?post=204164"},{"taxonomy":"post_tag","embeddable":true,"href":"https:\/\/www.europesays.com\/pt\/wp-json\/wp\/v2\/tags?post=204164"}],"curies":[{"name":"wp","href":"https:\/\/api.w.org\/{rel}","templated":true}]}}