{"id":204172,"date":"2025-12-27T02:45:10","date_gmt":"2025-12-27T02:45:10","guid":{"rendered":"https:\/\/www.europesays.com\/pt\/204172\/"},"modified":"2025-12-27T02:45:10","modified_gmt":"2025-12-27T02:45:10","slug":"terra-forte-maria-de-fatima-prepara-se-para-fazer-o-impensavel-quando-percebe-que-flor-esta-acordada-novelas","status":"publish","type":"post","link":"https:\/\/www.europesays.com\/pt\/204172\/","title":{"rendered":"Terra Forte: Maria de F\u00e1tima prepara-se para fazer o impens\u00e1vel, quando percebe que Flor est\u00e1 acordada &#8211; Novelas"},"content":{"rendered":"<p>\t\t\t\t<a target=\"_blank\" href=\"https:\/\/tvipass.iol.pt\/passatempo\/meio-milhao-de-euros-em-cartao-500-000\/019acbff-a4b2-7690-80c9-51ce062e6359\" rel=\"nofollow noopener\"><\/p>\n<p>Ganhe MEIO MILH\u00c3O de euros em cart\u00e3o!<\/p>\n<p>Participe na APP<\/p>\n<p>\t\t          <\/a><\/p>\n<p>Em \u00abTerra Forte\u00bb, Maria de F\u00e1tima (Rita Pereira) d\u00e1 dinheiro \u00e0 enfermeira para a deixar a s\u00f3s com Flor (Benedita Pereira), esbo\u00e7ando ar maligno. Fica surpresa ao a ver acordada a sorrir-lhe.<\/p>\n","protected":false},"excerpt":{"rendered":"Ganhe MEIO MILH\u00c3O de euros em cart\u00e3o! Participe na APP Em \u00abTerra Forte\u00bb, Maria de F\u00e1tima (Rita Pereira)&hellip;\n","protected":false},"author":2,"featured_media":204173,"comment_status":"","ping_status":"","sticky":false,"template":"","format":"standard","meta":{"footnotes":""},"categories":[142],"tags":[160,166,114,115,157,167,164,2931,161,158,165,159,32,33,156,18614,163,151,162],"class_list":{"0":"post-204172","1":"post","2":"type-post","3":"status-publish","4":"format-standard","5":"has-post-thumbnail","7":"category-tv","8":"tag-ana-guiomar","9":"tag-cristina-ferreira","10":"tag-entertainment","11":"tag-entretenimento","12":"tag-festa-e-festa","13":"tag-ficcao","14":"tag-jose-fidalgo","15":"tag-novela","16":"tag-novelas","17":"tag-para-sempre","18":"tag-pedro-sousa","19":"tag-pedro-teixeira","20":"tag-portugal","21":"tag-pt","22":"tag-queridos-papas","23":"tag-terra-forte","24":"tag-tiago-teotonio-pereira","25":"tag-tv","26":"tag-tvi"},"share_on_mastodon":{"url":"https:\/\/pubeurope.com\/@pt\/115789242252343626","error":""},"_links":{"self":[{"href":"https:\/\/www.europesays.com\/pt\/wp-json\/wp\/v2\/posts\/204172","targetHints":{"allow":["GET"]}}],"collection":[{"href":"https:\/\/www.europesays.com\/pt\/wp-json\/wp\/v2\/posts"}],"about":[{"href":"https:\/\/www.europesays.com\/pt\/wp-json\/wp\/v2\/types\/post"}],"author":[{"embeddable":true,"href":"https:\/\/www.europesays.com\/pt\/wp-json\/wp\/v2\/users\/2"}],"replies":[{"embeddable":true,"href":"https:\/\/www.europesays.com\/pt\/wp-json\/wp\/v2\/comments?post=204172"}],"version-history":[{"count":0,"href":"https:\/\/www.europesays.com\/pt\/wp-json\/wp\/v2\/posts\/204172\/revisions"}],"wp:featuredmedia":[{"embeddable":true,"href":"https:\/\/www.europesays.com\/pt\/wp-json\/wp\/v2\/media\/204173"}],"wp:attachment":[{"href":"https:\/\/www.europesays.com\/pt\/wp-json\/wp\/v2\/media?parent=204172"}],"wp:term":[{"taxonomy":"category","embeddable":true,"href":"https:\/\/www.europesays.com\/pt\/wp-json\/wp\/v2\/categories?post=204172"},{"taxonomy":"post_tag","embeddable":true,"href":"https:\/\/www.europesays.com\/pt\/wp-json\/wp\/v2\/tags?post=204172"}],"curies":[{"name":"wp","href":"https:\/\/api.w.org\/{rel}","templated":true}]}}