{"id":204178,"date":"2025-12-27T02:55:08","date_gmt":"2025-12-27T02:55:08","guid":{"rendered":"https:\/\/www.europesays.com\/pt\/204178\/"},"modified":"2025-12-27T02:55:08","modified_gmt":"2025-12-27T02:55:08","slug":"gouveia-e-melo-acusa-marques-mendes-de-andar-a-fazer-campanha-suja","status":"publish","type":"post","link":"https:\/\/www.europesays.com\/pt\/204178\/","title":{"rendered":"Gouveia e Melo acusa Marques Mendes de andar a fazer &#8220;campanha suja&#8221;"},"content":{"rendered":"<p>O candidato \u00e0 Presid\u00eancia da Rep\u00fablica Gouveia e Melo afirmou esta sexta-feira, 26 de dezembro, que o seu opositor Lu\u00eds Marques Mendes anda a fazer \u201ccampanha suja\u201d e continua a n\u00e3o explicar qual a sua profiss\u00e3o e quais os \u201cinteresses envolvidos\u201d.<\/p>\n<p>\u201cCampanha suja anda a fazer aquele que fala sobre isso e continua a n\u00e3o explicar qual \u00e9 a sua verdadeira profiss\u00e3o e quais s\u00e3o os interesses que est\u00e3o envolvidos nessa sua profiss\u00e3o. <strong>At\u00e9 explicar isso, que n\u00e3o \u00e9 ilegal, mas que deve explicar ao povo portugu\u00eas quais s\u00e3o os interesses, n\u00e3o tenho nada a dizer a esse senhor\u201d<\/strong>, declarou Henrique Gouveia e Melo, questionado sobre as acusa\u00e7\u00f5es de Marques Mendes que considerou que caiu a m\u00e1scara ao almirante, acusando-o de n\u00e3o ter n\u00edvel, nem sentido de Estado para ser Presidente da Rep\u00fablica.<\/p>\n<p>\u201cA \u00fanica coisa que tenho a dizer \u00e9: <strong>explique-se, esclare\u00e7a, porque \u00e9 isso que o povo portugu\u00eas quer. N\u00e3o h\u00e1 mais nada a dizer. N\u00e3o fui eu que levantei o roblema, o problema foi levantado pela opacidade desse candidato\u201d<\/strong>, respondeu Gouveia e Melo que falava aos jornalistas, no centro do Funchal, durante uma visita \u00e0 Placa Central da Avenida Arriaga, onde est\u00e1 instalado o mercadinho de natal com bebidas e outras iguarias tradicionais da Madeira.<\/p>\n<p>A iniciativa contou com a presen\u00e7a do antigo presidente do Governo da Madeira e do PSD regional Alberto Jo\u00e3o Jardim e do presidente do CDS-PP\/Madeira e secret\u00e1rio regional da Economia, Jos\u00e9 Manuel Rodrigues.<\/p>\n<p>Os tr\u00eas brindaram com a tradicional poncha \u00e0 pescador, numa das barracas da Placa Central, onde <strong>Alberto Jo\u00e3o Jardim fez duras cr\u00edticas ao candidato apoiado pelo PSD e teceu elogios a Gouveia e Melo<\/strong>.<\/p>\n<p>Sobre o almirante, disse que \u201c\u00e9 o \u00fanico candidato que tem o compromisso de construir o pa\u00eds\u201d e \u201cest\u00e1 mais perto\u201d do PSD que Jardim \u201cajudou a fundar, do que do atual\u201d.<\/p>\n<p>Depois, <strong>questionado sobre Marques Mendes ter dito que Gouveia e Melo n\u00e3o tem sentido de Estado, Alberto Jo\u00e3o Jardim apontou que \u201cdevia ser bem educado\u201d<\/strong> e que n\u00e3o admite que afirme \u201cque os pol\u00edticos de carreira que estavam com o senhor almirante eram uns politiqueiros\u201d.<\/p>\n<p>\u201cPolitiqueiro \u00e9 ele, com o que anda a fazer nos jogos dos interesses. Que eu n\u00e3o admito, que servindo o pa\u00eds 40 anos como serviu, venha esse senhor dizer que \u00e9 um bando de politiqueiros\u201d, disse.<\/p>\n<p>Por seu turno, Gouveia e Melo rejeitou que estas tenham sido \u201cpalavras duras\u201d e apontou que \u201cs\u00e3o palavras s\u00e1bias de quem j\u00e1 anda na pol\u00edtica h\u00e1 40 anos e n\u00e3o deve nada a ningu\u00e9m\u201d.<\/p>\n<p>Marques Mendes disse na ter\u00e7a-feira sobre Gouveia e Melo que o candidato fazia campanhas sujas, lan\u00e7ava lama para o debate e n\u00e3o tinha sentido de Estado para ser Presidente da Rep\u00fablica\u201d, em alus\u00e3o ao \u00faltimo frente a frente entre os dois candidatos presidenciais.<\/p>\n<p>O almirante est\u00e1 esta sexta-feira na Madeira, onde estabeleceu contactos com a popula\u00e7\u00e3o e segue no s\u00e1bado para os A\u00e7ores, onde ficar\u00e1 tr\u00eas dias.<\/p>\n<p><strong>Gouveia e Melo real\u00e7ou que os arquip\u00e9lagos \u201cs\u00e3o essenciais\u201d e d\u00e3o \u201ccapacidade estrat\u00e9gica\u201d e dimens\u00e3o a Portugal.<\/strong><\/p>\n<p>Considerou ainda que tem \u201cuma grande chance de vencer\u201d as presidenciais na Madeira, \u201ccom a ajuda do dr. Alberto Jo\u00e3o Jardim e com o prest\u00edgio que ele tem\u201d.<\/p>\n<p>As elei\u00e7\u00f5es presidenciais est\u00e3o marcadas para 18 de janeiro.<\/p>\n","protected":false},"excerpt":{"rendered":"O candidato \u00e0 Presid\u00eancia da Rep\u00fablica Gouveia e Melo afirmou esta sexta-feira, 26 de dezembro, que o seu&hellip;\n","protected":false},"author":2,"featured_media":204179,"comment_status":"","ping_status":"","sticky":false,"template":"","format":"standard","meta":{"footnotes":""},"categories":[8],"tags":[38257,27,28,15,16,14,9705,25,26,1301,21,22,12,13,19,20,32,1076,23,24,33,17,18,29,30,31],"class_list":{"0":"post-204178","1":"post","2":"type-post","3":"status-publish","4":"format-standard","5":"has-post-thumbnail","7":"category-principais-noticias","8":"tag-alberto-joao-jardim","9":"tag-breaking-news","10":"tag-breakingnews","11":"tag-featured-news","12":"tag-featurednews","13":"tag-headlines","14":"tag-henrique-gouveia-e-melo","15":"tag-latest-news","16":"tag-latestnews","17":"tag-madeira","18":"tag-main-news","19":"tag-mainnews","20":"tag-news","21":"tag-noticias","22":"tag-noticias-principais","23":"tag-noticiasprincipais","24":"tag-portugal","25":"tag-presidenciais-2026","26":"tag-principais-noticias","27":"tag-principaisnoticias","28":"tag-pt","29":"tag-top-stories","30":"tag-topstories","31":"tag-ultimas","32":"tag-ultimas-noticias","33":"tag-ultimasnoticias"},"share_on_mastodon":{"url":"https:\/\/pubeurope.com\/@pt\/115789281647365673","error":""},"_links":{"self":[{"href":"https:\/\/www.europesays.com\/pt\/wp-json\/wp\/v2\/posts\/204178","targetHints":{"allow":["GET"]}}],"collection":[{"href":"https:\/\/www.europesays.com\/pt\/wp-json\/wp\/v2\/posts"}],"about":[{"href":"https:\/\/www.europesays.com\/pt\/wp-json\/wp\/v2\/types\/post"}],"author":[{"embeddable":true,"href":"https:\/\/www.europesays.com\/pt\/wp-json\/wp\/v2\/users\/2"}],"replies":[{"embeddable":true,"href":"https:\/\/www.europesays.com\/pt\/wp-json\/wp\/v2\/comments?post=204178"}],"version-history":[{"count":0,"href":"https:\/\/www.europesays.com\/pt\/wp-json\/wp\/v2\/posts\/204178\/revisions"}],"wp:featuredmedia":[{"embeddable":true,"href":"https:\/\/www.europesays.com\/pt\/wp-json\/wp\/v2\/media\/204179"}],"wp:attachment":[{"href":"https:\/\/www.europesays.com\/pt\/wp-json\/wp\/v2\/media?parent=204178"}],"wp:term":[{"taxonomy":"category","embeddable":true,"href":"https:\/\/www.europesays.com\/pt\/wp-json\/wp\/v2\/categories?post=204178"},{"taxonomy":"post_tag","embeddable":true,"href":"https:\/\/www.europesays.com\/pt\/wp-json\/wp\/v2\/tags?post=204178"}],"curies":[{"name":"wp","href":"https:\/\/api.w.org\/{rel}","templated":true}]}}