{"id":204193,"date":"2025-12-27T03:20:20","date_gmt":"2025-12-27T03:20:20","guid":{"rendered":"https:\/\/www.europesays.com\/pt\/204193\/"},"modified":"2025-12-27T03:20:20","modified_gmt":"2025-12-27T03:20:20","slug":"por-que-e-recomendavel-desligar-o-wi-fi-ao-sair-de-casa","status":"publish","type":"post","link":"https:\/\/www.europesays.com\/pt\/204193\/","title":{"rendered":"Por que \u00e9 recomend\u00e1vel desligar o Wi-Fi ao sair de casa"},"content":{"rendered":"<p data-mrf-recirculation=\"Links artigo\">Manter o Wi-Fi do celular constantemente ligado\u00a0pode parecer pr\u00e1tico, mas\u00a0autoridades de seguran\u00e7a cibern\u00e9tica alertam\u00a0que\u00a0esse h\u00e1bito pode custar caro.<\/p>\n<p>A recomenda\u00e7\u00e3o de desligar o Wi-Fi do celular fora de casa ganhou destaque com a publica\u00e7\u00e3o do relat\u00f3rio da French Computer Emergency Response Team (CERT-FR), uma das principais autoridades de seguran\u00e7a cibern\u00e9tica da Fran\u00e7a. O documento \u00e9 categ\u00f3rico ao alegar que usu\u00e1rios devem desligar o Wi-Fi do smartphone sempre que o recurso n\u00e3o estiver em uso.<\/p>\n<p data-mrf-recirculation=\"Links artigo\">O problema est\u00e1 no que especialistas chamam de\u00a0\u201csuperf\u00edcie de ataque\u201d.\u00a0Tecnologias de comunica\u00e7\u00e3o sem fio\u00a0\u2014 Wi-Fi, Bluetooth, 4G e 5G \u2014\u00a0criam m\u00faltiplos pontos de entrada\u00a0que podem ser explorados por agentes mal-intencionados, segundo o relat\u00f3rio da CERT-FR.<\/p>\n<p data-mrf-recirculation=\"Links artigo\">Quando o Wi-Fi est\u00e1 ativo, o celular busca constantemente redes conhecidas para se conectar automaticamente. Esse comportamento aparentemente inofensivo pode ser explorado por hackers por meio de\u00a0ataques conhecidos como \u201cEvil Twin\u201d\u00a0(g\u00eameo do mal), onde\u00a0criminosos criam pontos de acesso falsos que imitam redes leg\u00edtimas.<\/p>\n<p>Shoppings, aeroportos, cafeterias e espa\u00e7os p\u00fablicos est\u00e3o repletos de redes Wi-Fi abertas. Com a fun\u00e7\u00e3o ativada, o smartphone pode se conectar automaticamente a essas redes sem que o usu\u00e1rio perceba, expondo dados sens\u00edveis.<\/p>\n<p data-mrf-recirculation=\"Links artigo\">Uma vez conectado a uma rede comprometida, o aparelho fica vulner\u00e1vel a intercepta\u00e7\u00e3o de dados, instala\u00e7\u00e3o de malware e roubo de credenciais. Aplicativos que n\u00e3o utilizam criptografia adequada tornam-se especialmente suscet\u00edveis nesse cen\u00e1rio.<\/p>\n<p data-mrf-recirculation=\"Links artigo\">H\u00e1 ainda a quest\u00e3o do rastreamento. Dispositivos com Wi-Fi ativado transmitem continuamente seu endere\u00e7o MAC (identificador \u00fanico do aparelho) ao buscar redes dispon\u00edveis. Essa assinatura digital pode ser capturada por sistemas de monitoramento em estabelecimentos comerciais, permitindo o rastreamento de movimentos e cria\u00e7\u00e3o de perfis de comportamento sem consentimento expl\u00edcito.<\/p>\n<p data-mrf-recirculation=\"Links artigo\">A orienta\u00e7\u00e3o da CERT-FR \u00e9 parte de uma tend\u00eancia global de conscientiza\u00e7\u00e3o sobre seguran\u00e7a mobile. Al\u00e9m de desativar o Wi-Fi quando n\u00e3o estiver em uso, especialistas recomendam:<\/p>\n","protected":false},"excerpt":{"rendered":"Manter o Wi-Fi do celular constantemente ligado\u00a0pode parecer pr\u00e1tico, mas\u00a0autoridades de seguran\u00e7a cibern\u00e9tica alertam\u00a0que\u00a0esse h\u00e1bito pode custar caro.&hellip;\n","protected":false},"author":2,"featured_media":204194,"comment_status":"","ping_status":"","sticky":false,"template":"","format":"standard","meta":{"footnotes":""},"categories":[84],"tags":[109,107,108,32,33,105,103,104,40456,106,110],"class_list":{"0":"post-204193","1":"post","2":"type-post","3":"status-publish","4":"format-standard","5":"has-post-thumbnail","7":"category-ciencia-e-tecnologia","8":"tag-ciencia","9":"tag-ciencia-e-tecnologia","10":"tag-cienciaetecnologia","11":"tag-portugal","12":"tag-pt","13":"tag-science","14":"tag-science-and-technology","15":"tag-scienceandtechnology","16":"tag-seguranca-de-dados","17":"tag-technology","18":"tag-tecnologia"},"share_on_mastodon":{"url":"https:\/\/pubeurope.com\/@pt\/115789379875608407","error":""},"_links":{"self":[{"href":"https:\/\/www.europesays.com\/pt\/wp-json\/wp\/v2\/posts\/204193","targetHints":{"allow":["GET"]}}],"collection":[{"href":"https:\/\/www.europesays.com\/pt\/wp-json\/wp\/v2\/posts"}],"about":[{"href":"https:\/\/www.europesays.com\/pt\/wp-json\/wp\/v2\/types\/post"}],"author":[{"embeddable":true,"href":"https:\/\/www.europesays.com\/pt\/wp-json\/wp\/v2\/users\/2"}],"replies":[{"embeddable":true,"href":"https:\/\/www.europesays.com\/pt\/wp-json\/wp\/v2\/comments?post=204193"}],"version-history":[{"count":0,"href":"https:\/\/www.europesays.com\/pt\/wp-json\/wp\/v2\/posts\/204193\/revisions"}],"wp:featuredmedia":[{"embeddable":true,"href":"https:\/\/www.europesays.com\/pt\/wp-json\/wp\/v2\/media\/204194"}],"wp:attachment":[{"href":"https:\/\/www.europesays.com\/pt\/wp-json\/wp\/v2\/media?parent=204193"}],"wp:term":[{"taxonomy":"category","embeddable":true,"href":"https:\/\/www.europesays.com\/pt\/wp-json\/wp\/v2\/categories?post=204193"},{"taxonomy":"post_tag","embeddable":true,"href":"https:\/\/www.europesays.com\/pt\/wp-json\/wp\/v2\/tags?post=204193"}],"curies":[{"name":"wp","href":"https:\/\/api.w.org\/{rel}","templated":true}]}}