{"id":204198,"date":"2025-12-27T03:30:16","date_gmt":"2025-12-27T03:30:16","guid":{"rendered":"https:\/\/www.europesays.com\/pt\/204198\/"},"modified":"2025-12-27T03:30:16","modified_gmt":"2025-12-27T03:30:16","slug":"superman-conserta-cena-mais-bizarra-dos-filmes-apos-45-anos-em-nova-hq","status":"publish","type":"post","link":"https:\/\/www.europesays.com\/pt\/204198\/","title":{"rendered":"Superman &#8220;conserta&#8221; cena mais bizarra dos filmes ap\u00f3s 45 anos em nova HQ"},"content":{"rendered":"<p class=\"wp-block-yoast-seo-estimated-reading-time yoast-reading-time__wrapper\">Estimated reading time: 3 minutos<\/p>\n<p>Se existe um momento na hist\u00f3ria cinematogr\u00e1fica do <a href=\"https:\/\/ovicio.com.br\/tag\/superman\/\" rel=\"nofollow noopener\" target=\"_blank\">Superman<\/a> que deixa os f\u00e3s co\u00e7ando a cabe\u00e7a at\u00e9 hoje, \u00e9 a infame cena de <strong>Superman II<\/strong> (1980). Na batalha contra o <strong>General Zod<\/strong> na <strong>Fortaleza da Solid\u00e3o<\/strong>, a vers\u00e3o de <strong>Christopher Reeve<\/strong> inexplicavelmente arranca o s\u00edmbolo <strong>&#8220;S&#8221;<\/strong> do peito e o arremessa como uma esp\u00e9cie de rede de celofane gigante para prender os vil\u00f5es.<\/p>\n<p>Foi bizarro, sem explica\u00e7\u00e3o e virou piada por d\u00e9cadas. Mas agora, 45 anos depois, a <strong>DC Comics<\/strong> decidiu redimir esse conceito da maneira mais <strong>&#8220;metal&#8221;<\/strong> poss\u00edvel nas p\u00e1ginas de <strong>Absolute Superman<\/strong>.<\/p>\n<p>Em <strong>Absolute Superman #14<\/strong>, com roteiro de <strong>Jason Aaron<\/strong> e arte de <strong>Rafa Sandoval<\/strong>, <strong>Kal-El<\/strong> est\u00e1 em uma batalha brutal em Smallville contra <strong>Ra&#8217;s al Ghul<\/strong>, que empunha uma espada de kryptonita. Ferido e acuado, o Homem de A\u00e7o parece prestes a se render quando Ra&#8217;s exige que ele abandone sua vida antiga.<\/p>\n<p>Em resposta, <strong>Superman<\/strong> arranca o emblema de seu peito \u2014 que neste Universo Absolute \u00e9 o s\u00edmbolo da guilda oper\u00e1ria de Krypton. Mas, ao inv\u00e9s de virar um pl\u00e1stico in\u00fatil, o bras\u00e3o se desfaz em p\u00f3 de pedra solar. <strong>Kal-El<\/strong> ent\u00e3o manipula os restos do s\u00edmbolo para forjar uma espada gigantesca, rivalizando com a l\u00e2mina de kryptonita do vil\u00e3o.<\/p>\n<p><img fetchpriority=\"high\" decoding=\"async\" width=\"1024\" height=\"576\" src=\"https:\/\/www.europesays.com\/pt\/wp-content\/uploads\/2025\/12\/20251226-superman-and-sunstone-sword-attacking-ras-al-ghul-1024x576.webp.webp\" alt=\"Absolute Superman #14\" class=\"lazyload wp-image-882113\"  data-\/>Reprodu\u00e7\u00e3o: DC<\/p>\n<p>A cena ressignifica o ato de <strong>&#8220;arrancar o s\u00edmbolo&#8221;<\/strong>: deixa de ser um truque barato da Era de Prata para se tornar uma conex\u00e3o poderosa com o legado de Krypton e sua fam\u00edlia. O escudo n\u00e3o \u00e9 apenas um logotipo, mas uma arma forjada pelo sacrif\u00edcio e pela mem\u00f3ria de seu povo.<\/p>\n<p>O momento prova que o Universo Absolute n\u00e3o veio apenas para mudar o visual dos her\u00f3is, mas para pegar conceitos antigos \u2014 at\u00e9 os mais rid\u00edculos \u2014 e transform\u00e1-los em algo digno da mitologia do maior her\u00f3i de todos os tempos.<\/p>\n<p><strong>Absolute Superman #14<\/strong> j\u00e1 est\u00e1 \u00e0 venda nas lojas especializadas em quadrinhos dos Estados Unidos.<\/p>\n<p>Leia tamb\u00e9m sobre Superman:<\/p>\n","protected":false},"excerpt":{"rendered":"Estimated reading time: 3 minutos Se existe um momento na hist\u00f3ria cinematogr\u00e1fica do Superman que deixa os f\u00e3s&hellip;\n","protected":false},"author":2,"featured_media":204199,"comment_status":"","ping_status":"","sticky":false,"template":"","format":"standard","meta":{"footnotes":""},"categories":[140],"tags":[40457,2945,114,115,147,148,146,32,33,1248],"class_list":{"0":"post-204198","1":"post","2":"type-post","3":"status-publish","4":"format-standard","5":"has-post-thumbnail","7":"category-filmes","8":"tag-absolute-superman","9":"tag-dc","10":"tag-entertainment","11":"tag-entretenimento","12":"tag-film","13":"tag-filmes","14":"tag-movies","15":"tag-portugal","16":"tag-pt","17":"tag-superman"},"share_on_mastodon":{"url":"https:\/\/pubeurope.com\/@pt\/115789419437968014","error":""},"_links":{"self":[{"href":"https:\/\/www.europesays.com\/pt\/wp-json\/wp\/v2\/posts\/204198","targetHints":{"allow":["GET"]}}],"collection":[{"href":"https:\/\/www.europesays.com\/pt\/wp-json\/wp\/v2\/posts"}],"about":[{"href":"https:\/\/www.europesays.com\/pt\/wp-json\/wp\/v2\/types\/post"}],"author":[{"embeddable":true,"href":"https:\/\/www.europesays.com\/pt\/wp-json\/wp\/v2\/users\/2"}],"replies":[{"embeddable":true,"href":"https:\/\/www.europesays.com\/pt\/wp-json\/wp\/v2\/comments?post=204198"}],"version-history":[{"count":0,"href":"https:\/\/www.europesays.com\/pt\/wp-json\/wp\/v2\/posts\/204198\/revisions"}],"wp:featuredmedia":[{"embeddable":true,"href":"https:\/\/www.europesays.com\/pt\/wp-json\/wp\/v2\/media\/204199"}],"wp:attachment":[{"href":"https:\/\/www.europesays.com\/pt\/wp-json\/wp\/v2\/media?parent=204198"}],"wp:term":[{"taxonomy":"category","embeddable":true,"href":"https:\/\/www.europesays.com\/pt\/wp-json\/wp\/v2\/categories?post=204198"},{"taxonomy":"post_tag","embeddable":true,"href":"https:\/\/www.europesays.com\/pt\/wp-json\/wp\/v2\/tags?post=204198"}],"curies":[{"name":"wp","href":"https:\/\/api.w.org\/{rel}","templated":true}]}}