{"id":204200,"date":"2025-12-27T03:32:16","date_gmt":"2025-12-27T03:32:16","guid":{"rendered":"https:\/\/www.europesays.com\/pt\/204200\/"},"modified":"2025-12-27T03:32:16","modified_gmt":"2025-12-27T03:32:16","slug":"como-o-calor-afeta-nossa-capacidade-cognitiva-entenda-a-relacao","status":"publish","type":"post","link":"https:\/\/www.europesays.com\/pt\/204200\/","title":{"rendered":"Como o calor afeta nossa capacidade cognitiva? Entenda a rela\u00e7\u00e3o"},"content":{"rendered":"<p>Nos \u00faltimos anos, falar de calor deixou de ser apenas comentar o tempo ou o pr\u00f3ximo dia de <a href=\"https:\/\/www.bonsfluidos.com.br\/sustentabilidade\/famosos-se-unem-para-incentivar-mutirao-de-limpeza-na-praia-e-preservacao-ambiental.phtml\" rel=\"nofollow noopener\" target=\"_blank\">praia<\/a>. Com o avan\u00e7o da crise clim\u00e1tica e a sequ\u00eancia de recordes de temperatura, o calor extremo passou a ser tamb\u00e9m um tema de sa\u00fade p\u00fablica \u2013 e, cada vez mais, de sa\u00fade mental e cognitiva.<\/p>\n<p>Quando a temperatura sobe demais, o corpo entra em modo emerg\u00eancia. O <a href=\"https:\/\/www.bonsfluidos.com.br\/comportamento\/tocar-instrumentos-musicais-fortalece-o-cerebro-e-ajuda-a-mante-lo-saudavel-entenda.phtml\" rel=\"nofollow noopener\" target=\"_blank\">c\u00e9rebro<\/a> passa a priorizar fun\u00e7\u00f5es b\u00e1sicas, ligadas \u00e0 sobreviv\u00eancia, e retira energia daquilo que considera menos urgente: foco, mem\u00f3ria, racioc\u00ednio. A sensa\u00e7\u00e3o de \u201ccabe\u00e7a lenta\u201d, irrita\u00e7\u00e3o e cansa\u00e7o excessivo em dias muito quentes n\u00e3o \u00e9 frescura, \u00e9 fisiologia.<\/p>\n<p> <strong>Quando o calor entra na sala de aula<\/strong> <\/p>\n<p>Ao site Rep\u00f3rter Brasil, a neurocientista <strong>L\u00edvia Ciacci<\/strong> explica que, em ambientes muito quentes, o organismo desvia recursos para tentar se resfriar. Ele aumenta a perda de <a href=\"https:\/\/www.bonsfluidos.com.br\/esoterismo\/aprenda-a-medir-as-energias-do-seu-lar-com-um-copo-dagua-e-dentes-de-alho.phtml\" rel=\"nofollow noopener\" target=\"_blank\">\u00e1gua<\/a>, dilata vasos, acelera a respira\u00e7\u00e3o. \u201c\u00c9 como se a gente entrasse em um estado de alerta, em que o bem-estar do corpo \u00e9 prioridade e tudo o que \u00e9 secund\u00e1rio perde import\u00e2ncia\u201d, diz.<\/p>\n<p>Numa sala de aula cheia, esse efeito se intensifica: mais pessoas, mais calor, menos <a href=\"https:\/\/www.bonsfluidos.com.br\/esoterismo\/8-cristais-para-quem-deseja-foco-mental-e-concentracao-no-dia-a-dia.phtml\" rel=\"nofollow noopener\" target=\"_blank\">concentra\u00e7\u00e3o<\/a>. Em vez de prestar aten\u00e7\u00e3o no conte\u00fado, o c\u00e9rebro se ocupa de pensamentos como \u201cqueria uma \u00e1gua gelada\u201d ou \u201cprecisava jogar uma \u00e1gua na cabe\u00e7a\u201d. O resultado \u00e9 um aprendizado prejudicado.<\/p>\n<p>Os n\u00fameros ajudam a dimensionar o problema: 2024 foi o ano mais quente j\u00e1 registrado, 1,6 \u00baC acima da m\u00e9dia do in\u00edcio da era industrial. Em cidades como <strong>Nova York<\/strong>, o desempenho <a href=\"https:\/\/www.bonsfluidos.com.br\/no-prato\/ferias-escolares-mudam-a-rotina-alimentar-das-criancas-e-isso-nao-precisa-ser-um-problema.phtml\" rel=\"nofollow noopener\" target=\"_blank\">escolar<\/a> caiu at\u00e9 50% em dias letivos com temperaturas acima de 38\u00baC em compara\u00e7\u00e3o com dias mais \u201camenos\u201d, acima de 32\u00baC.\u00a0<\/p>\n<p>No <strong>Brasil<\/strong>, a realidade j\u00e1 bate \u00e0 porta. No <strong>Rio Grande do Sul<\/strong>, por exemplo, o ano letivo precisou ser adiado em meio a temperaturas que passaram dos 43 \u00baC. Sociedades m\u00e9dicas pedi\u00e1tricas alertam: crian\u00e7as desidratam mais r\u00e1pido, podem apresentar tontura, desmaios, exaust\u00e3o, c\u00e3ibras, <a href=\"https:\/\/www.bonsfluidos.com.br\/bem-estar\/insolacao-como-se-prevenir-da-reacao-aguda-pos-sol.phtml\" rel=\"nofollow noopener\" target=\"_blank\">insola\u00e7\u00e3o<\/a> e, claro, mais irritabilidade e dificuldade de aten\u00e7\u00e3o.<\/p>\n<p> <strong>Quando o sol \u201cqueima\u201d o racioc\u00ednio<\/strong> <\/p>\n<p>O calor n\u00e3o prejudica apenas o conforto: ele interfere diretamente no funcionamento do c\u00e9rebro. Um estudo apoiado pelo projeto HEAT-SHIELD mostrou que a exposi\u00e7\u00e3o prolongada da cabe\u00e7a e do pesco\u00e7o \u00e0 radia\u00e7\u00e3o de luz intensa e calor levou a aumento da temperatura corporal em 1 \u00baC. Al\u00e9m disso, observou-se uma piora significativa em tarefas cognitivas e motoras, mesmo antes de o corpo atingir n\u00edveis extremos de <a href=\"https:\/\/www.bonsfluidos.com.br\/saude\/aquecimento-global-causa-20-dos-casos-de-catarata-diz-oms.phtml\" rel=\"nofollow noopener\" target=\"_blank\">aquecimento<\/a>.<\/p>\n<p>Os pesquisadores observaram que as pessoas come\u00e7aram a errar mais em tarefas que exigiam precis\u00e3o e aten\u00e7\u00e3o, especialmente em atividades mais complexas. Em estudos com militares e pilotos, por exemplo, o <a href=\"https:\/\/www.bonsfluidos.com.br\/autoconhecimento\/o-poder-terapeutico-dos-hobbies-manuais-como-eles-ajudam-a-reduzir-o-estresse.phtml\" rel=\"nofollow noopener\" target=\"_blank\">estresse<\/a> t\u00e9rmico levou a desvios de rota e aumento do risco de incidentes.<\/p>\n<p>Outra revis\u00e3o cient\u00edfica apontou que a combina\u00e7\u00e3o de calor, desconforto e irrita\u00e7\u00e3o subjetiva est\u00e1 diretamente ligada \u00e0 queda de <a href=\"https:\/\/www.bonsfluidos.com.br\/comportamento\/pico-do-desempenho-cerebral-acontece-entre-os-55-e-60-anos-diz-estudo.phtml\" rel=\"nofollow noopener\" target=\"_blank\">desempenho<\/a> em tarefas cognitivas complexas. Interven\u00e7\u00f5es de resfriamento, como bolsas frias na pele, ajudaram a amenizar parte desses efeitos.<\/p>\n<p> <strong>A temperatura ideal para pensar melhor<\/strong> <\/p>\n<p>Pesquisas conduzidas por universidades como Stanford mostram que nos afastar da chamada \u201czona de conforto t\u00e9rmico\u201d cobra um pre\u00e7o alto. Ambientes muito <a href=\"https:\/\/www.bonsfluidos.com.br\/bem-estar\/quente-frio-ou-morno-cientistas-revelam-a-melhor-temperatura-para-o-banho.phtml\" rel=\"nofollow noopener\" target=\"_blank\">frios<\/a> ou muito quentes fazem o corpo gastar energia apenas tentando se equilibrar, desviando recursos do c\u00e9rebro. O resultado \u00e9 mais erro, mais cansa\u00e7o, menos clareza mental.<\/p>\n<p>Em ambientes de estudo e trabalho, ajustar a <a href=\"https:\/\/www.bonsfluidos.com.br\/no-prato\/e-primavera-11-alimentos-que-turbinam-a-imunidade-nas-mudancas-de-temperatura.phtml\" rel=\"nofollow noopener\" target=\"_blank\">temperatura<\/a> para algo em torno de 21 \u00baC a 23 \u00baC j\u00e1 traz ganho percept\u00edvel de desempenho. Quando n\u00e3o \u00e9 poss\u00edvel controlar o termostato, camadas de roupa, ventila\u00e7\u00e3o adequada, pausas e hidrata\u00e7\u00e3o ajudam a manter o corpo em uma faixa mais est\u00e1vel. \u00c0s vezes, o que chamamos de \u201ccansa\u00e7o mental\u201d n\u00e3o \u00e9 falta de disciplina, caf\u00e9 ou motiva\u00e7\u00e3o. \u00c9 excesso de calor (ou frio) drenando energia do c\u00e9rebro.<\/p>\n<p>\t <strong>Calor, sa\u00fade mental e risco aumentado<\/strong> <\/p>\n<p>Se por um lado o calor nos deixa lentos, por outro pode nos tornar mais impulsivos e inst\u00e1veis. Psiquiatras e neurocientistas t\u00eam observado que ondas de calor se associam a aumento de: <a href=\"https:\/\/www.bonsfluidos.com.br\/coluna-jessica-martani\/dezembro-nao-termina-o-ano-ele-expoe-tudo-o-que-foi-sustentado-em-silencio.phtml\" rel=\"nofollow noopener\" target=\"_blank\">irritabilidade<\/a> e agressividade; sintomas de depress\u00e3o e ansiedade; crises em pessoas com transtorno bipolar e esquizofrenia; ins\u00f4nia e altera\u00e7\u00f5es de humor.<\/p>\n<p>A <a href=\"https:\/\/www.bonsfluidos.com.br\/saude\/oms-emite-alerta-apos-aumento-de-casos-de-coqueluche.phtml\" rel=\"nofollow noopener\" target=\"_blank\">Organiza\u00e7\u00e3o Mundial da Sa\u00fade<\/a> j\u00e1 vem alertando para o impacto das ondas de calor na sa\u00fade mental. Estudos internacionais apontam que as ondas de calor elevam em mais de 70% os casos de doen\u00e7as mentais em determinadas popula\u00e7\u00f5es analisadas; cada aumento de 1 \u00baC em alguns contextos se associa a alta nas taxas de suic\u00eddio; e em cidades brasileiras, como Curitiba, per\u00edodos quentes foram ligados a mais atendimentos de emerg\u00eancia por tentativa de suic\u00eddio e a maior incid\u00eancia de quadros de ansiedade e depress\u00e3o.<\/p>\n<p>Reconhecer isso n\u00e3o \u00e9 motivo para p\u00e2nico, mas para a\u00e7\u00e3o. Cuidar do ambiente em que vivemos, ouvir os alertas da ci\u00eancia e proteger o que temos de mais precioso \u2013 a nossa capacidade de sentir, pensar, aprender e <a href=\"https:\/\/www.bonsfluidos.com.br\/comportamento\/natal-como-criar-novas-tradicoes-familiares.phtml\" rel=\"nofollow noopener\" target=\"_blank\">criar<\/a>, mesmo em tempos cada vez mais quentes.<\/p>\n<p><strong>Leia tamb\u00e9m:<\/strong> \u201c<a href=\"https:\/\/www.bonsfluidos.com.br\/saude\/calor-extremo-e-tempestades-medico-alerta-para-riscos-a-saude-no-verao-2026.phtml\" rel=\"nofollow noopener\" target=\"_blank\">Calor extremo e tempestades: os riscos \u00e0 sa\u00fade no ver\u00e3o de 2026\u2033<\/a><\/p>\n","protected":false},"excerpt":{"rendered":"Nos \u00faltimos anos, falar de calor deixou de ser apenas comentar o tempo ou o pr\u00f3ximo dia de&hellip;\n","protected":false},"author":2,"featured_media":204201,"comment_status":"","ping_status":"","sticky":false,"template":"","format":"standard","meta":{"footnotes":""},"categories":[86],"tags":[24741,2834,40458,4288,16947,116,32,33,18104,117,7806],"class_list":{"0":"post-204200","1":"post","2":"type-post","3":"status-publish","4":"format-standard","5":"has-post-thumbnail","7":"category-saude","8":"tag-atencao","9":"tag-calor","10":"tag-capacidade-cognitiva","11":"tag-cerebro","12":"tag-foco","13":"tag-health","14":"tag-portugal","15":"tag-pt","16":"tag-raciocinio","17":"tag-saude","18":"tag-temperatura"},"share_on_mastodon":{"url":"https:\/\/pubeurope.com\/@pt\/115789427068946839","error":""},"_links":{"self":[{"href":"https:\/\/www.europesays.com\/pt\/wp-json\/wp\/v2\/posts\/204200","targetHints":{"allow":["GET"]}}],"collection":[{"href":"https:\/\/www.europesays.com\/pt\/wp-json\/wp\/v2\/posts"}],"about":[{"href":"https:\/\/www.europesays.com\/pt\/wp-json\/wp\/v2\/types\/post"}],"author":[{"embeddable":true,"href":"https:\/\/www.europesays.com\/pt\/wp-json\/wp\/v2\/users\/2"}],"replies":[{"embeddable":true,"href":"https:\/\/www.europesays.com\/pt\/wp-json\/wp\/v2\/comments?post=204200"}],"version-history":[{"count":0,"href":"https:\/\/www.europesays.com\/pt\/wp-json\/wp\/v2\/posts\/204200\/revisions"}],"wp:featuredmedia":[{"embeddable":true,"href":"https:\/\/www.europesays.com\/pt\/wp-json\/wp\/v2\/media\/204201"}],"wp:attachment":[{"href":"https:\/\/www.europesays.com\/pt\/wp-json\/wp\/v2\/media?parent=204200"}],"wp:term":[{"taxonomy":"category","embeddable":true,"href":"https:\/\/www.europesays.com\/pt\/wp-json\/wp\/v2\/categories?post=204200"},{"taxonomy":"post_tag","embeddable":true,"href":"https:\/\/www.europesays.com\/pt\/wp-json\/wp\/v2\/tags?post=204200"}],"curies":[{"name":"wp","href":"https:\/\/api.w.org\/{rel}","templated":true}]}}