{"id":204226,"date":"2025-12-27T04:36:18","date_gmt":"2025-12-27T04:36:18","guid":{"rendered":"https:\/\/www.europesays.com\/pt\/204226\/"},"modified":"2025-12-27T04:36:18","modified_gmt":"2025-12-27T04:36:18","slug":"marido-atualiza-quadro-de-isabel-veloso-apos-cirurgia-e-publica-mensagem-de-fe-deus-e-bom","status":"publish","type":"post","link":"https:\/\/www.europesays.com\/pt\/204226\/","title":{"rendered":"Marido atualiza quadro de Isabel Veloso ap\u00f3s cirurgia e publica mensagem de f\u00e9: &#8220;Deus \u00e9 bom&#8221;"},"content":{"rendered":"<p>                            <img width=\"944\" height=\"531\" src=\"https:\/\/www.europesays.com\/pt\/wp-content\/uploads\/2025\/12\/Isabel-Veloso-1-944x531.jpg\" class=\"attachment-custom-large size-custom-large article-featured-image\" alt=\"\" fetchpriority=\"high\" decoding=\"async\"  \/><\/p>\n<p class=\"image-caption\">Influenciadora passou por transplante de medula h\u00e1 dois meses (Foto: Redes sociais, Reprodu\u00e7\u00e3o)<\/p>\n<p>O marido da influenciadora Isabel Veloso, Lucas Borbas, publicou nas redes sociais atualiza\u00e7\u00f5es depois da cirurgia realizada nesta sexta-feira (26). Isabel est\u00e1 internada desde o in\u00edcio de dezembro, <a href=\"https:\/\/www.nsctotal.com.br\/noticias\/isabel-veloso-acorda-do-coma-e-vai-passar-por-novo-procedimento-cada-respiracao-e-um-milagre\" target=\"_blank\" rel=\"noreferrer noopener nofollow\"><strong>acordou do coma nesta quinta (25)<\/strong><\/a> e passou por uma traqueostomia.<\/p>\n<p>Continua depois da publicidade<\/p>\n<p>\u201cA cirurgia ocorreu tudo bem! Deus \u00e9 bom\u201d, escreveu em um stories no Instagram. O procedimento cria uma abertura no pesco\u00e7o para que o ar entre para os pulm\u00f5es, sem precisar de um tubo dentro da garganta.<\/p>\n<p>Isabel passou por um transplante de medula h\u00e1 dois meses, e foi entubada no dia 4 ap\u00f3s complica\u00e7\u00f5es em seu quadro de sa\u00fade. A jovem de 19 anos luta contra o c\u00e2ncer desde os 15, quando foi diagnosticada com um Linfoma de Hodgkin.<\/p>\n<p>\u201cEstamos vivendo um milagre\u2026 e quando digo que estamos \u00e9 a certeza de que Deus vai usar voc\u00ea Isabel. Seu prop\u00f3sito vai alem da consci\u00eancia humana\u201d, escreveu Lucas em outro post.<\/p>\n<p>O pai de Isabel, Joelson Veloso, que tamb\u00e9m tem feito publica\u00e7\u00f5es atualizando a o estado de sa\u00fade da filha e agradecendo pelas mensagens de carinho e ora\u00e7\u00f5es, publicou uma mensagem em que afirma que a filha est\u00e1 bem depois da traqueostomia.<\/p>\n<p>Continua depois da publicidade<\/p>\n<p>\u201cIsabel \u00e9 uma guerreira, e cada passo dado \u00e9 uma vit\u00f3ria. A traqueostomia \u00e9 uma etapa delicada, mas necess\u00e1ria, e saber que ela est\u00e1 bem traz al\u00edvio ao cora\u00e7\u00e3o. Continuamos firmes em ora\u00e7\u00e3o pela recupera\u00e7\u00e3o completa dela. Deus est\u00e1 no controle!\u201d<\/p>\n<p>Qual o hist\u00f3rico de Isabel Veloso1<\/p>\n<p>VoltarAvan\u00e7ar<\/p>\n<p><img loading=\"lazy\" decoding=\"async\" width=\"1200\" height=\"675\" data-id=\"7252251\" src=\"https:\/\/www.europesays.com\/pt\/wp-content\/uploads\/2025\/12\/1765674669_914_Entenda-o-caso-de-Isabel-Veloso-influenciadora-gravida-com-cancer-terminal-3.jpg\" alt=\"\" class=\"wp-image-7252251\"  \/><\/p>\n<p>Jovem \u00e9 diagnosticada com c\u00e2ncer desde os 15 anos, e aos 17 descobriu que a doen\u00e7a era incur\u00e1vel e interrompeu o tratamento (Foto: Redes sociais, Reprodu\u00e7\u00e3o)<\/p>\n<p><img loading=\"lazy\" decoding=\"async\" width=\"1200\" height=\"675\" data-id=\"7252254\" src=\"https:\/\/www.europesays.com\/pt\/wp-content\/uploads\/2025\/12\/1765511652_459_Entenda-o-caso-de-Isabel-Veloso-influenciadora-gravida-com-cancer-terminal-6.jpg\" alt=\"\" class=\"wp-image-7252254\"  \/><\/p>\n<p>Jovem tem um tipo de c\u00e2ncer no sangue com origem no sistema linf\u00e1tico (Foto: Redes sociais, Reprodu\u00e7\u00e3o)<\/p>\n<p><img loading=\"lazy\" decoding=\"async\" width=\"1200\" height=\"675\" data-id=\"7252250\" src=\"https:\/\/www.europesays.com\/pt\/wp-content\/uploads\/2025\/12\/Entenda-o-caso-de-Isabel-Veloso-influenciadora-gravida-com-cancer-terminal-2.jpg\" alt=\"\" class=\"wp-image-7252250\"  \/><\/p>\n<p>Isabel \u00e9 casada desde abril do ano passado (Foto: Redes sociais, Reprodu\u00e7\u00e3o)<\/p>\n<p><img loading=\"lazy\" decoding=\"async\" width=\"1200\" height=\"675\" data-id=\"7252255\" src=\"https:\/\/www.europesays.com\/pt\/wp-content\/uploads\/2025\/12\/Entenda-o-caso-de-Isabel-Veloso-influenciadora-gravida-com-cancer-terminal-1.jpg\" alt=\"\" class=\"wp-image-7252255\"  \/><\/p>\n<p>An\u00fancio da gravidez foi publicado nas redes sociais, em agosto de 2024 (Foto: Redes sociais, Reprodu\u00e7\u00e3o)<\/p>\n<p><img loading=\"lazy\" decoding=\"async\" width=\"1920\" height=\"1080\" data-id=\"7509100\" src=\"https:\/\/www.europesays.com\/pt\/wp-content\/uploads\/2025\/12\/1765511653_493_Isabel-Veloso-1.jpg\" alt=\"\" class=\"wp-image-7509100\"  \/><\/p>\n<p>Isabel, filho e marido em 2025 (Foto: Redes sociais, Reprodu\u00e7\u00e3o)<\/p>\n<p>Qual a doen\u00e7a de Isabel Veloso<\/p>\n<p>Isabel trata um Linfoma de Hodgkin desde que tinha 15 anos. Ela precisou fazer um transplante de medula \u00f3ssea em outubro como parte do tratamento m\u00e9dico. O\u00a0<a href=\"https:\/\/www.nsctotal.com.br\/noticias\/acreditando-no-milagre-pai-de-isabel-veloso-atualiza-estado-de-saude-da-influenciadora\" target=\"_blank\" rel=\"noreferrer noopener nofollow\"><strong>doador foi o pr\u00f3prio pai<\/strong><\/a>, Joelson, que tamb\u00e9m vem falando sobre o estado de sa\u00fade da filha nas redes sociais.<\/p>\n<p>Em 27 de novembro, o marido de Isabel, Lucas Borbas, usou as redes sociais para afirmar que ela\u00a0<a href=\"https:\/\/www.nsctotal.com.br\/noticias\/influenciadora-isabel-veloso-e-internada-em-uti-e-intubada-diz-marido\" target=\"_blank\" rel=\"noreferrer noopener nofollow\"><strong>precisou ser intubada<\/strong><\/a>\u00a0ap\u00f3s uma crise respirat\u00f3ria causada por excesso de magn\u00e9sio no sangue. Dias depois, foi diagnosticada com pneumonia grave, o que agravou o quadro cl\u00ednico.<\/p>\n<p>Continua depois da publicidade<\/p>\n","protected":false},"excerpt":{"rendered":"Influenciadora passou por transplante de medula h\u00e1 dois meses (Foto: Redes sociais, Reprodu\u00e7\u00e3o) O marido da influenciadora Isabel&hellip;\n","protected":false},"author":2,"featured_media":204227,"comment_status":"","ping_status":"","sticky":false,"template":"","format":"standard","meta":{"footnotes":""},"categories":[145],"tags":[211,210,829,114,115,32,33],"class_list":{"0":"post-204226","1":"post","2":"type-post","3":"status-publish","4":"format-standard","5":"has-post-thumbnail","7":"category-celebridades","8":"tag-celebridades","9":"tag-celebrities","10":"tag-conteudo-liberado","11":"tag-entertainment","12":"tag-entretenimento","13":"tag-portugal","14":"tag-pt"},"share_on_mastodon":{"url":"https:\/\/pubeurope.com\/@pt\/115789679108702421","error":""},"_links":{"self":[{"href":"https:\/\/www.europesays.com\/pt\/wp-json\/wp\/v2\/posts\/204226","targetHints":{"allow":["GET"]}}],"collection":[{"href":"https:\/\/www.europesays.com\/pt\/wp-json\/wp\/v2\/posts"}],"about":[{"href":"https:\/\/www.europesays.com\/pt\/wp-json\/wp\/v2\/types\/post"}],"author":[{"embeddable":true,"href":"https:\/\/www.europesays.com\/pt\/wp-json\/wp\/v2\/users\/2"}],"replies":[{"embeddable":true,"href":"https:\/\/www.europesays.com\/pt\/wp-json\/wp\/v2\/comments?post=204226"}],"version-history":[{"count":0,"href":"https:\/\/www.europesays.com\/pt\/wp-json\/wp\/v2\/posts\/204226\/revisions"}],"wp:featuredmedia":[{"embeddable":true,"href":"https:\/\/www.europesays.com\/pt\/wp-json\/wp\/v2\/media\/204227"}],"wp:attachment":[{"href":"https:\/\/www.europesays.com\/pt\/wp-json\/wp\/v2\/media?parent=204226"}],"wp:term":[{"taxonomy":"category","embeddable":true,"href":"https:\/\/www.europesays.com\/pt\/wp-json\/wp\/v2\/categories?post=204226"},{"taxonomy":"post_tag","embeddable":true,"href":"https:\/\/www.europesays.com\/pt\/wp-json\/wp\/v2\/tags?post=204226"}],"curies":[{"name":"wp","href":"https:\/\/api.w.org\/{rel}","templated":true}]}}