{"id":204228,"date":"2025-12-27T04:41:33","date_gmt":"2025-12-27T04:41:33","guid":{"rendered":"https:\/\/www.europesays.com\/pt\/204228\/"},"modified":"2025-12-27T04:41:33","modified_gmt":"2025-12-27T04:41:33","slug":"madden-filme-com-nicolas-cage-e-christian-bale-sobre-a-nfl-ganha-primeiro-trailer","status":"publish","type":"post","link":"https:\/\/www.europesays.com\/pt\/204228\/","title":{"rendered":"Madden, filme com Nicolas Cage e Christian Bale sobre a NFL, ganha primeiro trailer"},"content":{"rendered":"<p class=\"wp-block-yoast-seo-estimated-reading-time yoast-reading-time__wrapper\">Estimated reading time: 2 minutos<\/p>\n<p><a href=\"https:\/\/ovicio.com.br\/tag\/nicolas-cage\" target=\"_blank\" rel=\"noreferrer noopener nofollow\">Nicolas Cage<\/a> e<strong> Christian Bale <\/strong>est\u00e3o completamente diferentes no rec\u00e9m-lan\u00e7ado trailer de estreia de <a href=\"https:\/\/ovicio.com.br\/tag\/madden\" target=\"_blank\" rel=\"noreferrer noopener nofollow\">Madden (2026)<\/a>, filme que colocar\u00e1 a ic\u00f4nica dupla como figuras importantes da <strong>NFL.<\/strong><\/p>\n<p>Enquanto<strong> Cage<\/strong> surge como o ex-treinador e comentarista hom\u00f4nimo dos <strong>Raiders<\/strong>, <a href=\"https:\/\/ovicio.com.br\/tag\/christian-bale\" rel=\"nofollow noopener\" target=\"_blank\">Bale<\/a> d\u00e1 vida ao dono da equipe,<strong> Al Davis<\/strong>, enquanto o material exibe momentos de verdadeira tens\u00e3o. Assista:<\/p>\n<p>A produ\u00e7\u00e3o fica por conta da <a href=\"https:\/\/ovicio.com.br\/tag\/amazon-mgm-studios\" target=\"_blank\" rel=\"noreferrer noopener nofollow\">Amazon MGM Studios<\/a>, com roteiro e dire\u00e7\u00e3o a cargo de <strong>David O. Russell<\/strong>\u00a0(O Lado Bom da Vida).<\/p>\n<p>Na trama, veremos como<strong> Madden<\/strong> levou o <strong>Raiders<\/strong> \u00e0 sua vit\u00f3ria no Super Bowl, embora tenha abandonado mais tarde sua carreira.<\/p>\n<p>O lan\u00e7amento est\u00e1 marcado para o per\u00edodo da pr\u00f3xima celebra\u00e7\u00e3o de <strong>A\u00e7\u00e3o de Gra\u00e7as<\/strong> nos EUA, em novembro de 2026.<\/p>\n<p>Leia mais sobre Madden e Nicolas Cage:<\/p>\n<p><strong>Fonte:<\/strong> <a href=\"https:\/\/www.youtube.com\/watch?v=KjOL6n0F0T8\" target=\"_blank\" rel=\"noreferrer noopener nofollow\">Prime Video<\/a>.<\/p>\n","protected":false},"excerpt":{"rendered":"Estimated reading time: 2 minutos Nicolas Cage e Christian Bale est\u00e3o completamente diferentes no rec\u00e9m-lan\u00e7ado trailer de estreia&hellip;\n","protected":false},"author":2,"featured_media":204229,"comment_status":"","ping_status":"","sticky":false,"template":"","format":"standard","meta":{"footnotes":""},"categories":[140],"tags":[17024,40462,114,115,147,148,40463,146,12222,32,1587,33],"class_list":{"0":"post-204228","1":"post","2":"type-post","3":"status-publish","4":"format-standard","5":"has-post-thumbnail","7":"category-filmes","8":"tag-amazon-mgm-studios","9":"tag-christian-bale","10":"tag-entertainment","11":"tag-entretenimento","12":"tag-film","13":"tag-filmes","14":"tag-madden","15":"tag-movies","16":"tag-nicolas-cage","17":"tag-portugal","18":"tag-prime-video","19":"tag-pt"},"share_on_mastodon":{"url":"https:\/\/pubeurope.com\/@pt\/115789698375724791","error":""},"_links":{"self":[{"href":"https:\/\/www.europesays.com\/pt\/wp-json\/wp\/v2\/posts\/204228","targetHints":{"allow":["GET"]}}],"collection":[{"href":"https:\/\/www.europesays.com\/pt\/wp-json\/wp\/v2\/posts"}],"about":[{"href":"https:\/\/www.europesays.com\/pt\/wp-json\/wp\/v2\/types\/post"}],"author":[{"embeddable":true,"href":"https:\/\/www.europesays.com\/pt\/wp-json\/wp\/v2\/users\/2"}],"replies":[{"embeddable":true,"href":"https:\/\/www.europesays.com\/pt\/wp-json\/wp\/v2\/comments?post=204228"}],"version-history":[{"count":0,"href":"https:\/\/www.europesays.com\/pt\/wp-json\/wp\/v2\/posts\/204228\/revisions"}],"wp:featuredmedia":[{"embeddable":true,"href":"https:\/\/www.europesays.com\/pt\/wp-json\/wp\/v2\/media\/204229"}],"wp:attachment":[{"href":"https:\/\/www.europesays.com\/pt\/wp-json\/wp\/v2\/media?parent=204228"}],"wp:term":[{"taxonomy":"category","embeddable":true,"href":"https:\/\/www.europesays.com\/pt\/wp-json\/wp\/v2\/categories?post=204228"},{"taxonomy":"post_tag","embeddable":true,"href":"https:\/\/www.europesays.com\/pt\/wp-json\/wp\/v2\/tags?post=204228"}],"curies":[{"name":"wp","href":"https:\/\/api.w.org\/{rel}","templated":true}]}}