{"id":204251,"date":"2025-12-27T05:26:10","date_gmt":"2025-12-27T05:26:10","guid":{"rendered":"https:\/\/www.europesays.com\/pt\/204251\/"},"modified":"2025-12-27T05:26:10","modified_gmt":"2025-12-27T05:26:10","slug":"cineasta-norte-americano-jim-jarmusch-vai-pedir-a-nacionalidade-francesa-cinema","status":"publish","type":"post","link":"https:\/\/www.europesays.com\/pt\/204251\/","title":{"rendered":"Cineasta norte-americano Jim Jarmusch vai pedir a nacionalidade francesa | Cinema"},"content":{"rendered":"<p><a href=\"https:\/\/www.publico.pt\/jim-jarmusch\" rel=\"nofollow noopener\" target=\"_blank\">Jim Jarmusch<\/a>, realizador norte-americano autor de Pai, M\u00e3e, Irm\u00e3, Irm\u00e3o, que arrecadou o Le\u00e3o de Ouro no <a href=\"https:\/\/www.publico.pt\/festival-de-veneza\" rel=\"nofollow noopener\" target=\"_blank\">Festival de Cinema de Veneza<\/a> no passado m\u00eas de Setembro, est\u00e1 a tratar de se tornar tamb\u00e9m cidad\u00e3o franc\u00eas.<\/p>\n<p>\u201cEfectivamente, vou pedir a nacionalidade francesa\u201d, revelou o realizador esta sexta-feira \u00e0 r\u00e1dio France Inter, atribuindo a decis\u00e3o ao desejo de \u201cter um outro lugar onde possa escapar dos Estados Unidos\u201d.<\/p>\n<p>        &#13;<\/p>\n<p>&#13;<br \/>\n                &#13;\n            <\/p>\n<p>&#13;<\/p>\n<p>Em Fran\u00e7a, a acompanhar o lan\u00e7amento da sua mais recente longa-metragem, com estreia comercial j\u00e1 anunciada para o dia 7 de Janeiro (em Portugal, Pai, M\u00e3e, Irm\u00e3, Irm\u00e3o chegar\u00e1 \u00e0s salas no dia seguinte), Jarmusch disse que aquele pa\u00eds, a sua capital, Paris, e a cultura francesa \u201cest\u00e3o profundamente enraizados\u201d em si. \u201cSeria uma grande honra ter um passaporte franc\u00eas\u201d, acrescentou, afirmando ter-se atrasado um pouco nas dilig\u00eancias do processo, mas estar finalmente a tratar disso.<\/p>\n<p>O di\u00e1rio Le Figaro enquadra esta decis\u00e3o do autor de <a href=\"https:\/\/www.publico.pt\/2009\/08\/05\/culturaipsilon\/noticia\/jim-jarmusch-independente-sem-limites-237962\" rel=\"nofollow noopener\" target=\"_blank\">Os Limites do Controlo<\/a> (2009) no contexto de uns Estados Unidos governados por <a href=\"https:\/\/www.publico.pt\/donald-trump\" rel=\"nofollow noopener\" target=\"_blank\">Donald Trump<\/a>, a quem Jarmusch j\u00e1 se referiu como \u201ccriminoso\u201d e \u201cgolpista\u201d.<\/p>\n<p>Para l\u00e1 da actualidade pol\u00edtica do pa\u00eds, o jornal recorda declara\u00e7\u00f5es que Jim Jarmusch fez, em Abril deste ano, ao magazine Interview: \u201cNos Estados Unidos, sou considerado um cineasta independente, e fico feliz com isso, mas em Fran\u00e7a sou verdadeiramente um realizador\u201d. E tamb\u00e9m acrescentou que filmar actualmente no seu pa\u00eds \u201c\u00e9 tremendamente caro, stressante e traum\u00e1tico\u201d.<\/p>\n<p>O di\u00e1rio franc\u00eas lembra ainda a hist\u00f3rica liga\u00e7\u00e3o que o realizador de Noite na Terra (1991) mantem com a Fran\u00e7a e a sua cultura, tendo-se j\u00e1 manifestado um f\u00e3 declarado \u201cda Nouvelle Vague (Godard, Truffaut, Rivette), da poesia, do surrealismo, da pintura\u2026\u201d, como confessou \u00e0 CNN, em Agosto. \u201cO meu conhecimento do cinema americano surgiu-me como uma consequ\u00eancia, uma influ\u00eancia indirecta do cinema franc\u00eas\u201d, salientou ent\u00e3o.<\/p>\n<p>                &#13;<br \/>\n                    &#13;<br \/>\n                    &#13;<br \/>\n                        Pai, M\u00e3e, Irm\u00e3, Irm\u00e3o tem estreia comercial em Portugal a 8 de Janeiro&#13;<br \/>\nDR                    &#13;<\/p>\n<p>De resto, depois de uma das hist\u00f3rias de Noite na Terra ter sido rodada em Paris \u2014 o filme acompanha o trabalho nocturno de cinco taxistas noutras tantas grande cidades do mundo: Paris, Nova Iorque, Los Angeles, Roma e Hels\u00ednquia \u2014, tamb\u00e9m um dos tr\u00eas epis\u00f3dios que fazem Pai, M\u00e3e, Irm\u00e3, Irm\u00e3o teve agora como cen\u00e1rio a capital francesa. E o realizador adiantou mesmo \u00e0 r\u00e1dio France Inter estar a pensar filmar os seus novos projectos neste pa\u00eds.<\/p>\n<p>Pai, M\u00e3e, Irm\u00e3, Irm\u00e3o, o \u201c<a href=\"https:\/\/www.publico.pt\/2025\/09\/06\/culturaipsilon\/noticia\/leao-ouro-veneza-jim-jarmusch-2146244\" rel=\"nofollow noopener\" target=\"_blank\">filme sem pol\u00edtica<\/a>\u201d que cruza tr\u00eas hist\u00f3rias familiares num registo de drama e com\u00e9dia, foi j\u00e1 exibido em Portugal em Novembro: a abrir o LEFFEST, em Lisboa, e a encerrar o <a href=\"https:\/\/www.publico.pt\/2025\/11\/28\/culturaipsilon\/noticia\/vida-obra-arte-portopostdoc-2156395\" rel=\"nofollow noopener\" target=\"_blank\">Porto\/Post\/Doc<\/a>. Chegar\u00e1 a novas salas do pa\u00eds a 8 de Janeiro, com um elenco que re\u00fane Tom Waits e Adam Driver, Cate Blanchett e Charlotte Rampling, Indya Moore e Luka Sabbat.<\/p>\n","protected":false},"excerpt":{"rendered":"Jim Jarmusch, realizador norte-americano autor de Pai, M\u00e3e, Irm\u00e3, Irm\u00e3o, que arrecadou o Le\u00e3o de Ouro no Festival&hellip;\n","protected":false},"author":2,"featured_media":204252,"comment_status":"","ping_status":"","sticky":false,"template":"","format":"standard","meta":{"footnotes":""},"categories":[85],"tags":[470,315,1413,92,114,115,208,17500,39150,32,33],"class_list":{"0":"post-204251","1":"post","2":"type-post","3":"status-publish","4":"format-standard","5":"has-post-thumbnail","7":"category-entretenimento","8":"tag-cinema","9":"tag-cultura","10":"tag-cultura-ipsilon","11":"tag-donald-trump","12":"tag-entertainment","13":"tag-entretenimento","14":"tag-franca","15":"tag-jim-jarmusch","16":"tag-nouvelle-vague","17":"tag-portugal","18":"tag-pt"},"share_on_mastodon":{"url":"https:\/\/pubeurope.com\/@pt\/115789875318737689","error":""},"_links":{"self":[{"href":"https:\/\/www.europesays.com\/pt\/wp-json\/wp\/v2\/posts\/204251","targetHints":{"allow":["GET"]}}],"collection":[{"href":"https:\/\/www.europesays.com\/pt\/wp-json\/wp\/v2\/posts"}],"about":[{"href":"https:\/\/www.europesays.com\/pt\/wp-json\/wp\/v2\/types\/post"}],"author":[{"embeddable":true,"href":"https:\/\/www.europesays.com\/pt\/wp-json\/wp\/v2\/users\/2"}],"replies":[{"embeddable":true,"href":"https:\/\/www.europesays.com\/pt\/wp-json\/wp\/v2\/comments?post=204251"}],"version-history":[{"count":0,"href":"https:\/\/www.europesays.com\/pt\/wp-json\/wp\/v2\/posts\/204251\/revisions"}],"wp:featuredmedia":[{"embeddable":true,"href":"https:\/\/www.europesays.com\/pt\/wp-json\/wp\/v2\/media\/204252"}],"wp:attachment":[{"href":"https:\/\/www.europesays.com\/pt\/wp-json\/wp\/v2\/media?parent=204251"}],"wp:term":[{"taxonomy":"category","embeddable":true,"href":"https:\/\/www.europesays.com\/pt\/wp-json\/wp\/v2\/categories?post=204251"},{"taxonomy":"post_tag","embeddable":true,"href":"https:\/\/www.europesays.com\/pt\/wp-json\/wp\/v2\/tags?post=204251"}],"curies":[{"name":"wp","href":"https:\/\/api.w.org\/{rel}","templated":true}]}}