{"id":204264,"date":"2025-12-27T05:52:12","date_gmt":"2025-12-27T05:52:12","guid":{"rendered":"https:\/\/www.europesays.com\/pt\/204264\/"},"modified":"2025-12-27T05:52:12","modified_gmt":"2025-12-27T05:52:12","slug":"video-a-lei-de-dorgu-manchester-united-regressa-as-vitorias","status":"publish","type":"post","link":"https:\/\/www.europesays.com\/pt\/204264\/","title":{"rendered":"V\u00cdDEO: \u00e0 \u00ablei de Dorgu\u00bb, Manchester United regressa \u00e0s vit\u00f3rias"},"content":{"rendered":"<p>O Manchester United, de Ruben Amorim, regressou \u00e0s vit\u00f3rias na Premier League.\u00a0 Sem Bruno Fernandes, de fora por les\u00e3o, foi Patrick Dorgu que, com um gola\u00e7o, deu o triunfo na rece\u00e7\u00e3o ao Newcastle <a href=\"https:\/\/maisfutebol.iol.pt\/jogo\/manchester-united\/newcastle-united\/13825406\" rel=\"nofollow noopener\" target=\"_blank\">(1-0).<\/a>\u00a0Pela primeira vez na Premier League, o treinador portugu\u00eas alinhou com uma defesa a quatro.\u00a0<\/p>\n<p>O golo da vit\u00f3ria surgiu numa primeira parte. Ainda antes da meia hora de jogo, o dinamarqu\u00eas tirou um coelho da cartola na sequ\u00eancia de um lan\u00e7amento cobrado por Dalot. O esf\u00e9rico sobrou para Dorgu que, de primeira, n\u00e3o deixou a bola cair no ch\u00e3o. Entrou no canto superior esquerdo da baliza de Aaron Ramsdale, que n\u00e3o conseguia fazer melhor.\u00a0<\/p>\n<p>At\u00e9 ao final o jogo apertou para a equipa de R\u00faben Amorim. Os \u00abMagpies\u00bb encostaram os \u00abRed Devils\u00bb \u00e0 parede e, com mais de 60 por cento de posse de bola, estiveram por cima durante quase toda a segunda parte, em especial ap\u00f3s a sa\u00edda de Casemiro \u00e0 hora de jogo.<\/p>\n<p>No entanto, o Manchester United aguentou e o apito final ditou mesmo uma vit\u00f3ria (1-0) para a equipa da casa.<\/p>\n<p>Com este triunfo, o United sobe aos lugares europeus, assumindo a quinta posi\u00e7\u00e3o com 29 pontos, sendo que a maioria das equipas n\u00e3o jogou na 18.\u00aa jornada da Premier League. O Newcastle, por sua vez, \u00e9 11.\u00ba com 23 pontos.<\/p>\n<p><a href=\"https:\/\/maisfutebol.iol.pt\/resultadoseclassificacoes\/107\/inglaterra\/premier-league\" rel=\"nofollow noopener\" target=\"_blank\">Confira os jogos e a classifica\u00e7\u00e3o da Premier League.<\/a><\/p>\n","protected":false},"excerpt":{"rendered":"O Manchester United, de Ruben Amorim, regressou \u00e0s vit\u00f3rias na Premier League.\u00a0 Sem Bruno Fernandes, de fora por&hellip;\n","protected":false},"author":2,"featured_media":204265,"comment_status":"","ping_status":"","sticky":false,"template":"","format":"standard","meta":{"footnotes":""},"categories":[87],"tags":[14370,135,665,82,46,663,2318,32,666,33,47,527,5434,5920,1052,134],"class_list":{"0":"post-204264","1":"post","2":"type-post","3":"status-publish","4":"format-standard","5":"has-post-thumbnail","7":"category-desporto","8":"tag-dalot","9":"tag-desporto","10":"tag-inglaterra","11":"tag-internacional","12":"tag-maisfutebol","13":"tag-manchester-united","14":"tag-newcastle","15":"tag-portugal","16":"tag-premier-league","17":"tag-pt","18":"tag-pura-paixao","19":"tag-resultados","20":"tag-resultados-hoje","21":"tag-resultados-maisfutebol","22":"tag-ruben-amorim","23":"tag-sports"},"share_on_mastodon":{"url":"https:\/\/pubeurope.com\/@pt\/115789977656508805","error":""},"_links":{"self":[{"href":"https:\/\/www.europesays.com\/pt\/wp-json\/wp\/v2\/posts\/204264","targetHints":{"allow":["GET"]}}],"collection":[{"href":"https:\/\/www.europesays.com\/pt\/wp-json\/wp\/v2\/posts"}],"about":[{"href":"https:\/\/www.europesays.com\/pt\/wp-json\/wp\/v2\/types\/post"}],"author":[{"embeddable":true,"href":"https:\/\/www.europesays.com\/pt\/wp-json\/wp\/v2\/users\/2"}],"replies":[{"embeddable":true,"href":"https:\/\/www.europesays.com\/pt\/wp-json\/wp\/v2\/comments?post=204264"}],"version-history":[{"count":0,"href":"https:\/\/www.europesays.com\/pt\/wp-json\/wp\/v2\/posts\/204264\/revisions"}],"wp:featuredmedia":[{"embeddable":true,"href":"https:\/\/www.europesays.com\/pt\/wp-json\/wp\/v2\/media\/204265"}],"wp:attachment":[{"href":"https:\/\/www.europesays.com\/pt\/wp-json\/wp\/v2\/media?parent=204264"}],"wp:term":[{"taxonomy":"category","embeddable":true,"href":"https:\/\/www.europesays.com\/pt\/wp-json\/wp\/v2\/categories?post=204264"},{"taxonomy":"post_tag","embeddable":true,"href":"https:\/\/www.europesays.com\/pt\/wp-json\/wp\/v2\/tags?post=204264"}],"curies":[{"name":"wp","href":"https:\/\/api.w.org\/{rel}","templated":true}]}}