{"id":204266,"date":"2025-12-27T05:53:43","date_gmt":"2025-12-27T05:53:43","guid":{"rendered":"https:\/\/www.europesays.com\/pt\/204266\/"},"modified":"2025-12-27T05:53:43","modified_gmt":"2025-12-27T05:53:43","slug":"vai-viajar-cuidados-contra-a-dengue-em-casa-e-no-destino","status":"publish","type":"post","link":"https:\/\/www.europesays.com\/pt\/204266\/","title":{"rendered":"Vai viajar? Cuidados contra a dengue em casa e no destino"},"content":{"rendered":"<p>A temporada de ver\u00e3o acende o alerta para a necessidade de intensificar as medidas de combate \u00e0 dengue. Com as viagens mais frequentes nesta \u00e9poca do ano, a recomenda\u00e7\u00e3o \u00e9 redobrar os cuidados tanto em casa, especialmente quando o im\u00f3vel ficar\u00e1 fechado, quanto nos locais de destino, onde ambientes permanecem sem uso por longos per\u00edodos.<\/p>\n<p>As altas temperaturas favorecem a prolifera\u00e7\u00e3o do Aedes aegypti, mosquito transmissor da doen\u00e7a. A <strong><a href=\"https:\/\/www.instagram.com\/saudepr\/\" rel=\"nofollow noopener\" target=\"_blank\">Secretaria de Estado da Sa\u00fade do Paran\u00e1 (Sesa)<\/a><\/strong> alerta que o estado e o pa\u00eds entram no per\u00edodo mais cr\u00edtico, mesmo diante da queda expressiva de casos.<\/p>\n<p>De janeiro a dezembro deste ano, foram registrados 91.037 casos de dengue no Paran\u00e1, contra 617.567 no mesmo per\u00edodo de 2024 \u2014 uma redu\u00e7\u00e3o de 85%, acima da m\u00e9dia nacional, de 74%.<\/p>\n<p>Para o secret\u00e1rio estadual da Sa\u00fade, Beto Preto, o momento exige aten\u00e7\u00e3o cont\u00ednua. \u201cConseguimos conter o crescimento de casos e \u00f3bitos por dengue, mas n\u00e3o h\u00e1 tr\u00e9gua nessa guerra. Um descuido em casa pode ser decisivo para a prolifera\u00e7\u00e3o do mosquito. A doen\u00e7a \u00e9 grave e pode matar\u201d, alerta.<\/p>\n<p>Antes de viajar, a orienta\u00e7\u00e3o \u00e9 fazer um checklist em todos os ambientes internos e externos da resid\u00eancia, eliminando qualquer possibilidade de ac\u00famulo de \u00e1gua, inclusive em recipientes pequenos. O mesmo cuidado deve ser adotado no local de hospedagem, especialmente ap\u00f3s per\u00edodos de chuva.<\/p>\n<p>Dengue <\/p>\n<p>Al\u00e9m da dengue, o Aedes aegypti tamb\u00e9m transmite zika e chikungunya. Entre as medidas recomendadas est\u00e3o tampar caixas-d\u2019\u00e1gua, ralos e pias; higienizar bebedouros de animais; descartar corretamente pneus e lixo; limpar calhas e lajes; colocar areia em vasos de plantas e recipientes que possam acumular \u00e1gua; e verificar quintais e varandas, onde at\u00e9 uma tampinha de garrafa pode servir de criadouro.<\/p>\n<p>O uso de repelente tamb\u00e9m \u00e9 indicado como aliado importante, seja na praia, no campo, em balne\u00e1rios ou na cidade. A Sesa indica aten\u00e7\u00e3o ao r\u00f3tulo: o produto deve conter entre 20% e 25% de icaridina, subst\u00e2ncia recomendada pela Organiza\u00e7\u00e3o Mundial da Sa\u00fade (OMS), segura para crian\u00e7as acima de 2 anos e adultos, com prote\u00e7\u00e3o de at\u00e9 dez horas. Outras op\u00e7\u00f5es eficazes s\u00e3o o DEET, com concentra\u00e7\u00e3o m\u00ednima de 10%, e o IR3535 (EBAAP).<\/p>\n<p>Para garantir a efic\u00e1cia, o repelente deve ser aplicado de forma homog\u00eanea nas \u00e1reas expostas do corpo, reaplicado conforme orienta\u00e7\u00e3o do fabricante e n\u00e3o combinado com perfumes, que podem atrair insetos.<\/p>\n<p>(Com informa\u00e7\u00f5es da Ag\u00eancia Estadual de Not\u00edcias)<\/p>\n<p><script async src=\"\/\/www.instagram.com\/embed.js\"><\/script><\/p>\n","protected":false},"excerpt":{"rendered":"A temporada de ver\u00e3o acende o alerta para a necessidade de intensificar as medidas de combate \u00e0 dengue.&hellip;\n","protected":false},"author":2,"featured_media":204267,"comment_status":"","ping_status":"","sticky":false,"template":"","format":"standard","meta":{"footnotes":""},"categories":[86],"tags":[2097,116,4127,32,33,117],"class_list":{"0":"post-204266","1":"post","2":"type-post","3":"status-publish","4":"format-standard","5":"has-post-thumbnail","7":"category-saude","8":"tag-govpr","9":"tag-health","10":"tag-parana","11":"tag-portugal","12":"tag-pt","13":"tag-saude"},"share_on_mastodon":{"url":"https:\/\/pubeurope.com\/@pt\/115789981454814693","error":""},"_links":{"self":[{"href":"https:\/\/www.europesays.com\/pt\/wp-json\/wp\/v2\/posts\/204266","targetHints":{"allow":["GET"]}}],"collection":[{"href":"https:\/\/www.europesays.com\/pt\/wp-json\/wp\/v2\/posts"}],"about":[{"href":"https:\/\/www.europesays.com\/pt\/wp-json\/wp\/v2\/types\/post"}],"author":[{"embeddable":true,"href":"https:\/\/www.europesays.com\/pt\/wp-json\/wp\/v2\/users\/2"}],"replies":[{"embeddable":true,"href":"https:\/\/www.europesays.com\/pt\/wp-json\/wp\/v2\/comments?post=204266"}],"version-history":[{"count":0,"href":"https:\/\/www.europesays.com\/pt\/wp-json\/wp\/v2\/posts\/204266\/revisions"}],"wp:featuredmedia":[{"embeddable":true,"href":"https:\/\/www.europesays.com\/pt\/wp-json\/wp\/v2\/media\/204267"}],"wp:attachment":[{"href":"https:\/\/www.europesays.com\/pt\/wp-json\/wp\/v2\/media?parent=204266"}],"wp:term":[{"taxonomy":"category","embeddable":true,"href":"https:\/\/www.europesays.com\/pt\/wp-json\/wp\/v2\/categories?post=204266"},{"taxonomy":"post_tag","embeddable":true,"href":"https:\/\/www.europesays.com\/pt\/wp-json\/wp\/v2\/tags?post=204266"}],"curies":[{"name":"wp","href":"https:\/\/api.w.org\/{rel}","templated":true}]}}