{"id":204280,"date":"2025-12-27T06:30:13","date_gmt":"2025-12-27T06:30:13","guid":{"rendered":"https:\/\/www.europesays.com\/pt\/204280\/"},"modified":"2025-12-27T06:30:13","modified_gmt":"2025-12-27T06:30:13","slug":"explosoes-em-kiev-capital-ucraniana-sob-forte-ataque-russo","status":"publish","type":"post","link":"https:\/\/www.europesays.com\/pt\/204280\/","title":{"rendered":"Explos\u00f5es em Kiev: capital ucraniana sob forte ataque russo"},"content":{"rendered":"<p data-remotead-prev-elm=\"true\" data-remotead-elm-id=\"inread\">&#8220;Explos\u00f5es na capital. As for\u00e7as de defesa a\u00e9rea est\u00e3o em funcionamento. Permane\u00e7am nos abrigos!&#8221;, disse o presidente da C\u00e2mara de Kiev, Vitali Klitschko, no Telegram.<\/p>\n<p>&#8220;Por favor, permane\u00e7am em locais seguros! O inimigo est\u00e1 a atacar a capital&#8221;, declarou, por sua vez, o chefe da administra\u00e7\u00e3o militar local, Timur Tkatchenko.<\/p>\n<p>A For\u00e7a A\u00e9rea da Ucr\u00e2nia anunciou tamb\u00e9m um alerta a\u00e9reo em todo o pa\u00eds \u00e0s primeiras horas de s\u00e1bado e informou nas redes sociais que drones e m\u00edsseis estavam a sobrevoar v\u00e1rias regi\u00f5es da Ucr\u00e2nia, incluindo a capital.<\/p>\n<p data-remotead-prev-elm=\"true\" data-remotead-elm-id=\"centro1\">Os jornalistas da AFP em Kiev ouviram v\u00e1rias explos\u00f5es fortes pelas 1.30 horas locais (23.30 horas de sexta-feira em Portugal continental), algumas acompanhadas de clar\u00f5es intensos.<\/p>\n<p>O alerta a\u00e9reo surge no momento em que o presidente da Ucr\u00e2nia, Volodymyr Zelensky, se prepara para se reunir com o presidente Donald Trump na Florida, no domingo, para discutir uma proposta de plano para p\u00f4r fim aos combates que mataram dezenas de milhares de pessoas desde 2022. A R\u00fassia acusou Zelensky e os seus aliados da Uni\u00e3o Europeia (UE), na sexta-feira, de tentarem &#8220;sabotar&#8221; o plano mediado pelos EUA. O plano mais recente \u00e9 uma proposta de 20 pontos que congelaria a guerra na atual linha da frente, mas abriria caminho para a Ucr\u00e2nia retirar tropas do leste, onde poderiam ser criadas zonas tamp\u00e3o desmilitarizadas, de acordo com detalhes revelados por Zelensky esta semana.<\/p>\n","protected":false},"excerpt":{"rendered":"&#8220;Explos\u00f5es na capital. As for\u00e7as de defesa a\u00e9rea est\u00e3o em funcionamento. Permane\u00e7am nos abrigos!&#8221;, disse o presidente da&hellip;\n","protected":false},"author":2,"featured_media":204281,"comment_status":"","ping_status":"","sticky":false,"template":"","format":"standard","meta":{"footnotes":""},"categories":[50],"tags":[27,28,15,16,889,14,25,26,21,22,62,12,13,19,20,23,24,839,17,18,840,29,30,31,63,64,65],"class_list":{"0":"post-204280","1":"post","2":"type-post","3":"status-publish","4":"format-standard","5":"has-post-thumbnail","7":"category-mundo","8":"tag-breaking-news","9":"tag-breakingnews","10":"tag-featured-news","11":"tag-featurednews","12":"tag-guerra-na-ucrania","13":"tag-headlines","14":"tag-latest-news","15":"tag-latestnews","16":"tag-main-news","17":"tag-mainnews","18":"tag-mundo","19":"tag-news","20":"tag-noticias","21":"tag-noticias-principais","22":"tag-noticiasprincipais","23":"tag-principais-noticias","24":"tag-principaisnoticias","25":"tag-russia","26":"tag-top-stories","27":"tag-topstories","28":"tag-ucrania","29":"tag-ultimas","30":"tag-ultimas-noticias","31":"tag-ultimasnoticias","32":"tag-world","33":"tag-world-news","34":"tag-worldnews"},"share_on_mastodon":{"url":"https:\/\/pubeurope.com\/@pt\/115790127021636852","error":""},"_links":{"self":[{"href":"https:\/\/www.europesays.com\/pt\/wp-json\/wp\/v2\/posts\/204280","targetHints":{"allow":["GET"]}}],"collection":[{"href":"https:\/\/www.europesays.com\/pt\/wp-json\/wp\/v2\/posts"}],"about":[{"href":"https:\/\/www.europesays.com\/pt\/wp-json\/wp\/v2\/types\/post"}],"author":[{"embeddable":true,"href":"https:\/\/www.europesays.com\/pt\/wp-json\/wp\/v2\/users\/2"}],"replies":[{"embeddable":true,"href":"https:\/\/www.europesays.com\/pt\/wp-json\/wp\/v2\/comments?post=204280"}],"version-history":[{"count":0,"href":"https:\/\/www.europesays.com\/pt\/wp-json\/wp\/v2\/posts\/204280\/revisions"}],"wp:featuredmedia":[{"embeddable":true,"href":"https:\/\/www.europesays.com\/pt\/wp-json\/wp\/v2\/media\/204281"}],"wp:attachment":[{"href":"https:\/\/www.europesays.com\/pt\/wp-json\/wp\/v2\/media?parent=204280"}],"wp:term":[{"taxonomy":"category","embeddable":true,"href":"https:\/\/www.europesays.com\/pt\/wp-json\/wp\/v2\/categories?post=204280"},{"taxonomy":"post_tag","embeddable":true,"href":"https:\/\/www.europesays.com\/pt\/wp-json\/wp\/v2\/tags?post=204280"}],"curies":[{"name":"wp","href":"https:\/\/api.w.org\/{rel}","templated":true}]}}