{"id":204290,"date":"2025-12-27T06:47:27","date_gmt":"2025-12-27T06:47:27","guid":{"rendered":"https:\/\/www.europesays.com\/pt\/204290\/"},"modified":"2025-12-27T06:47:27","modified_gmt":"2025-12-27T06:47:27","slug":"arnold-schwarzenegger-reencontra-a-ex-mulher-apos-14-anos-de-traicao-r7-entretenimento","status":"publish","type":"post","link":"https:\/\/www.europesays.com\/pt\/204290\/","title":{"rendered":"Arnold Schwarzenegger reencontra a ex-mulher ap\u00f3s 14 anos de trai\u00e7\u00e3o \u2013 R7 Entretenimento"},"content":{"rendered":"<p>Arnold Schwarzenegger reencontrou a ex depois de ter tra\u00eddo a mulher h\u00e1 14 anos. O ator e ex-fisiculturista foi casado com a jornalista Maria Shriver por 25 anos e teve quatro filhos com ela. Mas eles se separaram em 2011, depois do esc\u00e2ndalo de um caso extraconjugal com a empregada dom\u00e9stica da fam\u00edlia.<\/p>\n<p>Foi a\u00ed que Schwarzenegger teve um filho fora do casamento, na mesma \u00e9poca em que era governador da Calif\u00f3rnia, nos Estados Unidos. Ele e Maria ficaram anos brigando pelo div\u00f3rcio na Justi\u00e7a. Mas, agora, parece que a paz reinou! O ex-casal esteve junto na v\u00e9spera do Natal, e o encontro foi registrado por uma das filhas deles.<\/p>\n<p><b>O PlayPlus agora \u00e9 RecordPlus: mais conte\u00fado da RECORD para voc\u00ea, ao vivo e de gra\u00e7a. Baixe o app <b><a href=\"https:\/\/descubra.recordplus.com\/\" rel=\"nofollow noopener\" target=\"_blank\">aqui!<\/a><\/b><\/b><\/p>\n","protected":false},"excerpt":{"rendered":"Arnold Schwarzenegger reencontrou a ex depois de ter tra\u00eddo a mulher h\u00e1 14 anos. O ator e ex-fisiculturista&hellip;\n","protected":false},"author":2,"featured_media":204291,"comment_status":"","ping_status":"","sticky":false,"template":"","format":"standard","meta":{"footnotes":""},"categories":[145],"tags":[4552,211,210,114,115,32,33],"class_list":{"0":"post-204290","1":"post","2":"type-post","3":"status-publish","4":"format-standard","5":"has-post-thumbnail","7":"category-celebridades","8":"tag-a-hora-da-venenosa","9":"tag-celebridades","10":"tag-celebrities","11":"tag-entertainment","12":"tag-entretenimento","13":"tag-portugal","14":"tag-pt"},"share_on_mastodon":{"url":"https:\/\/pubeurope.com\/@pt\/115790193846218366","error":""},"_links":{"self":[{"href":"https:\/\/www.europesays.com\/pt\/wp-json\/wp\/v2\/posts\/204290","targetHints":{"allow":["GET"]}}],"collection":[{"href":"https:\/\/www.europesays.com\/pt\/wp-json\/wp\/v2\/posts"}],"about":[{"href":"https:\/\/www.europesays.com\/pt\/wp-json\/wp\/v2\/types\/post"}],"author":[{"embeddable":true,"href":"https:\/\/www.europesays.com\/pt\/wp-json\/wp\/v2\/users\/2"}],"replies":[{"embeddable":true,"href":"https:\/\/www.europesays.com\/pt\/wp-json\/wp\/v2\/comments?post=204290"}],"version-history":[{"count":0,"href":"https:\/\/www.europesays.com\/pt\/wp-json\/wp\/v2\/posts\/204290\/revisions"}],"wp:featuredmedia":[{"embeddable":true,"href":"https:\/\/www.europesays.com\/pt\/wp-json\/wp\/v2\/media\/204291"}],"wp:attachment":[{"href":"https:\/\/www.europesays.com\/pt\/wp-json\/wp\/v2\/media?parent=204290"}],"wp:term":[{"taxonomy":"category","embeddable":true,"href":"https:\/\/www.europesays.com\/pt\/wp-json\/wp\/v2\/categories?post=204290"},{"taxonomy":"post_tag","embeddable":true,"href":"https:\/\/www.europesays.com\/pt\/wp-json\/wp\/v2\/tags?post=204290"}],"curies":[{"name":"wp","href":"https:\/\/api.w.org\/{rel}","templated":true}]}}