{"id":204304,"date":"2025-12-27T07:12:47","date_gmt":"2025-12-27T07:12:47","guid":{"rendered":"https:\/\/www.europesays.com\/pt\/204304\/"},"modified":"2025-12-27T07:12:47","modified_gmt":"2025-12-27T07:12:47","slug":"santa-maria-maior-fechada-a-porta-santa-makrickas-o-coracao-de-deus-permanece-aberto","status":"publish","type":"post","link":"https:\/\/www.europesays.com\/pt\/204304\/","title":{"rendered":"Santa Maria Maior, fechada a Porta Santa. Makrickas: o cora\u00e7\u00e3o de Deus permanece aberto"},"content":{"rendered":"<p>Na tarde deste dia 25 de dezembro, na Bas\u00edlica Liberiana, o rito de fechamento da Porta Santa. O cardeal arcipreste: abrir-se para ouvir a Palavra, a acolher o outro, a perdoar. A esperan\u00e7a \u00e9 luz a ser traduzida em ora\u00e7\u00e3o e aten\u00e7\u00e3o aos pobres para ser Igreja \u201ccom o Evangelho nas m\u00e3os e o irm\u00e3o no cora\u00e7\u00e3o\u201d.<\/p>\n<p style=\"text-align: justify;\"><b>Isabella Piro \u2013 Vatican News<\/b><\/p>\n<p style=\"text-align: justify;\">As badaladas da Sperduta, o antigo sino que remete ao sentido da peregrina\u00e7\u00e3o, acompanham o fechamento da Porta Santa da Bas\u00edlica papal de Santa Maria Maior. No crep\u00fasculo de 25 de dezembro, solenidade do Natal do Senhor, em uma Roma banhada por uma chuva cont\u00ednua, muitos peregrinos assistem, dentro do templo mariano, ao antigo rito, presidido pelo cardeal arcipreste Rolandas Makrickas. \u201cAo fecharmos esta Porta Santa, acreditamos que o cora\u00e7\u00e3o do Ressuscitado, fonte inesgot\u00e1vel de vida nova, permanece sempre aberto para aqueles que nele esperam\u201d, afirma.<\/p>\n<p><b>Um ritual antigo e solene<\/b> <\/p>\n<p style=\"text-align: justify;\">Ent\u00e3o, em sil\u00eancio, o cardeal sobe os degraus que conduzem \u00e0 Porta. E, sempre em sil\u00eancio, ajoelha-se na soleira, permanecendo ali em ora\u00e7\u00e3o. Por fim, levanta-se e fecha as portas. Passou-se quase um ano desde a sua abertura, ocorrida em 1\u00ba de janeiro de 2025. A escolha de fech\u00e1-la em 25 de dezembro n\u00e3o \u00e9 casual: em Santa Maria Maior, de fato, s\u00e3o guardadas as rel\u00edquias da Manjedoura onde foi colocado o Menino Jesus rec\u00e9m-nascido.<\/p>\n<p>Tornar-se portas abertas para os outros <\/p>\n<p style=\"text-align: justify;\">\u201cO que se fecha n\u00e3o \u00e9 a gra\u00e7a divina, mas um tempo especial da Igreja, e o que permanece aberto para sempre \u00e9 o cora\u00e7\u00e3o misericordioso de Deus\u201d, sublinha o cardeal Makrickas durante a missa que segue o rito e que \u00e9 animada pela Capela Musical Liberiana, que neste Ano Jubilar celebra o 480\u00ba anivers\u00e1rio de sua funda\u00e7\u00e3o formal.<\/p>\n<p style=\"text-align: justify;\">\u201cHoje vimos a Porta Santa se fechar\u201d, sublinha ainda o cardeal, \u201cmas a porta que realmente importa continua sendo a do nosso cora\u00e7\u00e3o: ela se abre quando escuta a Palavra de Deus, se dilata quando acolhe o irm\u00e3o, se fortalece quando perdoa e pede perd\u00e3o\u201d. Da\u00ed o convite para lembrar que \u201catravessar a Porta Santa foi um dom e, a partir de hoje, tornar-nos portas abertas para os outros \u00e9 a nossa miss\u00e3o para o futuro\u201d. Um gesto simples e solene torna-se, assim, \u201cmem\u00f3ria grata e miss\u00e3o corajosa\u201d.<\/p>\n<p>    <img decoding=\"async\" src=\"data:image\/gif;base64,R0lGODlhAQABAIAAAAAAAP\/\/\/yH5BAEAAAAALAAAAAABAAEAAAIBRAA7\" data-original=\"https:\/\/www.vaticannews.va\/content\/dam\/vaticannews\/agenzie\/images\/reuters\/2025\/12\/25\/20\/1766691103002.JPG\/_jcr_content\/renditions\/cq5dam.thumbnail.cropped.750.422.jpeg\" alt=\"Momento do fechamento da Porta Santa\" title=\"Momento do fechamento da Porta Santa\"\/><\/p>\n<p>\n   Momento do fechamento da Porta Santa \u00a0 (AFP)\n  <\/p>\n<p>Um Jubileu, dois Papas <\/p>\n<p style=\"text-align: justify;\">Na homilia, o arcipreste destaca a particularidade do Jubileu da esperan\u00e7a que est\u00e1 prestes a terminar: um Ano Santo iniciado pelo Papa Francisco e depois continuado pelo Papa Le\u00e3o. Um precedente semelhante s\u00f3 se encontra no Ano Santo de 1700, iniciado por Inoc\u00eancio XII e encerrado por Clemente XI. Mas hoje, como ent\u00e3o, tratou-se de \u201cuma passagem do testemunho e da lideran\u00e7a que nos entrega a imagem da vida da Igreja que nunca se interrompe\u201d. Porque \u201co Senhor nunca abandona a Sua Igreja\u201d.<\/p>\n<p>A paz \u00e9 poss\u00edvel <\/p>\n<p style=\"text-align: justify;\">O Jubileu da Esperan\u00e7a, continua o cardeal, foi \u201cum momento em que a Igreja anunciou, mais uma vez ao mundo inteiro, que Deus n\u00e3o est\u00e1 longe, que a paz \u00e9 poss\u00edvel, que a miseric\u00f3rdia \u00e9 mais forte do que o pecado\u201d. E, seguindo os passos dos pont\u00edfices Bergoglio e Prevost, Makrickas lembra que a esperan\u00e7a n\u00e3o \u00e9 ilus\u00e3o, nem evas\u00e3o, nem otimismo ing\u00eanuo, mas \u201cfor\u00e7a concreta que abre novos caminhos\u201d, \u201cdecis\u00e3o no sinal do amor\u201d, \u201cparticipa\u00e7\u00e3o na vida do Verbo feito carne, luz que nenhuma noite pode apagar\u201d.<\/p>\n<p>A esperan\u00e7a nasce da acolhida <\/p>\n<p style=\"text-align: justify;\">O ano jubilar, portanto, n\u00e3o \u00e9 \u201cum evento a ser arquivado ao seu t\u00e9rmino, mas um convite a permanecer \u00e0 escuta do Filho, porque sem a escuta da Palavra, a esperan\u00e7a se apaga\u201d. O exemplo a seguir, acrescenta o cardeal arcipreste, \u00e9 o de Maria, que \u201censinou a todos que a esperan\u00e7a nasce da acolhida: acolher Deus na vida, acolher o outro, acolher o futuro sem medo\u201d. S\u00f3 assim, ou seja, deixando Deus entrar no cora\u00e7\u00e3o, \u00e9 poss\u00edvel abrir a verdadeira Porta Santa, \u201ca da miseric\u00f3rdia, da reconcilia\u00e7\u00e3o, da fraternidade\u201d.<\/p>\n<p>Traduzir o Ano Santo em gestos concretos <\/p>\n<p style=\"text-align: justify;\">Por fim, da Bas\u00edlica que guarda o \u00edcone mariano da Salus Populi Romani, bem como os restos mortais do Papa Francisco e de v\u00e1rios outros Pont\u00edfices, o cardeal Makrickas convida os fi\u00e9is a traduzir os momentos fortes do Jubileu em ora\u00e7\u00e3o renovada, aten\u00e7\u00e3o concreta aos pobres, reconcilia\u00e7\u00e3o nas fam\u00edlias, compromisso criativo no trabalho, presen\u00e7a misericordiosa na comunidade. S\u00f3 assim, de fato, ser\u00e1 poss\u00edvel ter a coragem de ser \u201cuma Igreja com o Evangelho nas m\u00e3os e o irm\u00e3o no cora\u00e7\u00e3o\u201d.<\/p>\n<p>    <img decoding=\"async\" src=\"data:image\/gif;base64,R0lGODlhAQABAIAAAAAAAP\/\/\/yH5BAEAAAAALAAAAAABAAEAAAIBRAA7\" data-original=\"https:\/\/www.vaticannews.va\/content\/dam\/vaticannews\/agenzie\/images\/srv\/2025\/12\/25\/2025-12-25-chiusura-della-porta-santa-di-santa-maria-maggiore\/1766682999912.JPG\/_jcr_content\/renditions\/cq5dam.thumbnail.cropped.750.422.jpeg\" alt=\"Momento da celebra\u00e7\u00e3o Eucar\u00edstica\" title=\"Momento da celebra\u00e7\u00e3o Eucar\u00edstica\"\/><\/p>\n<p>\n   Momento da celebra\u00e7\u00e3o Eucar\u00edstica \u00a0 (@VATICAN MEDIA)\n  <\/p>\n<p>A ora\u00e7\u00e3o pelos pobres <\/p>\n<p style=\"text-align: justify;\">Durante a ora\u00e7\u00e3o dos fi\u00e9is, inten\u00e7\u00f5es particulares s\u00e3o elevadas pela Igreja, para que seja sempre fiel \u00e0 sua miss\u00e3o de anunciar a Boa Nova; pelos peregrinos que atravessaram a Porta Santa, para que, renovados na esperan\u00e7a, testemunhem o amor do Senhor; por aqueles que buscam a verdade, para que encontrem em Deus a luz, a Palavra e a for\u00e7a que vencem as trevas, a d\u00favida e o cansa\u00e7o.<\/p>\n<p style=\"text-align: justify;\">Reza-se ent\u00e3o pela assembleia e pela sua vontade de uma \u201caten\u00e7\u00e3o renovada \u00e0s necessidades dos pobres\u201d. A missa termina com as notas do tradicional canto natalino Astro del ciel e com a b\u00ean\u00e7\u00e3o solene do cardeal arcipreste.<\/p>\n<p>A Virgem Maria, Salus Populi Romani <\/p>\n<p style=\"text-align: justify;\">Realizada pelo escultor Luigi Enzo Mattei e inaugurada por S\u00e3o Jo\u00e3o Paulo II em 8 de dezembro de 2001, a Porta Santa da Bas\u00edlica Liberiana foi aberta pela primeira vez pelo Papa Francisco em 1\u00ba de janeiro de 2016, por ocasi\u00e3o do Jubileu Extraordin\u00e1rio da Miseric\u00f3rdia. Inspirada na imagem do homem do Sud\u00e1rio, ela representa Cristo aparecendo \u00e0 Virgem Maria, Salus Populi Romani. No canto superior esquerdo, a Anuncia\u00e7\u00e3o a Maria e, \u00e0 direita, o Pentecostes. No canto inferior esquerdo, o Conc\u00edlio de \u00c9feso, que decretou Maria M\u00e3e de Deus, e, \u00e0 direita, o Conc\u00edlio Vaticano II, que a proclamou M\u00e3e da Igreja.<\/p>\n<p>O fechamento das outras Portas Santas <\/p>\n<p style=\"text-align: justify;\">A Porta Santa da Bas\u00edlica Liberiana foi a primeira, entre as bas\u00edlicas papais, a ser fechada. Na manh\u00e3 deste s\u00e1bado, 27 de dezembro, ser\u00e1 a vez de S\u00e3o Jo\u00e3o de Latr\u00e3o, enquanto no dia seguinte, domingo, 28 de dezembro, festa da Sagrada Fam\u00edlia, ser\u00e1 a vez de S\u00e3o Paulo Fora dos Muros. Os ritos ser\u00e3o presididos pelos respectivos cardeais arciprestes, Baldassare Reina e James Michael Harvey. Le\u00e3o XIV fechar\u00e1 a Porta Santa da Bas\u00edlica do Vaticano no pr\u00f3ximo dia 6 de janeiro, solenidade da Epifania do Senhor.<\/p>\n","protected":false},"excerpt":{"rendered":"Na tarde deste dia 25 de dezembro, na Bas\u00edlica Liberiana, o rito de fechamento da Porta Santa. O&hellip;\n","protected":false},"author":2,"featured_media":204305,"comment_status":"","ping_status":"","sticky":false,"template":"","format":"standard","meta":{"footnotes":""},"categories":[50],"tags":[1330,27,28,15,16,14,3992,25,26,21,22,62,12,13,19,20,23,24,29396,17,18,29,30,31,63,64,65],"class_list":{"0":"post-204304","1":"post","2":"type-post","3":"status-publish","4":"format-standard","5":"has-post-thumbnail","7":"category-mundo","8":"tag-jubileu2025","9":"tag-breaking-news","10":"tag-breakingnews","11":"tag-featured-news","12":"tag-featurednews","13":"tag-headlines","14":"tag-jubileu","15":"tag-latest-news","16":"tag-latestnews","17":"tag-main-news","18":"tag-mainnews","19":"tag-mundo","20":"tag-news","21":"tag-noticias","22":"tag-noticias-principais","23":"tag-noticiasprincipais","24":"tag-principais-noticias","25":"tag-principaisnoticias","26":"tag-santa-maria-maior","27":"tag-top-stories","28":"tag-topstories","29":"tag-ultimas","30":"tag-ultimas-noticias","31":"tag-ultimasnoticias","32":"tag-world","33":"tag-world-news","34":"tag-worldnews"},"share_on_mastodon":{"url":"https:\/\/pubeurope.com\/@pt\/115790296071651997","error":""},"_links":{"self":[{"href":"https:\/\/www.europesays.com\/pt\/wp-json\/wp\/v2\/posts\/204304","targetHints":{"allow":["GET"]}}],"collection":[{"href":"https:\/\/www.europesays.com\/pt\/wp-json\/wp\/v2\/posts"}],"about":[{"href":"https:\/\/www.europesays.com\/pt\/wp-json\/wp\/v2\/types\/post"}],"author":[{"embeddable":true,"href":"https:\/\/www.europesays.com\/pt\/wp-json\/wp\/v2\/users\/2"}],"replies":[{"embeddable":true,"href":"https:\/\/www.europesays.com\/pt\/wp-json\/wp\/v2\/comments?post=204304"}],"version-history":[{"count":0,"href":"https:\/\/www.europesays.com\/pt\/wp-json\/wp\/v2\/posts\/204304\/revisions"}],"wp:featuredmedia":[{"embeddable":true,"href":"https:\/\/www.europesays.com\/pt\/wp-json\/wp\/v2\/media\/204305"}],"wp:attachment":[{"href":"https:\/\/www.europesays.com\/pt\/wp-json\/wp\/v2\/media?parent=204304"}],"wp:term":[{"taxonomy":"category","embeddable":true,"href":"https:\/\/www.europesays.com\/pt\/wp-json\/wp\/v2\/categories?post=204304"},{"taxonomy":"post_tag","embeddable":true,"href":"https:\/\/www.europesays.com\/pt\/wp-json\/wp\/v2\/tags?post=204304"}],"curies":[{"name":"wp","href":"https:\/\/api.w.org\/{rel}","templated":true}]}}