{"id":204311,"date":"2025-12-27T07:24:10","date_gmt":"2025-12-27T07:24:10","guid":{"rendered":"https:\/\/www.europesays.com\/pt\/204311\/"},"modified":"2025-12-27T07:24:10","modified_gmt":"2025-12-27T07:24:10","slug":"dispositivos-estao-ligados-whatsapp-revela-mais-informacao","status":"publish","type":"post","link":"https:\/\/www.europesays.com\/pt\/204311\/","title":{"rendered":"Dispositivos est\u00e3o ligados? WhatsApp revela mais informa\u00e7\u00e3o"},"content":{"rendered":"<p>Com tantas situa\u00e7\u00f5es de seguran\u00e7a reveladas recentemente, os utilizadores do WhatsApp precisam de toda a ajuda dispon\u00edvel. Isso estar\u00e1 a chegar, com a nova op\u00e7\u00e3o do servi\u00e7o da Meta, que ser\u00e1 mais claro a revelar que dispositivos est\u00e3o ligados e que informa\u00e7\u00e3o adicional oferecem.<\/p>\n<p><a target=\"_blank\" href=\"https:\/\/pplware.sapo.pt\/wp-content\/uploads\/2025\/11\/whatsapp_seguranca_1.jpg\" onclick=\"refreshIframe()\" class=\"foobox\" rel=\"nofollow noopener\"><img fetchpriority=\"high\" decoding=\"async\" src=\"https:\/\/www.europesays.com\/pt\/wp-content\/uploads\/2025\/12\/whatsapp_seguranca_1-1024x576.jpg\" alt=\"WhatsApp dispositivos informa\u00e7\u00e3o utilizadores\" width=\"720\" height=\"405\" class=\"aligncenter size-large wp-image-1087638\"  \/><\/a>\n<\/p>\n<p>Que dispositivos est\u00e3o ligados?<\/p>\n<p>A Meta est\u00e1 a trabalhar em funcionalidades que exibir\u00e3o a lista dos perif\u00e9ricos ligados \u00e0 conta e em melhorias que otimizar\u00e3o a gest\u00e3o de conversas e armazenamento. O servi\u00e7o da Meta quer lan\u00e7ar uma funcionalidade que oferecer\u00e1 uma experi\u00eancia mais completa e, sobretudo, mais transparente para os utilizadores.<\/p>\n<p>Ap\u00f3s o lan\u00e7amento da sua aplica\u00e7\u00e3o oficial para o Apple Watch, a Meta est\u00e1 a trabalhar em novas funcionalidades. Estas est\u00e3o focadas em permitir aos utilizadores identificar quais os acess\u00f3rios que est\u00e3o ligados \u00e0 sua conta, melhorando assim a gest\u00e3o dos mesmos.<\/p>\n<p>De <a target=\"_blank\" href=\"https:\/\/wabetainfo.com\/whatsapp-beta-for-ios-25-37-10-71-whats-new\/\" rel=\"nofollow noopener\">acordo com o WABetaInfo<\/a>, a vers\u00e3o beta 25.37.10.71 do WhatsApp para iOS introduziu uma nova categoria chamada &#8220;Perif\u00e9ricos&#8221; na interface dos dispositivos vinculados. O objetivo \u00e9 proporcionar maior clareza sobre os dispositivos ligados \u00e0 conta, exibindo os seus nomes, bem como a data e hora da \u00faltima atividade .<\/p>\n<p><a target=\"_blank\" href=\"https:\/\/pplware.sapo.pt\/wp-content\/uploads\/2025\/12\/WA_LINKED_DEVICES_CONNECTED_PERIPHERALS_APPLE_WATCH_FEATURE_IOS-scaled.webp\" rel=\"nofollow noopener\"><img loading=\"lazy\" decoding=\"async\" src=\"https:\/\/www.europesays.com\/pt\/wp-content\/uploads\/2025\/12\/WA_LINKED_DEVICES_CONNECTED_PERIPHERALS_APPLE_WATCH_FEATURE_IOS-1024x725.webp.webp\" alt=\"WhatsApp dispositivos informa\u00e7\u00e3o utilizadores\" width=\"720\" height=\"510\" class=\"aligncenter size-large wp-image-1095448\"  \/><\/a><\/p>\n<p>WhatsApp revela mais novidades<\/p>\n<p>Esta nova funcionalidade de perif\u00e9ricos ajudar\u00e1 a evitar situa\u00e7\u00f5es em que uma conta esteja ligada ao Apple Watch de outra pessoa sem o conhecimento do utilizador. Ajudar\u00e1 ainda a detetar situa\u00e7\u00f5es de viola\u00e7\u00e3o da seguran\u00e7a ou roubo da conta.<\/p>\n<p>Al\u00e9m disso, a Meta <a target=\"_blank\" href=\"https:\/\/wabetainfo.com\/whatsapp-beta-for-ios-25-37-10-72-whats-new\/\" rel=\"nofollow noopener\">est\u00e1 a preparar melhorias<\/a> na gest\u00e3o e armazenamento de conversas. Os utilizadores poder\u00e3o limitar o armazenamento de conversas com op\u00e7\u00f5es para excluir mensagens espec\u00edficas ou categorias de media. Tamb\u00e9m ser\u00e1 poss\u00edvel eliminar todos os ficheiros multim\u00e9dia de uma s\u00f3 vez, mantendo as mensagens favoritas intactas.<\/p>\n<p>A caracter\u00edstica mais not\u00e1vel \u00e9 que a interface mostrar\u00e1 claramente quanto espa\u00e7o cada categoria ocupa, facilitando a decis\u00e3o sobre o que eliminar. A data exata de lan\u00e7amento destas funcionalidades na vers\u00e3o est\u00e1vel ainda \u00e9 desconhecida, mas a sua presen\u00e7a na vers\u00e3o beta sugere que poder\u00e3o chegar nas pr\u00f3ximas semanas.<\/p>\n","protected":false},"excerpt":{"rendered":"Com tantas situa\u00e7\u00f5es de seguran\u00e7a reveladas recentemente, os utilizadores do WhatsApp precisam de toda a ajuda dispon\u00edvel. Isso&hellip;\n","protected":false},"author":2,"featured_media":204312,"comment_status":"","ping_status":"","sticky":false,"template":"","format":"standard","meta":{"footnotes":""},"categories":[84],"tags":[109,107,108,11517,1856,32,33,105,103,104,106,110,6774,894],"class_list":{"0":"post-204311","1":"post","2":"type-post","3":"status-publish","4":"format-standard","5":"has-post-thumbnail","7":"category-ciencia-e-tecnologia","8":"tag-ciencia","9":"tag-ciencia-e-tecnologia","10":"tag-cienciaetecnologia","11":"tag-dispositivos","12":"tag-informacao","13":"tag-portugal","14":"tag-pt","15":"tag-science","16":"tag-science-and-technology","17":"tag-scienceandtechnology","18":"tag-technology","19":"tag-tecnologia","20":"tag-utilizadores","21":"tag-whatsapp"},"share_on_mastodon":{"url":"https:\/\/pubeurope.com\/@pt\/115790339643133027","error":""},"_links":{"self":[{"href":"https:\/\/www.europesays.com\/pt\/wp-json\/wp\/v2\/posts\/204311","targetHints":{"allow":["GET"]}}],"collection":[{"href":"https:\/\/www.europesays.com\/pt\/wp-json\/wp\/v2\/posts"}],"about":[{"href":"https:\/\/www.europesays.com\/pt\/wp-json\/wp\/v2\/types\/post"}],"author":[{"embeddable":true,"href":"https:\/\/www.europesays.com\/pt\/wp-json\/wp\/v2\/users\/2"}],"replies":[{"embeddable":true,"href":"https:\/\/www.europesays.com\/pt\/wp-json\/wp\/v2\/comments?post=204311"}],"version-history":[{"count":0,"href":"https:\/\/www.europesays.com\/pt\/wp-json\/wp\/v2\/posts\/204311\/revisions"}],"wp:featuredmedia":[{"embeddable":true,"href":"https:\/\/www.europesays.com\/pt\/wp-json\/wp\/v2\/media\/204312"}],"wp:attachment":[{"href":"https:\/\/www.europesays.com\/pt\/wp-json\/wp\/v2\/media?parent=204311"}],"wp:term":[{"taxonomy":"category","embeddable":true,"href":"https:\/\/www.europesays.com\/pt\/wp-json\/wp\/v2\/categories?post=204311"},{"taxonomy":"post_tag","embeddable":true,"href":"https:\/\/www.europesays.com\/pt\/wp-json\/wp\/v2\/tags?post=204311"}],"curies":[{"name":"wp","href":"https:\/\/api.w.org\/{rel}","templated":true}]}}