{"id":204324,"date":"2025-12-27T07:43:16","date_gmt":"2025-12-27T07:43:16","guid":{"rendered":"https:\/\/www.europesays.com\/pt\/204324\/"},"modified":"2025-12-27T07:43:16","modified_gmt":"2025-12-27T07:43:16","slug":"morre-amos-poe-que-filmou-a-cena-punk-aos-76-anos-26-12-2025-ilustrada","status":"publish","type":"post","link":"https:\/\/www.europesays.com\/pt\/204324\/","title":{"rendered":"Morre Amos Poe, que filmou a cena punk, aos 76 anos &#8211; 26\/12\/2025 &#8211; Ilustrada"},"content":{"rendered":"<p>Amos Poe, expoente do cinema underground de Nova York, morreu nesta quinta-feira, aos 76 anos. A morte foi confirmada por Claudia Summers, mulher do artista, numa publica\u00e7\u00e3o nas redes sociais. &#8220;Amos deu seu \u00faltimo suspiro hoje \u00e0s 15h33, cercado por seus entes queridos.&#8221; O cineasta tratava um <a href=\"https:\/\/www1.folha.uol.com.br\/equilibrioesaude\/2025\/07\/casos-de-cancer-colorretal-devem-crescer-75-na-america-do-sul-ate-2045.shtml\" rel=\"nofollow noopener\" target=\"\">c\u00e2ncer colorretal<\/a> desde 2022.<\/p>\n<p>Nascido em Tel Aviv, em Israel, Poe estreou no cinema h\u00e1 50 anos com o curta-metragem &#8220;Night Lunch&#8221;. Dirigido em parceria com Ivan Kral, o filme \u00e9 um document\u00e1rio musical com a participa\u00e7\u00e3o de artistas como<a href=\"https:\/\/www1.folha.uol.com.br\/folha-topicos\/david-bowie\/\" rel=\"nofollow noopener\" target=\"\"> David Bowie<\/a>. Essa produ\u00e7\u00e3o lan\u00e7ou as bases para &#8220;Blank Generation&#8221;, no ano seguinte.<\/p>\n<p>Um dos filmes mais c\u00e9lebres de Poe, esse foi um dos primeiros trabalhos a mostrar o crescimento do movimento punk em Nova York. O projeto tem a participa\u00e7\u00e3o de artistas como Patti Smith e a banda Talking Heads.<\/p>\n<p>No entanto, um desentendimento com Kral, com que tamb\u00e9m dirigiu &#8220;Blank Generation&#8221;, fez o diretor ter seus cr\u00e9ditos suprimidos desse e de outros projetos. &#8220;Estou tentando ser maduro em rela\u00e7\u00e3o a isso. Mas eles est\u00e3o tentando reescrever a hist\u00f3ria&#8221;, disse Poe, numa entrevista ao jornal The New York Times.<\/p>\n<p>Al\u00e9m de document\u00e1rios, o diretor se aventurou tamb\u00e9m na fic\u00e7\u00e3o, com o longa &#8220;Viol\u00eancia na Cidade&#8221;, de 1984, sobre um traficante. Poe tamb\u00e9m dirigiu videoclipes e um programa de televis\u00e3o.<\/p>\n","protected":false},"excerpt":{"rendered":"Amos Poe, expoente do cinema underground de Nova York, morreu nesta quinta-feira, aos 76 anos. A morte foi&hellip;\n","protected":false},"author":2,"featured_media":204325,"comment_status":"","ping_status":"","sticky":false,"template":"","format":"standard","meta":{"footnotes":""},"categories":[145],"tags":[211,210,470,114,115,235,236,32,33],"class_list":{"0":"post-204324","1":"post","2":"type-post","3":"status-publish","4":"format-standard","5":"has-post-thumbnail","7":"category-celebridades","8":"tag-celebridades","9":"tag-celebrities","10":"tag-cinema","11":"tag-entertainment","12":"tag-entretenimento","13":"tag-estados-unidos","14":"tag-folha","15":"tag-portugal","16":"tag-pt"},"share_on_mastodon":{"url":"https:\/\/pubeurope.com\/@pt\/115790414059201466","error":""},"_links":{"self":[{"href":"https:\/\/www.europesays.com\/pt\/wp-json\/wp\/v2\/posts\/204324","targetHints":{"allow":["GET"]}}],"collection":[{"href":"https:\/\/www.europesays.com\/pt\/wp-json\/wp\/v2\/posts"}],"about":[{"href":"https:\/\/www.europesays.com\/pt\/wp-json\/wp\/v2\/types\/post"}],"author":[{"embeddable":true,"href":"https:\/\/www.europesays.com\/pt\/wp-json\/wp\/v2\/users\/2"}],"replies":[{"embeddable":true,"href":"https:\/\/www.europesays.com\/pt\/wp-json\/wp\/v2\/comments?post=204324"}],"version-history":[{"count":0,"href":"https:\/\/www.europesays.com\/pt\/wp-json\/wp\/v2\/posts\/204324\/revisions"}],"wp:featuredmedia":[{"embeddable":true,"href":"https:\/\/www.europesays.com\/pt\/wp-json\/wp\/v2\/media\/204325"}],"wp:attachment":[{"href":"https:\/\/www.europesays.com\/pt\/wp-json\/wp\/v2\/media?parent=204324"}],"wp:term":[{"taxonomy":"category","embeddable":true,"href":"https:\/\/www.europesays.com\/pt\/wp-json\/wp\/v2\/categories?post=204324"},{"taxonomy":"post_tag","embeddable":true,"href":"https:\/\/www.europesays.com\/pt\/wp-json\/wp\/v2\/tags?post=204324"}],"curies":[{"name":"wp","href":"https:\/\/api.w.org\/{rel}","templated":true}]}}