{"id":204326,"date":"2025-12-27T07:46:25","date_gmt":"2025-12-27T07:46:25","guid":{"rendered":"https:\/\/www.europesays.com\/pt\/204326\/"},"modified":"2025-12-27T07:46:25","modified_gmt":"2025-12-27T07:46:25","slug":"fim-de-semana-na-tv-babylon-a-fotografa-e-il-maestro-televisao","status":"publish","type":"post","link":"https:\/\/www.europesays.com\/pt\/204326\/","title":{"rendered":"Fim-de-semana na TV: Babylon, a fot\u00f3grafa e il maestro | Televis\u00e3o"},"content":{"rendered":"<p>CINEMA<\/p>\n<p dir=\"ltr\"><strong><a href=\"https:\/\/cinecartaz.publico.pt\/filme\/idade-pedra-412680\" rel=\"nofollow noopener\" target=\"_blank\">Idade da Pedra<\/a><\/strong><br \/><strong>RTP1, s\u00e1bado, 00h01<\/strong><\/p>\n<p dir=\"ltr\">A ac\u00e7\u00e3o decorre num Portugal pr\u00e9-hist\u00f3rico habitado por homens e mulheres das cavernas (e respectivas monocelhas). Faz-Coisas (Dinarte de Freitas) \u00e9 um homem de esp\u00edrito inventivo, mas frustrado pela resmungona Manda-Vir (Ana Malhoa), a sua mulher, e por outros membros da tribo. Um dia, um telem\u00f3vel deixado cair por um portugu\u00eas do futuro acerta-lhe na cabe\u00e7a, eles ouvem a \u201cvoz dos deuses\u201d e a luta pelo aparelho desencadeia uma guerra entre nortenhos e alentejanos que tomar\u00e1 propor\u00e7\u00f5es hist\u00f3ricas.<\/p>\n<p dir=\"ltr\">Realizada por Gon\u00e7alo Oliveira e com argumento de Andr\u00e9 Mateus, esta com\u00e9dia de absurdo conta ainda com as actua\u00e7\u00f5es de Jo\u00e3o Seabra, Jo\u00e3o Dantas e Miro Vemba.<\/p>\n<p dir=\"ltr\"><strong><a href=\"https:\/\/cinecartaz.publico.pt\/Filme\/18553_uma-abelha-na-chuva\" rel=\"nofollow noopener\" target=\"_blank\">Uma Abelha na Chuva<\/a><\/strong><br \/><strong>RTP2, s\u00e1bado, 23h31<\/strong><\/p>\n<p dir=\"ltr\">Fernando Lopes realizou, em 1971, esta adapta\u00e7\u00e3o do romance de Carlos de Oliveira. \u00c9 um filme com influ\u00eancias do cinema franc\u00eas dos anos 1960. Num ambiente social r\u00edgido, desenvolve-se a hist\u00f3ria de Maria dos Prazeres (Laura Soveral) e \u00c1lvaro Silvestre (Jo\u00e3o Guedes), casados e a viver num meio rural. Entre recalcamentos, omiss\u00f5es e compromissos, os dois conseguem manter uma ilus\u00e3o de unidade que se ir\u00e1 desfazer perante conflitos, desejos, paix\u00f5es e fraquezas que v\u00e3o surgir.<\/p>\n<p dir=\"ltr\"><strong><a href=\"https:\/\/cinecartaz.publico.pt\/filme\/o-homem-que-matou-don-quixote-407466\" rel=\"nofollow noopener\" target=\"_blank\">O Homem Que Matou Dom Quixote<\/a><\/strong><br \/><strong>RTP1, domingo, 23h59<\/strong><\/p>\n<p dir=\"ltr\">Estreada em 2018, em Cannes, esta com\u00e9dia \u00e9 obra de Terry \u201cMonty Python\u201d Gilliam. No centro da trama est\u00e1 Toby Grummett (Adam Driver), um estudante de cinema que resolve viajar at\u00e9 Espanha para filmar uma vers\u00e3o de Dom Quixote. Como protagonista escolhe Javier (Jonathan Pryce), um sapateiro sem experi\u00eancia na representa\u00e7\u00e3o, mas que assume o papel de forma convincente e comovente. Passados dez anos, Toby volta a Espanha para fazer um remake e descobre que Javier se convenceu de que \u00e9 o pr\u00f3prio Dom Quixote. Mais: v\u00ea Toby como Sancho Pan\u00e7a, o seu escudeiro.<\/p>\n<p dir=\"ltr\"><strong><a href=\"https:\/\/cinecartaz.publico.pt\/filme\/hotel-amor-413761\" rel=\"nofollow noopener\" target=\"_blank\">Hotel Amor<\/a><\/strong><br \/><strong>TVCine Emotion, domingo, 21h45<\/strong><\/p>\n<p dir=\"ltr\">O Hotel Roma, em Lisboa, transforma-se no Hotel Amor, o cen\u00e1rio desta com\u00e9dia dram\u00e1tica luso-brasileira que, em tempo real e em plano-sequ\u00eancia, apanha o hotel num momento de grande mudan\u00e7a e colapso iminente: acabou de ser vendido e h\u00e1 uma nova administra\u00e7\u00e3o a tomar conta.<\/p>\n<p dir=\"ltr\">Realizado pelo brasileiro Hermano Moreira, que come\u00e7ou como actor, e escrito por Bruno Bloch, \u00e9 protagonizado por Jessica Athayde, que encabe\u00e7a um elenco internacional com J\u00falia Palha, Vera Moura, Marcelo Adnet, Margarida Corceiro, Francisco Froes, Cl\u00e9o Malulo, Igor Regalla e Lucas Dutra. Foi filmado enquanto o hotel da Avenida de Roma continuava em funcionamento.<\/p>\n<p dir=\"ltr\"><strong><a href=\"https:\/\/cinecartaz.publico.pt\/filme\/babylon-409332\" rel=\"nofollow noopener\" target=\"_blank\">Babylon<\/a><\/strong><br \/><strong>TVCine Top, domingo, 22h05<\/strong><\/p>\n<p dir=\"ltr\">No final dos anos 1920, o cinema sofre uma grande transforma\u00e7\u00e3o: a passagem do mudo ao sonoro. Nellie LaRoy (Brad Pitt) \u00e9 um actor consagrado que consegue fazer essa transi\u00e7\u00e3o com sucesso, mas muitas estrelas tornam-se dispens\u00e1veis e saem de cena abruptamente.<\/p>\n<p dir=\"ltr\">Ambientada numa era de decad\u00eancia, excessos e alguma deprava\u00e7\u00e3o moral, esta com\u00e9dia dram\u00e1tica \u00e9 escrita e realizada pelo multipremiado Damien Chazelle (Whiplash &#8211; Nos Limites, La La Land, O Primeiro Homem na Lua) e tamb\u00e9m conta com Margot Robbie, Diego Calva, Jean Smart, Jovan Adepo e Li Jun Li no elenco. Babylon arrecadou o Globo de Ouro de melhor banda sonora original (para Justin Hurwitz) e esteve nomeado para tr\u00eas \u00d3scares.<\/p>\n<p>DOCUMENT\u00c1RIOS<\/p>\n<p dir=\"ltr\"><strong><a href=\"https:\/\/cinecartaz.publico.pt\/filme\/nao-quero-412780\" rel=\"nofollow noopener\" target=\"_blank\">Eu N\u00e3o Sou Tudo o Que Quero Ser<\/a><\/strong><br \/><strong>TVCine Edition, domingo, 22h<\/strong><\/p>\n<p dir=\"ltr\">Em competi\u00e7\u00e3o no Festival de Berlim e escolhido como filme de abertura da 21.\u00aa edi\u00e7\u00e3o do IndieLisboa, este \u00e9 um document\u00e1rio sobre Libuse Jarcovj\u00e1kov\u00e1 (nascida em 1952), fot\u00f3grafa checa que se destacou pelos registos da vida nocturna, de grupos minorit\u00e1rios e marginais, mas tamb\u00e9m de pessoas comuns com quem se foi cruzando nas cidades de Praga e Berlim Ocidental durante as d\u00e9cadas de 1970 e 1980.<\/p>\n<p dir=\"ltr\">A realiza\u00e7\u00e3o cabe \u00e0 sua compatriota Kl\u00e1ra Tasovsk\u00e1, que usa fotografias, p\u00e1ginas de di\u00e1rios pessoais e a pr\u00f3pria voz de Libu\u0161e para mostrar o percurso da sua vida, profissional e pessoal, debru\u00e7ando-se tamb\u00e9m na repress\u00e3o resultante da Primavera de Praga (1968) e na luta pela liberdade de express\u00e3o.<\/p>\n<p dir=\"ltr\"><strong><a href=\"https:\/\/cinecartaz.publico.pt\/filme\/ennio-407814\" rel=\"nofollow noopener\" target=\"_blank\">Ennio, o Maestro<\/a><\/strong><br \/><strong>RTP2, s\u00e1bado, 17h34<\/strong><\/p>\n<p dir=\"ltr\">Nenhum outro compositor de m\u00fasica para cinema ter\u00e1 obtido o reconhecimento global de Ennio Morricone (1928-2020). Il maestro, como fazia quest\u00e3o de ser tratado, come\u00e7ou a compor bandas sonoras no in\u00edcio dos anos 1960 e tornou-se um mestre sem rival. Criou o \u201cuivo\u201d de O Bom, o Mau e o Vil\u00e3o, levou m\u00fasica j\u00e1 feita para o plateau de Era Uma Vez na Am\u00e9rica, assinou partituras para centenas de filmes, inspirou artistas que v\u00e3o de Quentin Tarantino a Metallica.<\/p>\n<p dir=\"ltr\">Este document\u00e1rio, exibido no 78.\u00ba Festival de Veneza e realizado por Giuseppe Tornatore, retrata o compositor italiano atrav\u00e9s de entrevistas ao pr\u00f3prio e a uma s\u00e9rie de cineastas e m\u00fasicos, entre eles Bernardo Bertolucci, Marco Bellocchio, Dario Argento, Tarantino, Wong Kar Wai, Bruce Springsteen, John Williams, Hans Zimmer, Lina Wertm\u00fcller, Joan Baez e a portuguesa Dulce Pontes.<\/p>\n<p>        &#13;<\/p>\n<p>&#13;<br \/>\n                &#13;\n            <\/p>\n<p>&#13;<\/p>\n<p dir=\"ltr\"><strong><a href=\"https:\/\/cinecartaz.publico.pt\/Filme\/377442_o-espectador-espantado\" rel=\"nofollow noopener\" target=\"_blank\">O Espectador Espantado<\/a><\/strong><br \/><strong>RTP2, s\u00e1bado, 2h20<\/strong><\/p>\n<p dir=\"ltr\">Edgar P\u00eara tenta investigar o que \u00e9 o cinema e o seu significado numa altura em que os formatos em que \u00e9 consumido est\u00e3o em muta\u00e7\u00e3o. Centrado numa sala de cinema, o document\u00e1rio \u00e9 feito de fragmentos dos seus filmes anteriores e entrevistas a nomes como Laura Mulvey, Olaf M\u00f6ller, Wanda Strauven, Augusto M. Seabra, Laura Rascaroli ou Eduardo Louren\u00e7o.<\/p>\n<p dir=\"ltr\"><strong>O Voo do Crocodilo &#8211; O Timor de Ruy Cinatti<\/strong><br \/><strong>RTP2, s\u00e1bado, 3h31<\/strong><\/p>\n<p dir=\"ltr\">Ruy Cinatti escreveu muita poesia com Timor na cabe\u00e7a, mas tamb\u00e9m fez no territ\u00f3rio, ent\u00e3o sob administra\u00e7\u00e3o portuguesa, v\u00e1rios levantamentos em que se serviu dos seus conhecimentos de agr\u00f3nomo e meteorologista. Esse trabalho n\u00f3mada, que realizou entre 1946 e 1974, \u00e9 o alvo deste document\u00e1rio realizado por Fernando Vendrell.<\/p>\n<p>        &#13;<\/p>\n<p>&#13;<br \/>\n                &#13;\n            <\/p>\n<p>&#13;<\/p>\n<p>ILUSIONISMO<\/p>\n<p dir=\"ltr\"><strong>Magia em Paris 2<\/strong><br \/><strong>RTP2, s\u00e1bado, 22h01<\/strong><\/p>\n<p dir=\"ltr\">Mentalismo, prestidigita\u00e7\u00e3o, manipula\u00e7\u00e3o e outros truques, numa compila\u00e7\u00e3o de n\u00fameros levados a tr\u00eas palcos parisienses por alguns dos maiores ilusionistas do mundo: Luc Langevin, Olivier Heloir, R\u00e9ginald e Vincent C no Bobino; Lionel Martin, Elisabeth Amato, David Kaplan, Ricardo Harada e Tony Chapek no Bouffes Parisiens; e Irm\u00e3os Chaix, Caroline Marx, The Clairvoyants, Otto Wessely e Topas na gala dos Mandrakes de Ouro (os \u201c\u00f3scares da magia\u201d), no Casino de Paris.<\/p>\n<p>        &#13;<\/p>\n<p>&#13;<br \/>\n                &#13;\n            <\/p>\n<p>&#13;<\/p>\n<p>M\u00daSICA<\/p>\n<p dir=\"ltr\"><strong>Concertos Cl\u00e1ssicos: Eurovis\u00e3o &#8211; Portugal<\/strong><br \/><strong>RTP2, domingo, 00h06<\/strong><\/p>\n<p dir=\"ltr\">Sob a direc\u00e7\u00e3o do maestro uzbeque Aziz Shokhakimov, a Orquestra Gulbenkian interpreta La Valse, de Ravel, num concerto gravado este ano na funda\u00e7\u00e3o, em Lisboa. N\u00e3o \u00e9 a \u00fanica obra nas partituras: at\u00e9 l\u00e1, passa por pe\u00e7as de Smetana, Elgar (com o solista Marco Pereira no violoncelo), Rachmaninov e Debussy. O espect\u00e1culo \u00e9 emitido pela RTP no \u00e2mbito do projecto Concertos Cl\u00e1ssicos, da Eurovis\u00e3o e da BBC Arts, que d\u00e1 palco televisivo a grandes orquestras europeias, em articula\u00e7\u00e3o com as emissoras p\u00fablicas dos respectivos pa\u00edses.<\/p>\n<p>INFANTIL<\/p>\n<p dir=\"ltr\"><strong><a href=\"https:\/\/cinecartaz.publico.pt\/Filme\/265248_gru-o-maldisposto\" rel=\"nofollow noopener\" target=\"_blank\">Gru &#8211; O Maldisposto<\/a> (VP)<\/strong><br \/><strong>Disney Channel, s\u00e1bado, 11h<\/strong><\/p>\n<p dir=\"ltr\">Realizado por Pierre Coffin e Chris Renaud, em 2010, foi o filme que apresentou Gru e o seu imenso batalh\u00e3o de ajudantes pequenotes e amarelos. Gru \u00e9 um vil\u00e3o sem escr\u00fapulos em crise de malfeitoria. Para recuperar a gl\u00f3ria passada, resolve cometer o maior de todos os crimes: roubar a Lua. O plano envolve um foguet\u00e3o, um raio de encolher e a adop\u00e7\u00e3o de tr\u00eas meninas \u00f3rf\u00e3s. A parte mais dif\u00edcil? Resistir \u00e0 ternura e resili\u00eancia delas. As aventuras continuam \u00e0s 18h55, na <a href=\"https:\/\/cinecartaz.publico.pt\/filme\/gru---o-maldisposto-2-321415\" rel=\"nofollow noopener\" target=\"_blank\">sequela<\/a> em que Gru conhece a parceira Lucy; e, \u00e0s 20h30, no <a href=\"https:\/\/cinecartaz.publico.pt\/filme\/gru---o-maldisposto-3-373597\" rel=\"nofollow noopener\" target=\"_blank\">terceiro cap\u00edtulo<\/a> da saga, em que entra em cena Dru, o irm\u00e3o g\u00e9meo desconhecido de Gru.<\/p>\n<p dir=\"ltr\"><strong><a href=\"https:\/\/cinecartaz.publico.pt\/Filme\/402760_trolls-tour-mundial\" rel=\"nofollow noopener\" target=\"_blank\">Trolls: Tour Mundial<\/a> (VP)<\/strong><br \/><strong>Star Channel, domingo, 11h<\/strong><\/p>\n<p dir=\"ltr\">Os trolls, pequenas criaturas alegres que passam a vida a cantar, dan\u00e7ar, abra\u00e7ar e cantar outra vez, est\u00e3o prestes a descobrir que h\u00e1 outros cl\u00e3s de trolls para al\u00e9m deles, cada qual devoto de um estilo musical. O problema \u00e9 que Barb, a rainha da tribo do rock da pesada, quer dominar os outros&#8230; Walt Dohrn e David P. Smit realizam esta aventura animada que, na vers\u00e3o dobrada em Portugal, conta com as vozes de Marisa Liz, Mia Rose e David Carreira.<\/p>\n<p>        &#13;<\/p>\n<p>&#13;<br \/>\n                &#13;\n            <\/p>\n<p>&#13;<\/p>\n","protected":false},"excerpt":{"rendered":"CINEMA Idade da PedraRTP1, s\u00e1bado, 00h01 A ac\u00e7\u00e3o decorre num Portugal pr\u00e9-hist\u00f3rico habitado por homens e mulheres das&hellip;\n","protected":false},"author":2,"featured_media":204327,"comment_status":"","ping_status":"","sticky":false,"template":"","format":"standard","meta":{"footnotes":""},"categories":[142],"tags":[1415,470,1413,1414,114,115,294,150,542,32,33,291,218,151],"class_list":{"0":"post-204326","1":"post","2":"type-post","3":"status-publish","4":"format-standard","5":"has-post-thumbnail","7":"category-tv","8":"tag-animacao","9":"tag-cinema","10":"tag-cultura-ipsilon","11":"tag-documentario","12":"tag-entertainment","13":"tag-entretenimento","14":"tag-lazer","15":"tag-musica","16":"tag-para-redes","17":"tag-portugal","18":"tag-pt","19":"tag-relaxar","20":"tag-televisao","21":"tag-tv"},"share_on_mastodon":{"url":"https:\/\/pubeurope.com\/@pt\/115790425803230699","error":""},"_links":{"self":[{"href":"https:\/\/www.europesays.com\/pt\/wp-json\/wp\/v2\/posts\/204326","targetHints":{"allow":["GET"]}}],"collection":[{"href":"https:\/\/www.europesays.com\/pt\/wp-json\/wp\/v2\/posts"}],"about":[{"href":"https:\/\/www.europesays.com\/pt\/wp-json\/wp\/v2\/types\/post"}],"author":[{"embeddable":true,"href":"https:\/\/www.europesays.com\/pt\/wp-json\/wp\/v2\/users\/2"}],"replies":[{"embeddable":true,"href":"https:\/\/www.europesays.com\/pt\/wp-json\/wp\/v2\/comments?post=204326"}],"version-history":[{"count":0,"href":"https:\/\/www.europesays.com\/pt\/wp-json\/wp\/v2\/posts\/204326\/revisions"}],"wp:featuredmedia":[{"embeddable":true,"href":"https:\/\/www.europesays.com\/pt\/wp-json\/wp\/v2\/media\/204327"}],"wp:attachment":[{"href":"https:\/\/www.europesays.com\/pt\/wp-json\/wp\/v2\/media?parent=204326"}],"wp:term":[{"taxonomy":"category","embeddable":true,"href":"https:\/\/www.europesays.com\/pt\/wp-json\/wp\/v2\/categories?post=204326"},{"taxonomy":"post_tag","embeddable":true,"href":"https:\/\/www.europesays.com\/pt\/wp-json\/wp\/v2\/tags?post=204326"}],"curies":[{"name":"wp","href":"https:\/\/api.w.org\/{rel}","templated":true}]}}