{"id":204330,"date":"2025-12-27T07:54:08","date_gmt":"2025-12-27T07:54:08","guid":{"rendered":"https:\/\/www.europesays.com\/pt\/204330\/"},"modified":"2025-12-27T07:54:08","modified_gmt":"2025-12-27T07:54:08","slug":"avalanchas-matam-seis-pessoas-na-grecia-e-em-franca","status":"publish","type":"post","link":"https:\/\/www.europesays.com\/pt\/204330\/","title":{"rendered":"Avalanchas matam seis pessoas na Gr\u00e9cia e em Fran\u00e7a"},"content":{"rendered":"<p data-remotead-prev-elm=\"true\" data-remotead-elm-id=\"inread\">No caso hel\u00e9nico, foram descobertos os corpos de tr\u00eas homens, entre os 30 e os 35 anos, que tinham sido dado como desaparecidos na quinta-feira, nas montanhas da Vardousia, no centro do pa\u00eds. Segundo a televis\u00e3o estatal ERT, foi ainda descoberta uma mulher, de cerca de 35 anos, juntamente com as restantes v\u00edtimas, cujo desaparecimento ainda n\u00e3o tinha sido reportado.<\/p>\n<p>Os servi\u00e7os de resgate utilizaram drones e c\u00e3es treinados no socorro, tendo encontrado os corpos ap\u00f3s terem detetado pegadas numa das \u00e1reas mais populares entre caminhantes e alpinistas. Segundo a mesma fonte, as baixas temperaturas que se fazem sentir naquela regi\u00e3o da Gr\u00e9cia e a visibilidade limitada, complicaram muito as opera\u00e7\u00f5es.<\/p>\n<p>M\u00faltiplas avalanchas em Fran\u00e7a<\/p>\n<p>J\u00e1 em Fran\u00e7a, houve m\u00faltiplas avalanchas, num curto espa\u00e7o de horas, que fizeram dois mortos e cinco feridos.<\/p>\n<p data-remotead-prev-elm=\"true\" data-remotead-elm-id=\"centro1\">A primeira aconteceu no resort de inverno La Plagne, na regi\u00e3o de Savoie. Um guia de 60 anos, que liderava um grupo de cinco esquiadores, faleceu de ataque card\u00edaco, ap\u00f3s o fen\u00f3meno natural os ter apanhado de surpresa numa zona fora da pista de esqui, a 2600 metros de altitude.<\/p>\n<p>No mesmo grupo, uma mulher de 60 anos teve de ser assistida por apresentar v\u00e1rios ferimentos, enquanto outras duas pessoas ficaram ligeiramente feridas.<\/p>\n<p>A segunda avalancha aconteceu algumas horas depois, perto da aldeia de Valloire, no Monte Jovet. Quatro esquiadores estavam a 2300 metros de altitude quando a gigante massa de neve os abalroou. Uma das v\u00edtimas teve um ataque card\u00edaco fatal, enquanto os outros dois apenas sofreram ferimentos ligeiros.<\/p>\n<p data-remotead-prev-elm=\"true\" data-remotead-elm-id=\"centro2\">Enquanto isso, um italiano de 40 anos ficou gravemente ferido em Montgenevre, pelo mesmo motivo.<\/p>\n<p>Todas estas avalanchas aconteceram em \u00e1reas consideradas de baixo risco, mas as autoridades francesas explicam que &#8221; as condi\u00e7\u00f5es meteorol\u00f3gicas nos \u00faltimos dias, tornaram a situa\u00e7\u00e3o trai\u00e7oeira&#8221;.<\/p>\n","protected":false},"excerpt":{"rendered":"No caso hel\u00e9nico, foram descobertos os corpos de tr\u00eas homens, entre os 30 e os 35 anos, que&hellip;\n","protected":false},"author":2,"featured_media":204331,"comment_status":"","ping_status":"","sticky":false,"template":"","format":"standard","meta":{"footnotes":""},"categories":[50],"tags":[40471,27,28,15,16,208,4234,14,25,26,21,22,3912,62,12,13,19,20,23,24,17,18,29,30,31,63,64,65],"class_list":{"0":"post-204330","1":"post","2":"type-post","3":"status-publish","4":"format-standard","5":"has-post-thumbnail","7":"category-mundo","8":"tag-avalancha","9":"tag-breaking-news","10":"tag-breakingnews","11":"tag-featured-news","12":"tag-featurednews","13":"tag-franca","14":"tag-grecia","15":"tag-headlines","16":"tag-latest-news","17":"tag-latestnews","18":"tag-main-news","19":"tag-mainnews","20":"tag-mortes","21":"tag-mundo","22":"tag-news","23":"tag-noticias","24":"tag-noticias-principais","25":"tag-noticiasprincipais","26":"tag-principais-noticias","27":"tag-principaisnoticias","28":"tag-top-stories","29":"tag-topstories","30":"tag-ultimas","31":"tag-ultimas-noticias","32":"tag-ultimasnoticias","33":"tag-world","34":"tag-world-news","35":"tag-worldnews"},"share_on_mastodon":{"url":"https:\/\/pubeurope.com\/@pt\/115790457244517125","error":""},"_links":{"self":[{"href":"https:\/\/www.europesays.com\/pt\/wp-json\/wp\/v2\/posts\/204330","targetHints":{"allow":["GET"]}}],"collection":[{"href":"https:\/\/www.europesays.com\/pt\/wp-json\/wp\/v2\/posts"}],"about":[{"href":"https:\/\/www.europesays.com\/pt\/wp-json\/wp\/v2\/types\/post"}],"author":[{"embeddable":true,"href":"https:\/\/www.europesays.com\/pt\/wp-json\/wp\/v2\/users\/2"}],"replies":[{"embeddable":true,"href":"https:\/\/www.europesays.com\/pt\/wp-json\/wp\/v2\/comments?post=204330"}],"version-history":[{"count":0,"href":"https:\/\/www.europesays.com\/pt\/wp-json\/wp\/v2\/posts\/204330\/revisions"}],"wp:featuredmedia":[{"embeddable":true,"href":"https:\/\/www.europesays.com\/pt\/wp-json\/wp\/v2\/media\/204331"}],"wp:attachment":[{"href":"https:\/\/www.europesays.com\/pt\/wp-json\/wp\/v2\/media?parent=204330"}],"wp:term":[{"taxonomy":"category","embeddable":true,"href":"https:\/\/www.europesays.com\/pt\/wp-json\/wp\/v2\/categories?post=204330"},{"taxonomy":"post_tag","embeddable":true,"href":"https:\/\/www.europesays.com\/pt\/wp-json\/wp\/v2\/tags?post=204330"}],"curies":[{"name":"wp","href":"https:\/\/api.w.org\/{rel}","templated":true}]}}