{"id":204332,"date":"2025-12-27T07:57:21","date_gmt":"2025-12-27T07:57:21","guid":{"rendered":"https:\/\/www.europesays.com\/pt\/204332\/"},"modified":"2025-12-27T07:57:21","modified_gmt":"2025-12-27T07:57:21","slug":"nasce-primeira-filha-de-ivan-more-com-giovanna-lemos-felicidade-que-se-renova","status":"publish","type":"post","link":"https:\/\/www.europesays.com\/pt\/204332\/","title":{"rendered":"Nasce primeira filha de Ivan Mor\u00e9 com Giovanna Lemos: &#8216;Felicidade que se renova&#8217;"},"content":{"rendered":"<p><a href=\"https:\/\/caras.com.br\/tags\/ivan-more\" target=\"_blank\" rel=\"noopener nofollow\"><strong>Ivan Mor\u00e9<\/strong><\/a>, ex-jornalista da Globo, usou as redes sociais na tarde desta sexta-feira, 26, para anunciar o nascimento de <strong>Amora<\/strong>, sua primeira filha com <strong>Giovanna Lemos<\/strong>. Pai de <strong>Mel<\/strong>, de 12 anos, e\u00a0<strong>Lui<\/strong>, de nove, frutos de um relacionamento anterior, o apresentador contou que a menina veio ao mundo nesta \u00faltima quinta-feira, 25, data em que \u00e9 comemorado o Natal.<\/p>\n<p>Em seu perfil oficial, Ivan compartilhou fotos na maternidade e abriu o cora\u00e7\u00e3o sobre o momento que est\u00e1 vivendo, ap\u00f3s tomar a decis\u00e3o de reverter uma vasectomia.\u00a0\u201c25 de dezembro de 2025. O dia que celebra o renascimento da esperan\u00e7a agora marca o meu recome\u00e7o. Aos 49 anos, a vida me presenteia com a paternidade em sua forma mais madura e consciente. Depois de uma vasectomia, uma revers\u00e3o e a coragem de reescrever a minha hist\u00f3ria, recebo nos bra\u00e7os a minha terceira filha. A irm\u00e3zinha de Mel e Lui\u201d, iniciou.<\/p>\n<p>\u201cE a minha \u201cfrutinha\u201d chega como um presente de Deus pra unir o passado e o futuro em um lar reconstru\u00eddo pelo amor. Ao lado de uma nova parceira e com a alegria dos meus filhos, redescubro a for\u00e7a que existe em come\u00e7ar de novo. Hoje, sou um pai que j\u00e1 percorreu estradas, aprendeu com os tombos e, por isso, valoriza cada instante com uma intensidade diferente\u201d, acrescentou.<\/p>\n<p>\u201cO nascimento de Amora no Natal (de parto normal) n\u00e3o \u00e9 coincid\u00eancia, \u00e9 destino. \u00c9 a vida me dizendo que, independentemente da idade ou das circunst\u00e2ncias, sempre h\u00e1 tempo para um novo cap\u00edtulo, para um amor que expande e para uma felicidade que se renova. Bem-vinda, minha filha Amora Mor\u00e9. Seu nome diz tudo por si s\u00f3: Amor(A)mor-\u00c9!\u201d, finalizou o jornalista.<\/p>\n<p><strong>Confira:<\/strong><\/p>\n<blockquote class=\"instagram-media\" style=\"background: #FFF; border: 0; border-radius: 3px; box-shadow: 0 0 1px 0 rgba(0,0,0,0.5),0 1px 10px 0 rgba(0,0,0,0.15); margin: 1px; max-width: 540px; min-width: 326px; padding: 0; width: calc(100% - 2px);\" data-instgrm-permalink=\"https:\/\/www.instagram.com\/p\/DSvK4JMEVHk\/?utm_source=ig_embed&amp;utm_campaign=loading\" data-instgrm-version=\"14\"><\/blockquote>\n<p>Em setembro, Ivan Mor\u00e9 oficializou o casamento com a empres\u00e1ria Giovanna Lemos. A cerim\u00f4nia intimista aconteceu em um espa\u00e7o de festas na Vila Nova Concei\u00e7\u00e3o, em S\u00e3o Paulo, e foi celebrada por um l\u00edder xam\u00e2nico.\u00a0Inclusive, eles escolheram a data por causa da numerologia.\u00a0Para o seu grande dia, a noiva escolheu um vestido moderno e justo ao corpo, que deixou \u00e0 mostra sua barriga de seis meses de gesta\u00e7\u00e3o. <a href=\"https:\/\/caras.com.br\/noivas\/ivan-more-e-giovanna-lemos-se-casam-em-cerimonia-intimista.phtml\" target=\"_blank\" rel=\"noopener nofollow\"><strong>Veja!<\/strong><\/a><\/p>\n<p><strong>Leia tamb\u00e9m:<\/strong> <a href=\"https:\/\/caras.com.br\/bebe\/nasceu-leo-chaves-mostra-as-primeiras-fotos-filho-recem-nascido-vicente.phtml\" target=\"_blank\" rel=\"noopener nofollow\">Nasceu! Leo Chaves mostra as primeiras fotos filho rec\u00e9m-nascido, Vicente<\/a><\/p>\n<p>        <a href=\"https:\/\/caras.com.br\/autor\/daniela-santos\" rel=\"nofollow noopener\" target=\"_blank\">&#13;<br \/>\n          <img loading=\"lazy\" decoding=\"async\" alt=\"Daniela Santos\" src=\"https:\/\/www.europesays.com\/pt\/wp-content\/uploads\/2025\/09\/1758949148_187_daniela-santos_sqmd.jpg\" class=\"avatar avatar-115 photo rounded-circle\" height=\"115\" width=\"115\"\/>        <\/a><\/p>\n<p><b>Daniela Santos<\/b> \u00e9 rep\u00f3rter do site CARAS. Formada em jornalismo pela FIAM FAAM, atua na \u00e1rea de celebridades e TV desde 2018<\/p>\n<p>\t                                            <script async src=\"\/\/www.instagram.com\/embed.js\"><\/script><\/p>\n","protected":false},"excerpt":{"rendered":"Ivan Mor\u00e9, ex-jornalista da Globo, usou as redes sociais na tarde desta sexta-feira, 26, para anunciar o nascimento&hellip;\n","protected":false},"author":2,"featured_media":204333,"comment_status":"","ping_status":"","sticky":false,"template":"","format":"standard","meta":{"footnotes":""},"categories":[145],"tags":[1178,211,210,114,115,1127,22546,4897,32,33],"class_list":{"0":"post-204332","1":"post","2":"type-post","3":"status-publish","4":"format-standard","5":"has-post-thumbnail","7":"category-celebridades","8":"tag-amora","9":"tag-celebridades","10":"tag-celebrities","11":"tag-entertainment","12":"tag-entretenimento","13":"tag-filha","14":"tag-ivan-more","15":"tag-nascimento","16":"tag-portugal","17":"tag-pt"},"share_on_mastodon":{"url":"https:\/\/pubeurope.com\/@pt\/115790469381508834","error":""},"_links":{"self":[{"href":"https:\/\/www.europesays.com\/pt\/wp-json\/wp\/v2\/posts\/204332","targetHints":{"allow":["GET"]}}],"collection":[{"href":"https:\/\/www.europesays.com\/pt\/wp-json\/wp\/v2\/posts"}],"about":[{"href":"https:\/\/www.europesays.com\/pt\/wp-json\/wp\/v2\/types\/post"}],"author":[{"embeddable":true,"href":"https:\/\/www.europesays.com\/pt\/wp-json\/wp\/v2\/users\/2"}],"replies":[{"embeddable":true,"href":"https:\/\/www.europesays.com\/pt\/wp-json\/wp\/v2\/comments?post=204332"}],"version-history":[{"count":0,"href":"https:\/\/www.europesays.com\/pt\/wp-json\/wp\/v2\/posts\/204332\/revisions"}],"wp:featuredmedia":[{"embeddable":true,"href":"https:\/\/www.europesays.com\/pt\/wp-json\/wp\/v2\/media\/204333"}],"wp:attachment":[{"href":"https:\/\/www.europesays.com\/pt\/wp-json\/wp\/v2\/media?parent=204332"}],"wp:term":[{"taxonomy":"category","embeddable":true,"href":"https:\/\/www.europesays.com\/pt\/wp-json\/wp\/v2\/categories?post=204332"},{"taxonomy":"post_tag","embeddable":true,"href":"https:\/\/www.europesays.com\/pt\/wp-json\/wp\/v2\/tags?post=204332"}],"curies":[{"name":"wp","href":"https:\/\/api.w.org\/{rel}","templated":true}]}}