{"id":204370,"date":"2025-12-27T09:12:20","date_gmt":"2025-12-27T09:12:20","guid":{"rendered":"https:\/\/www.europesays.com\/pt\/204370\/"},"modified":"2025-12-27T09:12:20","modified_gmt":"2025-12-27T09:12:20","slug":"perry-bamonte-guitarrista-dos-the-cure-morre-aos-65-anos","status":"publish","type":"post","link":"https:\/\/www.europesays.com\/pt\/204370\/","title":{"rendered":"Perry Bamonte, guitarrista dos The Cure, morre aos 65 anos"},"content":{"rendered":"<p data-remotead-prev-elm=\"true\" data-remotead-elm-id=\"inread\">Perry Bamonte nasceu em Londres, a 3 de setembro de 1960, e teve um percurso singular na hist\u00f3ria dos The Cure, banda \u00e0 qual esteve ligado durante quatro d\u00e9cadas, primeiro nos bastidores e depois como membro efetivo. A sua liga\u00e7\u00e3o ao grupo come\u00e7ou em 1984, como t\u00e9cnico de guitarra e assistente pessoal de Robert Smith, antes de integrar oficialmente a banda em 1990.<\/p>\n<p>Foi nesse per\u00edodo que participou em alguns dos \u00e1lbuns mais marcantes dos The Cure, como Wish, Wild Mood Swings e Bloodflowers, tocando guitarra, baixo e teclados, al\u00e9m de ter participado em centenas de concertos ao longo de 14 anos. Saiu da banda em 2005, quando Smith decidiu reformular o grupo como trio, mantendo, ainda assim, uma rela\u00e7\u00e3o pr\u00f3xima com o vocalista.<\/p>\n<p>Portugal na agenda para 2026<\/p>\n<p>Entre os concertos da banda brit\u00e2nica previstos para 2026, inclui-se uma paragem em Portugal na Maia, no North Festival a 7 de junho, e no Primavera Sound em Barcelona, al\u00e9m de atua\u00e7\u00f5es em festivais como o Nova Rock na \u00c1ustria, Pinkpop na Holanda, Isle of Wight no Reino Unido e Rock en Seine em Fran\u00e7a, com mais datas a serem anunciadas em cidades como Berlim, Dublin e outras.<\/p>\n<p data-remotead-prev-elm=\"true\" data-remotead-elm-id=\"centro1\">Num comunicado divulgado no site oficial, os The Cure descrevem Bamonte como &#8220;calado, intenso, intuitivo, constante e tremendamente criativo&#8221;, sublinhando que foi &#8220;uma parte calorosa e vital&#8221; da hist\u00f3ria da banda.<\/p>\n<p>Afastamento e regresso<\/p>\n<p>Ap\u00f3s um per\u00edodo afastado, regressou aos The Cure em 2022 para a digress\u00e3o mundial Shows of a Lost World, realizando mais 90 concertos, incluindo o espet\u00e1culo The Show of a Lost World, em Londres, a 1 de novembro de 2024.<\/p>\n<p>Para al\u00e9m da m\u00fasica, Bamonte dedicou-se \u00e0 ilustra\u00e7\u00e3o e \u00e0 pesca com mosca, duas paix\u00f5es assumidas publicamente. Em 2012 integrou o projeto Love Amongst Ruin e voltou a juntar-se aos The Cure em momentos-chave, como a entrada da banda no Rock and Roll Hall of Fame, em 2019.<\/p>\n<p>A banda apresentou condol\u00eancias \u00e0 fam\u00edlia, sublinhando o impacto duradouro do m\u00fasico no seu percurso art\u00edstico.<\/p>\n","protected":false},"excerpt":{"rendered":"Perry Bamonte nasceu em Londres, a 3 de setembro de 1960, e teve um percurso singular na hist\u00f3ria&hellip;\n","protected":false},"author":2,"featured_media":204371,"comment_status":"","ping_status":"","sticky":false,"template":"","format":"standard","meta":{"footnotes":""},"categories":[145],"tags":[1753,211,210,114,115,150,2409,32,33,17732],"class_list":{"0":"post-204370","1":"post","2":"type-post","3":"status-publish","4":"format-standard","5":"has-post-thumbnail","7":"category-celebridades","8":"tag-artes","9":"tag-celebridades","10":"tag-celebrities","11":"tag-entertainment","12":"tag-entretenimento","13":"tag-musica","14":"tag-obito","15":"tag-portugal","16":"tag-pt","17":"tag-the-cure"},"share_on_mastodon":{"url":"https:\/\/pubeurope.com\/@pt\/115790763963428997","error":""},"_links":{"self":[{"href":"https:\/\/www.europesays.com\/pt\/wp-json\/wp\/v2\/posts\/204370","targetHints":{"allow":["GET"]}}],"collection":[{"href":"https:\/\/www.europesays.com\/pt\/wp-json\/wp\/v2\/posts"}],"about":[{"href":"https:\/\/www.europesays.com\/pt\/wp-json\/wp\/v2\/types\/post"}],"author":[{"embeddable":true,"href":"https:\/\/www.europesays.com\/pt\/wp-json\/wp\/v2\/users\/2"}],"replies":[{"embeddable":true,"href":"https:\/\/www.europesays.com\/pt\/wp-json\/wp\/v2\/comments?post=204370"}],"version-history":[{"count":0,"href":"https:\/\/www.europesays.com\/pt\/wp-json\/wp\/v2\/posts\/204370\/revisions"}],"wp:featuredmedia":[{"embeddable":true,"href":"https:\/\/www.europesays.com\/pt\/wp-json\/wp\/v2\/media\/204371"}],"wp:attachment":[{"href":"https:\/\/www.europesays.com\/pt\/wp-json\/wp\/v2\/media?parent=204370"}],"wp:term":[{"taxonomy":"category","embeddable":true,"href":"https:\/\/www.europesays.com\/pt\/wp-json\/wp\/v2\/categories?post=204370"},{"taxonomy":"post_tag","embeddable":true,"href":"https:\/\/www.europesays.com\/pt\/wp-json\/wp\/v2\/tags?post=204370"}],"curies":[{"name":"wp","href":"https:\/\/api.w.org\/{rel}","templated":true}]}}