{"id":204382,"date":"2025-12-27T09:26:20","date_gmt":"2025-12-27T09:26:20","guid":{"rendered":"https:\/\/www.europesays.com\/pt\/204382\/"},"modified":"2025-12-27T09:26:20","modified_gmt":"2025-12-27T09:26:20","slug":"roberto-cabrini-apresenta-os-fatos-que-marcaram-o-ano-nesta-segunda-29-record","status":"publish","type":"post","link":"https:\/\/www.europesays.com\/pt\/204382\/","title":{"rendered":"Roberto Cabrini apresenta os fatos que marcaram o ano\u00a0nesta segunda (29) \u2013 Record"},"content":{"rendered":"<p><img decoding=\"async\" data-chromatic=\"ignore\" alt=\"\" class=\"c-image\" loading=\"lazy\" src=\"https:\/\/www.europesays.com\/pt\/wp-content\/uploads\/2025\/12\/FNCUEKD3IRCQPNVKFEREEPHSQ4.png\"  width=\"677\" height=\"369\"\/>A Retrospectiva 2025 traz ainda os destaques da pol\u00edtica nacional Divulga\u00e7\u00e3o\/RECORD <\/p>\n<p class=\"jarvics:base-text-neutral-high-400 base-text-[calc(theme(fontSize.xs)_*_var(--font-size,_1))] base-font-normal base-font-primary base-text-neutral-low-500 base-text-left\">Com o comando de Roberto Cabrini, a <a href=\"https:\/\/record.r7.com\/retrospectiva-2025\/\" target=\"_self\" rel=\"nofollow noopener\" title=\"https:\/\/record.r7.com\/retrospectiva-2025\/\"><b>Retrospectiva 2025<\/b><\/a> mostra os fatos que mexeram com o Brasil e o mundo. A Opera\u00e7\u00e3o no Rio de Janeiro contra o Comando Vermelho. <\/p>\n<p class=\"jarvics:base-text-neutral-high-400 base-text-[calc(theme(fontSize.xs)_*_var(--font-size,_1))] base-font-normal base-font-primary base-text-neutral-low-500 base-text-left\">Os casos assustadores de viol\u00eancia contra a mulher pelo pa\u00eds. Os epis\u00f3dios de envenenamento por consumo de bebidas alco\u00f3licas adulteradas com metanol. A hist\u00f3ria da brasileira que morreu em um vulc\u00e3o na Indon\u00e9sia. <\/p>\n<p class=\"jarvics:base-text-neutral-high-400 base-text-[calc(theme(fontSize.xs)_*_var(--font-size,_1))] base-font-normal base-font-primary base-text-neutral-low-500 base-text-left\">A Retrospectiva 2025 traz ainda os destaques da pol\u00edtica nacional: os detalhes sobre a COP 30 no Brasil. A pris\u00e3o de Jair Bolsonaro. <\/p>\n<p class=\"jarvics:base-text-neutral-high-400 base-text-[calc(theme(fontSize.xs)_*_var(--font-size,_1))] base-font-normal base-font-primary base-text-neutral-low-500 base-text-left\">As manchetes internacionais tamb\u00e9m ganham espa\u00e7o: a liberta\u00e7\u00e3o dos prisioneiros na guerra de Israel. As tarifas alfandeg\u00e1rias de Donald Trump. As trag\u00e9dias clim\u00e1ticas. E o grande roubo no Museu do Louvre, em Paris. <\/p>\n<p class=\"jarvics:base-text-neutral-high-400 base-text-[calc(theme(fontSize.xs)_*_var(--font-size,_1))] base-font-normal base-font-primary base-text-neutral-low-500 base-text-left\">E tem ainda as principais not\u00edcias do esporte. O t\u00e9cnico italiano Carlo Ancelotti assume a sele\u00e7\u00e3o brasileira. As emo\u00e7\u00f5es do Campeonato Brasileiro e dos campeonatos estaduais. <\/p>\n<p class=\"jarvics:base-text-neutral-high-400 base-text-[calc(theme(fontSize.xs)_*_var(--font-size,_1))] base-font-normal base-font-primary base-text-neutral-low-500 base-text-left\">O programa tamb\u00e9m destaca as grandes entrevistas e reportagens de Roberto Cabrini, como a conversa com Sandra Regina Ruiz Gomes, Sandr\u00e3o, que viveu um romance com Suzane Von Richthofen no pres\u00eddio de Trememb\u00e9. E as investiga\u00e7\u00f5es da morte da jovem Vit\u00f3ria Regina de Souza, de 17 anos.<\/p>\n<p class=\"jarvics:base-text-neutral-high-400 base-text-[calc(theme(fontSize.xs)_*_var(--font-size,_1))] base-font-normal base-font-primary base-text-neutral-low-500 base-text-left\">A<b> <\/b><a href=\"https:\/\/record.r7.com\/retrospectiva-2025\/\" target=\"_self\" rel=\"nofollow noopener\" title=\"https:\/\/record.r7.com\/retrospectiva-2025\/\"><b>Retrospectiva 2025<\/b><\/a>, apresentada por Roberto Cabrini, vai ao ar no dia (29), \u00e0s 22h45.<\/p>\n","protected":false},"excerpt":{"rendered":"A Retrospectiva 2025 traz ainda os destaques da pol\u00edtica nacional Divulga\u00e7\u00e3o\/RECORD Com o comando de Roberto Cabrini, a&hellip;\n","protected":false},"author":2,"featured_media":204383,"comment_status":"","ping_status":"","sticky":false,"template":"","format":"standard","meta":{"footnotes":""},"categories":[145],"tags":[23766,25765,25440,211,210,6391,2954,3900,92,114,115,6893,1062,259,52,32,33,3288,3218],"class_list":{"0":"post-204382","1":"post","2":"type-post","3":"status-publish","4":"format-standard","5":"has-post-thumbnail","7":"category-celebridades","8":"tag-bebida-adulterada","9":"tag-campeonato-brasileiro","10":"tag-carlo-ancelotti","11":"tag-celebridades","12":"tag-celebrities","13":"tag-cop30","14":"tag-crime-organizado","15":"tag-crimes","16":"tag-donald-trump","17":"tag-entertainment","18":"tag-entretenimento","19":"tag-envenenamento","20":"tag-esportes","21":"tag-israel","22":"tag-politica","23":"tag-portugal","24":"tag-pt","25":"tag-roberto-cabrini","26":"tag-violencia-domestica"},"share_on_mastodon":{"url":"https:\/\/pubeurope.com\/@pt\/115790819176184737","error":""},"_links":{"self":[{"href":"https:\/\/www.europesays.com\/pt\/wp-json\/wp\/v2\/posts\/204382","targetHints":{"allow":["GET"]}}],"collection":[{"href":"https:\/\/www.europesays.com\/pt\/wp-json\/wp\/v2\/posts"}],"about":[{"href":"https:\/\/www.europesays.com\/pt\/wp-json\/wp\/v2\/types\/post"}],"author":[{"embeddable":true,"href":"https:\/\/www.europesays.com\/pt\/wp-json\/wp\/v2\/users\/2"}],"replies":[{"embeddable":true,"href":"https:\/\/www.europesays.com\/pt\/wp-json\/wp\/v2\/comments?post=204382"}],"version-history":[{"count":0,"href":"https:\/\/www.europesays.com\/pt\/wp-json\/wp\/v2\/posts\/204382\/revisions"}],"wp:featuredmedia":[{"embeddable":true,"href":"https:\/\/www.europesays.com\/pt\/wp-json\/wp\/v2\/media\/204383"}],"wp:attachment":[{"href":"https:\/\/www.europesays.com\/pt\/wp-json\/wp\/v2\/media?parent=204382"}],"wp:term":[{"taxonomy":"category","embeddable":true,"href":"https:\/\/www.europesays.com\/pt\/wp-json\/wp\/v2\/categories?post=204382"},{"taxonomy":"post_tag","embeddable":true,"href":"https:\/\/www.europesays.com\/pt\/wp-json\/wp\/v2\/tags?post=204382"}],"curies":[{"name":"wp","href":"https:\/\/api.w.org\/{rel}","templated":true}]}}