{"id":204388,"date":"2025-12-27T09:35:19","date_gmt":"2025-12-27T09:35:19","guid":{"rendered":"https:\/\/www.europesays.com\/pt\/204388\/"},"modified":"2025-12-27T09:35:19","modified_gmt":"2025-12-27T09:35:19","slug":"por-que-e-recomendavel-desligar-o-wi-fi-ao-sair-de-casa-sbt-news","status":"publish","type":"post","link":"https:\/\/www.europesays.com\/pt\/204388\/","title":{"rendered":"Por que \u00e9 recomend\u00e1vel desligar o Wi-Fi ao sair de casa &#8211; SBT News"},"content":{"rendered":"<ol>\n<li><a href=\"https:\/\/news.google.com\/rss\/articles\/CBMiowFBVV95cUxNM09WVXoyREJVNEExNUxtRUVQbVE3aWZuOVpJNlAzVWtLYVFtUHNvNGNvUVRXT1B3YTVfZzlZR0Rfak1VMWp1Yi1XRmRHVVpJcVd6RS05MEs2RUhnczZVa0tzQ1dJRFBRd2hsdjJfOUhyMUFqXzhGNmFZSHAtelhjem8zUGR4Zk9WSnplMUNYTHVVNUNOSGszcktjUWU5bjhLQW9B?oc=5\" target=\"_blank\" rel=\"nofollow noopener\">Por que \u00e9 recomend\u00e1vel desligar o Wi-Fi ao sair de casa<\/a>&nbsp;&nbsp;SBT News<\/li>\n<li><a href=\"https:\/\/news.google.com\/rss\/articles\/CBMiwgFBVV95cUxPSmM1SXlkM1FOSEtfNnlxbmo0LUhuaFQ1cEpETGE3cnJNNWJqdUViWjk2TEoyWGRKanpKZVVad0N6Y0tZVXJpdE5TRE55NzhZZDluSU55ZGw2NmJtSjFLd29ZZjdvV2ZFLXhNS3RuVTNWNGpWMXk0eDMzNkE1c2dnN1N4RnhEU3JWQ1dWZ244dFNwT0JQTkJvdUlQeVA3RnRrNmd2THdKV1lLZTNWdUU0TVVwY1BYbUM4Wm1KNUdlSXcxQQ?oc=5\" target=\"_blank\" rel=\"nofollow noopener\">Especialistas franceses orientam desativar o Wi-Fi do celular sempre que isso acontecer<\/a>&nbsp;&nbsp;Di\u00e1rio do Com\u00e9rcio<\/li>\n<li><a href=\"https:\/\/news.google.com\/rss\/articles\/CBMirwFBVV95cUxNQ2pYZDZvalFLSlNJazBkTGJ0SmlUTXg5RnRINDZsb3U2dnhNM01WMWp2SlY4dmt3SEx2T2NlZ0ZTb2c2bFFVRGxTUTdhQU1GalQ2d0VScW01ejdfUDBROGp3emJpdDh1eVV5UWN0bFFkTE5nOElTeVNRVGRLRXlnRU5hTDgzOXF0UUwtLWxjYTMyQVlqRU5lZ1RweXBUTzBYbFl5ejFmMHBBVUhfczgw0gG0AUFVX3lxTE53Zk1jYUZqNmx6NG1MUWkyX1dOUi04cnRWSWZVSngtek44R2tRQUF3OXFrc3RrU0Z2aURoV0gzT0FHZzRSTkpvaTVSMTlZMGduVHUyS3FoblZ4QXhmWWNJSmhMb01ZbGxWNzRBRlgwb2NLZkJ3X2k4aEdlc2FCbE1wNmNOZWNIaGgwUkJPeVVmSTh6eElJVmFSWDV1aDZlaGVtR29pMk9PWmNpVm1CTVcySzhrQg?oc=5\" target=\"_blank\" rel=\"nofollow noopener\">Como desativar o Wi-Fi do celular automaticamente ao sair de casa<\/a>&nbsp;&nbsp;Mundo Conectado<\/li>\n<li><a href=\"https:\/\/news.google.com\/rss\/articles\/CBMiuAFBVV95cUxQMzNISU1VUEtsX2NRU3kyTzF3VkwtVUxISWZNTEpLT2ZnYXMzUmVtbWUtUDhac2gwTFNsLVBJV1hzX2FnQ0FFcjgwRVpib09aeVNtN1NOYTR6RUVOMUZyaGtCZWlROG1UVEllVE85UEVBYzJGZzdhdEhmSmFMLTFPWkZSS2RfRTVCcnVzY2ljeDBld21ZTFM3QUQ4cG5Cem9LNGZGVXVjQ3VOM3ZkakJfZkl3cUttbjNr?oc=5\" target=\"_blank\" rel=\"nofollow noopener\">Especialistas franceses orientam desativar o Wi-Fi do celular quando isso acontece<\/a>&nbsp;&nbsp;Portal 6<\/li>\n<li><a href=\"https:\/\/news.google.com\/rss\/articles\/CBMifkFVX3lxTE5uQU8yaTRGaUswTDRua1ZJNGUxdDI4UkVpZVl1a2tDY2hpN01ES0o3NUs2YTJIZmJKN2htU2NCeG95dGdwS2k5bHlNcUt4ZGU2b1c5OThRTExvNUNibEROdEh2UkFRRF9LdmZqWVlQMmM3bU0xUjNvcVc5b19zQdIBfkFVX3lxTE5uQU8yaTRGaUswTDRua1ZJNGUxdDI4UkVpZVl1a2tDY2hpN01ES0o3NUs2YTJIZmJKN2htU2NCeG95dGdwS2k5bHlNcUt4ZGU2b1c5OThRTExvNUNibEROdEh2UkFRRF9LdmZqWVlQMmM3bU0xUjNvcVc5b19zQQ?oc=5\" target=\"_blank\" rel=\"nofollow noopener\">Quando desligar fun\u00e7\u00f5es do celular realmente aumenta sua seguran\u00e7a digital<\/a>&nbsp;&nbsp;fdr.com.br<\/li>\n<\/ol>\n","protected":false},"excerpt":{"rendered":"Por que \u00e9 recomend\u00e1vel desligar o Wi-Fi ao sair de casa&nbsp;&nbsp;SBT News Especialistas franceses orientam desativar o Wi-Fi&hellip;\n","protected":false},"author":2,"featured_media":204389,"comment_status":"","ping_status":"","sticky":false,"template":"","format":"standard","meta":{"footnotes":""},"categories":[84],"tags":[40475,7712,2654,586,109,107,108,40476,549,32,33,23952,40477,105,103,104,1019,106,110],"class_list":{"0":"post-204388","1":"post","2":"type-post","3":"status-publish","4":"format-standard","5":"has-post-thumbnail","7":"category-ciencia-e-tecnologia","8":"tag-ataque-cibernetico","9":"tag-celular","10":"tag-cibercrime","11":"tag-ciberseguranca","12":"tag-ciencia","13":"tag-ciencia-e-tecnologia","14":"tag-cienciaetecnologia","15":"tag-crime-cibernetico","16":"tag-internet","17":"tag-portugal","18":"tag-pt","19":"tag-rede","20":"tag-rede-5g","21":"tag-science","22":"tag-science-and-technology","23":"tag-scienceandtechnology","24":"tag-seguranca-digital","25":"tag-technology","26":"tag-tecnologia"},"share_on_mastodon":{"url":"https:\/\/pubeurope.com\/@pt\/115790854424761626","error":""},"_links":{"self":[{"href":"https:\/\/www.europesays.com\/pt\/wp-json\/wp\/v2\/posts\/204388","targetHints":{"allow":["GET"]}}],"collection":[{"href":"https:\/\/www.europesays.com\/pt\/wp-json\/wp\/v2\/posts"}],"about":[{"href":"https:\/\/www.europesays.com\/pt\/wp-json\/wp\/v2\/types\/post"}],"author":[{"embeddable":true,"href":"https:\/\/www.europesays.com\/pt\/wp-json\/wp\/v2\/users\/2"}],"replies":[{"embeddable":true,"href":"https:\/\/www.europesays.com\/pt\/wp-json\/wp\/v2\/comments?post=204388"}],"version-history":[{"count":0,"href":"https:\/\/www.europesays.com\/pt\/wp-json\/wp\/v2\/posts\/204388\/revisions"}],"wp:featuredmedia":[{"embeddable":true,"href":"https:\/\/www.europesays.com\/pt\/wp-json\/wp\/v2\/media\/204389"}],"wp:attachment":[{"href":"https:\/\/www.europesays.com\/pt\/wp-json\/wp\/v2\/media?parent=204388"}],"wp:term":[{"taxonomy":"category","embeddable":true,"href":"https:\/\/www.europesays.com\/pt\/wp-json\/wp\/v2\/categories?post=204388"},{"taxonomy":"post_tag","embeddable":true,"href":"https:\/\/www.europesays.com\/pt\/wp-json\/wp\/v2\/tags?post=204388"}],"curies":[{"name":"wp","href":"https:\/\/api.w.org\/{rel}","templated":true}]}}