{"id":204398,"date":"2025-12-27T10:09:22","date_gmt":"2025-12-27T10:09:22","guid":{"rendered":"https:\/\/www.europesays.com\/pt\/204398\/"},"modified":"2025-12-27T10:09:22","modified_gmt":"2025-12-27T10:09:22","slug":"nao-quero-destruir-a-industria-da-musica-quero-ve-la-mais-humana-r7-entretenimento","status":"publish","type":"post","link":"https:\/\/www.europesays.com\/pt\/204398\/","title":{"rendered":"\u2018N\u00e3o quero destruir a ind\u00fastria da m\u00fasica. Quero v\u00ea-la mais humana\u2019 \u2013 R7 Entretenimento"},"content":{"rendered":"<p>LEIA AQUI O RESUMO DA NOT\u00cdCIA<\/p>\n<ul class=\"b-article-body-custom-embed-brief-news__list\" style=\"margin: 0; padding-left: 20px; list-style-type: disc;\">\n<li>Justin Bieber usou o Natal para refletir sobre sua carreira e a ind\u00fastria da m\u00fasica.<\/li>\n<li>O cantor expressou sua recupera\u00e7\u00e3o pessoal e o desejo de transforma\u00e7\u00e3o na ind\u00fastria, buscando algo mais humano e honesto.<\/li>\n<li>Ele enfatizou que n\u00e3o \u00e9 um produto e se v\u00ea como um filho.<\/li>\n<li>No dia de Natal, Bieber compartilhou uma foto com sua esposa, Hailey, desejando um feliz Natal.<\/li>\n<\/ul>\n<p style=\"font-size: 0.8em; font-style: italic; text-align: right; margin-top: 15px; padding-bottom: 5px; margin-bottom: 0;\">Produzido pela Ri7a &#8211; a Intelig\u00eancia Artificial do R7<\/p>\n<p><img decoding=\"async\" data-chromatic=\"ignore\" alt=\"\" class=\"c-image\" loading=\"lazy\" src=\"https:\/\/www.europesays.com\/pt\/wp-content\/uploads\/2025\/12\/CAEE7AY6AFDKJOTCKXEPIB4WBQ.jpg\"  width=\"1080\" height=\"608\"\/>Justin Bieber tem rela\u00e7\u00e3o conturbada com a fama Reprodu\u00e7\u00e3o\/Instagram\/@lilbieber <\/p>\n<p class=\"jarvics:base-text-neutral-high-400 base-text-[calc(theme(fontSize.xs)_*_var(--font-size,_1))] base-font-normal base-font-primary base-text-neutral-low-500 base-text-left\"><a href=\"https:\/\/www.r7.com\/tudo-sobre\/justin-bieber\/\" target=\"_self\" rel=\"nofollow noopener\" title=\"https:\/\/www.r7.com\/tudo-sobre\/justin-bieber\/\">Justin Bieber<\/a> aproveitou o clima de reflex\u00e3o do Natal para escrever um novo desabafo sobre a ind\u00fastria da <a href=\"https:\/\/www.r7.com\/tudo-sobre\/musica\/\" target=\"_self\" rel=\"nofollow noopener\" title=\"https:\/\/www.r7.com\/tudo-sobre\/musica\/\">m\u00fasica<\/a> em suas redes sociais. No Instagram, ele compartilhou uma mensagem em comenta sobre a carreira e supera\u00e7\u00e3o pessoal.<\/p>\n<p class=\"jarvics:base-text-neutral-high-400 base-text-[calc(theme(fontSize.xs)_*_var(--font-size,_1))] base-font-normal base-font-primary base-text-neutral-low-500 base-text-left\">\u201cN\u00e3o estou falando como uma v\u00edtima que ainda est\u00e1 sangrando \u2014 estou falando como algu\u00e9m que se recuperou\u201d, escreveu o cantor na postagem feita na quarta-feira (24) v\u00e9spera de Natal. \u201cPorque estou curado, posso perdoar. N\u00e3o para fingir que a injusti\u00e7a n\u00e3o aconteceu, mas para que ela n\u00e3o continue a me afetar.\u201d<\/p>\n<p class=\"jarvics:base-text-neutral-high-400 base-text-[calc(theme(fontSize.xs)_*_var(--font-size,_1))] base-font-normal base-font-primary base-text-neutral-low-500 base-text-left\">Nos trechos seguintes, Bieber diz que n\u00e3o quer \u201cdestruir a ind\u00fastria\u201d, mas deseja que ela seja transformada. \u201cMais segura, mais honesta, mais humana\u201d, afirmou.<\/p>\n<p class=\"jarvics:base-text-neutral-high-400 base-text-[calc(theme(fontSize.xs)_*_var(--font-size,_1))] base-font-normal base-font-primary base-text-neutral-low-500 base-text-left\">\u201cEu n\u00e3o sou um produto. Eu n\u00e3o sou o que a ind\u00fastria exige. Eu sou um filho\u201d, completou.<\/p>\n<p class=\"jarvics:base-text-neutral-high-400 base-text-[calc(theme(fontSize.xs)_*_var(--font-size,_1))] base-font-normal base-font-primary base-text-neutral-low-500 base-text-left\">No dia de Natal, 25, Bieber postou uma foto com a esposa, Hailey. \u201cFeliz Natal dos Biebers\u201d, escreveu.<\/p>\n<p><video controls=\"\" class=\"video-js\" preload=\"metadata\" poster=\"https:\/\/d22yf0mxeu0gma.cloudfront.net\/11-22-2025\/t_ab6102f8099948dda3e262c067a858e5_name_Justin_Bieber.jpg\" title=\"Justin Bieber ajuda desconhecido no meio de estrada nos EUA\" data-sprite-url=\"\" data-metadata=\"{&quot;title&quot;:&quot;Justin Bieber ajuda desconhecido no meio de estrada nos EUA&quot;,&quot;sectionName&quot;:&quot;R7&quot;,&quot;mainSection&quot;:&quot;Famosos e TV&quot;,&quot;subSection&quot;:&quot;&quot;,&quot;views&quot;:&quot;&quot;,&quot;disableAdv&quot;:&quot;false&quot;,&quot;createdDate&quot;:&quot;2025-11-21T21:12:53Z&quot;,&quot;mainSectionUrl&quot;:&quot;https:\/\/entretenimento.r7.com\/prisma\/fabiola-reipert\/video\/justin-bieber-ajuda-desconhecido-no-meio-de-estrada-nos-eua-22112025\/&quot;,&quot;sectionPath&quot;:&quot;https:\/\/entretenimento.r7.com\/prisma\/fabiola-reipert&quot;,&quot;ageRating&quot;:&quot;&quot;,&quot;ageRatingDescription&quot;:&quot;&quot;,&quot;duration&quot;:89109,&quot;playerUrl&quot;:&quot;https:\/\/entretenimento.r7.com\/player\/14199b00-38a1-4e34-be0a-b4f97ef663f1\/&quot;}\" data-player-params=\"{&quot;p&quot;:&quot;true&quot;,&quot;autoPlay&quot;:&quot;false&quot;,&quot;logo&quot;:&quot;true&quot;,&quot;playlistId&quot;:&quot;false&quot;,&quot;calhau&quot;:&quot;false&quot;,&quot;share&quot;:&quot;true&quot;,&quot;sz&quot;:&quot;false&quot;,&quot;full&quot;:&quot;true&quot;,&quot;customAdHash&quot;:&quot;\/7542\/R7entretenimento\/famosostv&quot;,&quot;referrerUrl&quot;:&quot;&quot;,&quot;externalLinks&quot;:&quot;true&quot;,&quot;debug&quot;:&quot;false&quot;,&quot;debugHash&quot;:&quot;false&quot;,&quot;debugRelated&quot;:&quot;false&quot;,&quot;timerRelated&quot;:&quot;true&quot;,&quot;logoRecord&quot;:&quot;false&quot;,&quot;contextModal&quot;:&quot;false&quot;,&quot;parentUrl&quot;:&quot;https:\/\/record.r7.com\/&quot;,&quot;t&quot;:&quot;0&quot;,&quot;noTitle&quot;:false,&quot;endBehavior&quot;:&quot;default&quot;}\" data-related-videos=\"[{&quot;title&quot;:&quot;Tat\u00e1 Werneck acorda o cunhado cantando e causa na festa da fam\u00edlia&quot;,&quot;thumb&quot;:&quot;https:\/\/d22yf0mxeu0gma.cloudfront.net\/12-26-2025\/t_cfb6bd787e3b4bf0907f0c0dc65fc3f5_name_Tata_Soneca.jpg&quot;,&quot;url&quot;:&quot;https:\/\/entretenimento.r7.com\/prisma\/fabiola-reipert\/video\/tata-werneck-acorda-o-cunhado-cantando-e-causa-na-festa-da-familia-26122025\/&quot;,&quot;embedUrl&quot;:&quot;https:\/\/entretenimento.r7.com\/player\/847ecd70-fae0-4ab0-9f73-00ecb496677e\/&quot;},{&quot;title&quot;:&quot;Arnold Schwarzenegger reencontra a ex-mulher ap\u00f3s 14 anos de trai\u00e7\u00e3o&quot;,&quot;thumb&quot;:&quot;https:\/\/d22yf0mxeu0gma.cloudfront.net\/12-26-2025\/t_c19bcda7ae1c404b86e9480eb60ed678_name_Arnold_Ex.jpg&quot;,&quot;url&quot;:&quot;https:\/\/entretenimento.r7.com\/prisma\/fabiola-reipert\/video\/arnold-schwarzenegger-reencontra-a-ex-mulher-apos-14-anos-de-traicao-26122025\/&quot;,&quot;embedUrl&quot;:&quot;https:\/\/entretenimento.r7.com\/player\/76fe7be2-7cba-422a-a959-e89156b45a38\/&quot;},{&quot;title&quot;:&quot;Elba Ramalho revela que quer voltar a trabalhar como atriz&quot;,&quot;thumb&quot;:&quot;https:\/\/d22yf0mxeu0gma.cloudfront.net\/12-26-2025\/t_fc77eb2e56e54e7099e4f295c265ed7e_name_Elba_Sonho.jpg&quot;,&quot;url&quot;:&quot;https:\/\/entretenimento.r7.com\/prisma\/fabiola-reipert\/video\/elba-ramalho-revela-que-quer-voltar-a-trabalhar-como-atriz-26122025\/&quot;,&quot;embedUrl&quot;:&quot;https:\/\/entretenimento.r7.com\/player\/67969eca-90ef-4fd0-bdb6-a51b051fbe49\/&quot;}]\" data-player-url=\"https:\/\/entretenimento.r7.com\/player\/14199b00-38a1-4e34-be0a-b4f97ef663f1\/\" data-arc-video=\"\" data-arc-id=\"14199b00-38a1-4e34-be0a-b4f97ef663f1\" data-short=\"false\" style=\"visibility:hidden\"><\/video><\/p>\n<p class=\"jarvics:base-text-neutral-high-400 base-text-[calc(theme(fontSize.xs)_*_var(--font-size,_1))] base-font-normal base-font-primary base-text-neutral-low-500 base-text-left\"><b>Para saber tudo do mundo dos famosos, <\/b><a href=\"https:\/\/whatsapp.com\/channel\/0029Va9UfKcHQbRyCyhPt71R\" rel=\"nofollow noopener\" target=\"_blank\"><b>siga o canal de entretenimento do R7<\/b><\/a><b>, o portal de not\u00edcias da RECORD, no WhatsApp<\/b><\/p>\n","protected":false},"excerpt":{"rendered":"LEIA AQUI O RESUMO DA NOT\u00cdCIA Justin Bieber usou o Natal para refletir sobre sua carreira e a&hellip;\n","protected":false},"author":2,"featured_media":204399,"comment_status":"","ping_status":"","sticky":false,"template":"","format":"standard","meta":{"footnotes":""},"categories":[145],"tags":[211,210,114,115,980,1275,150,32,33,151],"class_list":{"0":"post-204398","1":"post","2":"type-post","3":"status-publish","4":"format-standard","5":"has-post-thumbnail","7":"category-celebridades","8":"tag-celebridades","9":"tag-celebrities","10":"tag-entertainment","11":"tag-entretenimento","12":"tag-famosos","13":"tag-justin-bieber","14":"tag-musica","15":"tag-portugal","16":"tag-pt","17":"tag-tv"},"share_on_mastodon":{"url":"https:\/\/pubeurope.com\/@pt\/115790988461862201","error":""},"_links":{"self":[{"href":"https:\/\/www.europesays.com\/pt\/wp-json\/wp\/v2\/posts\/204398","targetHints":{"allow":["GET"]}}],"collection":[{"href":"https:\/\/www.europesays.com\/pt\/wp-json\/wp\/v2\/posts"}],"about":[{"href":"https:\/\/www.europesays.com\/pt\/wp-json\/wp\/v2\/types\/post"}],"author":[{"embeddable":true,"href":"https:\/\/www.europesays.com\/pt\/wp-json\/wp\/v2\/users\/2"}],"replies":[{"embeddable":true,"href":"https:\/\/www.europesays.com\/pt\/wp-json\/wp\/v2\/comments?post=204398"}],"version-history":[{"count":0,"href":"https:\/\/www.europesays.com\/pt\/wp-json\/wp\/v2\/posts\/204398\/revisions"}],"wp:featuredmedia":[{"embeddable":true,"href":"https:\/\/www.europesays.com\/pt\/wp-json\/wp\/v2\/media\/204399"}],"wp:attachment":[{"href":"https:\/\/www.europesays.com\/pt\/wp-json\/wp\/v2\/media?parent=204398"}],"wp:term":[{"taxonomy":"category","embeddable":true,"href":"https:\/\/www.europesays.com\/pt\/wp-json\/wp\/v2\/categories?post=204398"},{"taxonomy":"post_tag","embeddable":true,"href":"https:\/\/www.europesays.com\/pt\/wp-json\/wp\/v2\/tags?post=204398"}],"curies":[{"name":"wp","href":"https:\/\/api.w.org\/{rel}","templated":true}]}}