{"id":204400,"date":"2025-12-27T10:12:09","date_gmt":"2025-12-27T10:12:09","guid":{"rendered":"https:\/\/www.europesays.com\/pt\/204400\/"},"modified":"2025-12-27T10:12:09","modified_gmt":"2025-12-27T10:12:09","slug":"a-protegida-goncalo-e-catarina-entram-em-despique-novelas","status":"publish","type":"post","link":"https:\/\/www.europesays.com\/pt\/204400\/","title":{"rendered":"A Protegida: Gon\u00e7alo e Catarina entram em despique &#8211; Novelas"},"content":{"rendered":"<p>Em \u00abA Protegida\u00bb, Gon\u00e7alo (Jo\u00e3o Bettencourt) fala com um dos seus patrocinadores e diz-lhe que n\u00e3o quer renovar o contrato, pois quer parar por uns tempos. Catarina (Mafalda Peres) ouve o telefonema e pergunta a Gon\u00e7alo se vai ficar em Portugal. Ele n\u00e3o gosta muito da abordagem, mas responde e pergunta-lhe o hor\u00e1rio dos treinos dela, pois tamb\u00e9m quer abrir uma turma. Catarina fica amedrontada.<\/p>\n","protected":false},"excerpt":{"rendered":"Em \u00abA Protegida\u00bb, Gon\u00e7alo (Jo\u00e3o Bettencourt) fala com um dos seus patrocinadores e diz-lhe que n\u00e3o quer renovar&hellip;\n","protected":false},"author":2,"featured_media":204401,"comment_status":"","ping_status":"","sticky":false,"template":"","format":"standard","meta":{"footnotes":""},"categories":[142],"tags":[168,160,166,114,115,157,167,164,2931,161,158,165,159,32,33,156,163,151,162],"class_list":{"0":"post-204400","1":"post","2":"type-post","3":"status-publish","4":"format-standard","5":"has-post-thumbnail","7":"category-tv","8":"tag-a-protegida","9":"tag-ana-guiomar","10":"tag-cristina-ferreira","11":"tag-entertainment","12":"tag-entretenimento","13":"tag-festa-e-festa","14":"tag-ficcao","15":"tag-jose-fidalgo","16":"tag-novela","17":"tag-novelas","18":"tag-para-sempre","19":"tag-pedro-sousa","20":"tag-pedro-teixeira","21":"tag-portugal","22":"tag-pt","23":"tag-queridos-papas","24":"tag-tiago-teotonio-pereira","25":"tag-tv","26":"tag-tvi"},"share_on_mastodon":{"url":"https:\/\/pubeurope.com\/@pt\/115790999942761499","error":""},"_links":{"self":[{"href":"https:\/\/www.europesays.com\/pt\/wp-json\/wp\/v2\/posts\/204400","targetHints":{"allow":["GET"]}}],"collection":[{"href":"https:\/\/www.europesays.com\/pt\/wp-json\/wp\/v2\/posts"}],"about":[{"href":"https:\/\/www.europesays.com\/pt\/wp-json\/wp\/v2\/types\/post"}],"author":[{"embeddable":true,"href":"https:\/\/www.europesays.com\/pt\/wp-json\/wp\/v2\/users\/2"}],"replies":[{"embeddable":true,"href":"https:\/\/www.europesays.com\/pt\/wp-json\/wp\/v2\/comments?post=204400"}],"version-history":[{"count":0,"href":"https:\/\/www.europesays.com\/pt\/wp-json\/wp\/v2\/posts\/204400\/revisions"}],"wp:featuredmedia":[{"embeddable":true,"href":"https:\/\/www.europesays.com\/pt\/wp-json\/wp\/v2\/media\/204401"}],"wp:attachment":[{"href":"https:\/\/www.europesays.com\/pt\/wp-json\/wp\/v2\/media?parent=204400"}],"wp:term":[{"taxonomy":"category","embeddable":true,"href":"https:\/\/www.europesays.com\/pt\/wp-json\/wp\/v2\/categories?post=204400"},{"taxonomy":"post_tag","embeddable":true,"href":"https:\/\/www.europesays.com\/pt\/wp-json\/wp\/v2\/tags?post=204400"}],"curies":[{"name":"wp","href":"https:\/\/api.w.org\/{rel}","templated":true}]}}