{"id":204406,"date":"2025-12-27T10:23:10","date_gmt":"2025-12-27T10:23:10","guid":{"rendered":"https:\/\/www.europesays.com\/pt\/204406\/"},"modified":"2025-12-27T10:23:10","modified_gmt":"2025-12-27T10:23:10","slug":"reynaldo-gianecchini-relembra-cena-com-vera-fischer-mais-marcante-que-cenas-intimas","status":"publish","type":"post","link":"https:\/\/www.europesays.com\/pt\/204406\/","title":{"rendered":"Reynaldo Gianecchini relembra cena com Vera Fischer mais marcante que cenas \u00edntimas"},"content":{"rendered":"<p><a href=\"https:\/\/caras.com.br\/tags\/reynaldo-gianecchini\" rel=\"nofollow noopener\" target=\"_blank\"><strong>Reynaldo Gianecchini<\/strong><\/a> voltou a um dos momentos mais simb\u00f3licos de sua trajet\u00f3ria na televis\u00e3o ao relembrar cenas de La\u00e7os de Fam\u00edlia (2000\u20132001), novela que marcou sua estreia como protagonista na Globo. Em entrevista recente, o ator contou que o primeiro beijo contracenado com <a href=\"https:\/\/caras.com.br\/tags\/vera-fischer\" rel=\"nofollow noopener\" target=\"_blank\"><strong>Vera Fischer<\/strong><\/a> foi mais marcante do que as cenas \u00edntimas que vieram depois.<\/p>\n<p>Segundo Gianecchini, a sequ\u00eancia n\u00e3o foi ensaiada nem combinada previamente. A intensidade surgiu de forma espont\u00e2nea durante a grava\u00e7\u00e3o. \u201c\u00c9 um beijo que a gente n\u00e3o combinou nada. A gente deixou fluir\u201d, afirmou ao gshow. Ao fim da cena, o impacto foi imediato nos bastidores. \u201cQuando a gente terminou, o est\u00fadio ficou em sil\u00eancio. Todo mundo viu que era um beijo forte. O est\u00fadio todo falou: \u2018Nossa Senhora!\u2019\u201d, relembrou.<\/p>\n<p>Na \u00e9poca, Gianecchini estava no in\u00edcio da carreira e admitiu que se sentia inseguro diante da experi\u00eancia e da parceria com Vera Fischer, j\u00e1 consolidada como um dos grandes nomes da dramaturgia brasileira. \u201cEu estava muito encantado por ela, como meu personagem tamb\u00e9m estava\u201d, contou, explicando que isso contribuiu para a entrega emocional da cena.<\/p>\n<p> <img loading=\"lazy\" decoding=\"async\" class=\"wp-image-1050405 size-full img-fluid lazy\" alt=\"Carolina Dieckmann, Reynaldo Gianecchini e Vera Visher - Foto: Globo \/ Roberto Steinberger\" width=\"2434\" height=\"1783\" src=\"https:\/\/www.europesays.com\/pt\/wp-content\/uploads\/2025\/12\/assets_fotos_646_vera-fischer-celebra-o-sucesso-da-reprise-de-lacos-de-familia-3dd9b4b86ce8.jpg\"  \/>Carolina Dieckmann, Reynaldo Gianecchini e Vera Visher \u2013 Foto: Globo \/ Roberto Steinberger Vera Fischer acolheu Reynaldo Gianecchini <\/p>\n<p>Durante participa\u00e7\u00e3o no programa Ang\u00e9lica Ao Vivo, exibido no GNT, Gianecchini voltou ao assunto e destacou a postura acolhedora da colega nos bastidores. Segundo ele, Vera foi essencial para que se sentisse confort\u00e1vel logo no primeiro encontro profissional. \u201cEla me pegou pela m\u00e3o e falou: \u2018Relaxa, bora, vamos jogar aqui na cena\u2019. Vera foi muito parceira, muito amiga\u201d, contou no programa.<\/p>\n<p>Na trama escrita por <strong>Manoel Carlos,<\/strong> Helena e Edu vivem um relacionamento que ganha contornos dram\u00e1ticos quando Camila (<strong>Carolina Dieckmann<\/strong>), filha da personagem de Vera Fischer, tamb\u00e9m se envolve com o gal\u00e3. O tri\u00e2ngulo amoroso se transforma ap\u00f3s o diagn\u00f3stico de leucemia de Camila, um dos arcos mais lembrados da novela.<\/p>\n<p>Recentemente, a pr\u00f3pria Vera Fischer tamb\u00e9m relembrou as cenas mais intensas da produ\u00e7\u00e3o, incluindo a primeira sequ\u00eancia de sexo do casal, destacando o cuidado e a seriedade com que tudo foi conduzido nos bastidores. Ainda assim, para Gianecchini, nenhum momento superou o impacto do primeiro beijo. \u201cEu lembro disso mais do que da cena de sexo. O primeiro beijo foi muito marcante\u201d, concluiu.<\/p>\n<p>Leia tamb\u00e9m: <a href=\"https:\/\/caras.com.br\/atualidades\/reynaldo-gianecchini-posta-fotos-rarissimas-com-a-mae-dias-felizes.phtml\" rel=\"nofollow noopener\" target=\"_blank\">Reynaldo Gianecchini posta fotos rar\u00edssimas com a m\u00e3e: \u2018Dias felizes\u2019<\/a><\/p>\n<p>        <a href=\"https:\/\/caras.com.br\/autor\/izabella-nicolau\" rel=\"nofollow noopener\" target=\"_blank\">&#13;<br \/>\n          <img loading=\"lazy\" decoding=\"async\" alt=\"Izabella Nicolau\" src=\"https:\/\/www.europesays.com\/pt\/wp-content\/uploads\/2025\/10\/1761546134_794_whatsapp_image_2025-08-12_at_15.10.50_1_sqmd.jpeg\" class=\"avatar avatar-115 photo rounded-circle\" height=\"115\" width=\"115\"\/>        <\/a><\/p>\n<p><strong>Izabella Nicolau<\/strong> \u00e9 rep\u00f3rter de conte\u00fado do site CARAS. Formada em jornalismo, j\u00e1 passou por sites como Observat\u00f3rio do Cinema e Ultraverso. Escreve sobre cultura, entretenimento e celebridades.<\/p>\n","protected":false},"excerpt":{"rendered":"Reynaldo Gianecchini voltou a um dos momentos mais simb\u00f3licos de sua trajet\u00f3ria na televis\u00e3o ao relembrar cenas de&hellip;\n","protected":false},"author":2,"featured_media":204407,"comment_status":"","ping_status":"","sticky":false,"template":"","format":"standard","meta":{"footnotes":""},"categories":[145],"tags":[211,210,114,115,11698,32,33,39021,10206],"class_list":{"0":"post-204406","1":"post","2":"type-post","3":"status-publish","4":"format-standard","5":"has-post-thumbnail","7":"category-celebridades","8":"tag-celebridades","9":"tag-celebrities","10":"tag-entertainment","11":"tag-entretenimento","12":"tag-lacos-de-familia","13":"tag-portugal","14":"tag-pt","15":"tag-reynaldo-gianecchini","16":"tag-vera-fischer"},"share_on_mastodon":{"url":"https:\/\/pubeurope.com\/@pt\/115791043422223073","error":""},"_links":{"self":[{"href":"https:\/\/www.europesays.com\/pt\/wp-json\/wp\/v2\/posts\/204406","targetHints":{"allow":["GET"]}}],"collection":[{"href":"https:\/\/www.europesays.com\/pt\/wp-json\/wp\/v2\/posts"}],"about":[{"href":"https:\/\/www.europesays.com\/pt\/wp-json\/wp\/v2\/types\/post"}],"author":[{"embeddable":true,"href":"https:\/\/www.europesays.com\/pt\/wp-json\/wp\/v2\/users\/2"}],"replies":[{"embeddable":true,"href":"https:\/\/www.europesays.com\/pt\/wp-json\/wp\/v2\/comments?post=204406"}],"version-history":[{"count":0,"href":"https:\/\/www.europesays.com\/pt\/wp-json\/wp\/v2\/posts\/204406\/revisions"}],"wp:featuredmedia":[{"embeddable":true,"href":"https:\/\/www.europesays.com\/pt\/wp-json\/wp\/v2\/media\/204407"}],"wp:attachment":[{"href":"https:\/\/www.europesays.com\/pt\/wp-json\/wp\/v2\/media?parent=204406"}],"wp:term":[{"taxonomy":"category","embeddable":true,"href":"https:\/\/www.europesays.com\/pt\/wp-json\/wp\/v2\/categories?post=204406"},{"taxonomy":"post_tag","embeddable":true,"href":"https:\/\/www.europesays.com\/pt\/wp-json\/wp\/v2\/tags?post=204406"}],"curies":[{"name":"wp","href":"https:\/\/api.w.org\/{rel}","templated":true}]}}