{"id":204408,"date":"2025-12-27T10:26:09","date_gmt":"2025-12-27T10:26:09","guid":{"rendered":"https:\/\/www.europesays.com\/pt\/204408\/"},"modified":"2025-12-27T10:26:09","modified_gmt":"2025-12-27T10:26:09","slug":"a-protegida-aruna-esta-no-lodo-e-a-culpa-e-de-virgilio-novelas","status":"publish","type":"post","link":"https:\/\/www.europesays.com\/pt\/204408\/","title":{"rendered":"A Protegida: Aruna est\u00e1 no lodo e a culpa \u00e9 de Virg\u00edlio &#8211; Novelas"},"content":{"rendered":"<p>Em \u00abA Protegida\u00bb, Aruna (Noua Wong) est\u00e1 triste por Virg\u00edlio (Diogo Morgado) n\u00e3o ter voltado para casa. Margarida (In\u00eas Her\u00e9dia) e Sanjay (M\u00e1rio Oliveira) d\u00e3o-lhe apoio. Aruna n\u00e3o compreende como Virg\u00edlio fez uma vasectomia e n\u00e3o lhe disse nada. Nem sabe explicar como engravidou, mas tem a certeza de que o filho \u00e9 dele. Margarida diz que pesquisou e que \u00e9 poss\u00edvel engravidar nos meses seguintes \u00e0 vasectomia.<\/p>\n","protected":false},"excerpt":{"rendered":"Em \u00abA Protegida\u00bb, Aruna (Noua Wong) est\u00e1 triste por Virg\u00edlio (Diogo Morgado) n\u00e3o ter voltado para casa. Margarida&hellip;\n","protected":false},"author":2,"featured_media":204409,"comment_status":"","ping_status":"","sticky":false,"template":"","format":"standard","meta":{"footnotes":""},"categories":[142],"tags":[168,160,166,114,115,157,167,164,2931,161,158,165,159,32,33,156,163,151,162],"class_list":{"0":"post-204408","1":"post","2":"type-post","3":"status-publish","4":"format-standard","5":"has-post-thumbnail","7":"category-tv","8":"tag-a-protegida","9":"tag-ana-guiomar","10":"tag-cristina-ferreira","11":"tag-entertainment","12":"tag-entretenimento","13":"tag-festa-e-festa","14":"tag-ficcao","15":"tag-jose-fidalgo","16":"tag-novela","17":"tag-novelas","18":"tag-para-sempre","19":"tag-pedro-sousa","20":"tag-pedro-teixeira","21":"tag-portugal","22":"tag-pt","23":"tag-queridos-papas","24":"tag-tiago-teotonio-pereira","25":"tag-tv","26":"tag-tvi"},"share_on_mastodon":{"url":"https:\/\/pubeurope.com\/@pt\/115791054964690281","error":""},"_links":{"self":[{"href":"https:\/\/www.europesays.com\/pt\/wp-json\/wp\/v2\/posts\/204408","targetHints":{"allow":["GET"]}}],"collection":[{"href":"https:\/\/www.europesays.com\/pt\/wp-json\/wp\/v2\/posts"}],"about":[{"href":"https:\/\/www.europesays.com\/pt\/wp-json\/wp\/v2\/types\/post"}],"author":[{"embeddable":true,"href":"https:\/\/www.europesays.com\/pt\/wp-json\/wp\/v2\/users\/2"}],"replies":[{"embeddable":true,"href":"https:\/\/www.europesays.com\/pt\/wp-json\/wp\/v2\/comments?post=204408"}],"version-history":[{"count":0,"href":"https:\/\/www.europesays.com\/pt\/wp-json\/wp\/v2\/posts\/204408\/revisions"}],"wp:featuredmedia":[{"embeddable":true,"href":"https:\/\/www.europesays.com\/pt\/wp-json\/wp\/v2\/media\/204409"}],"wp:attachment":[{"href":"https:\/\/www.europesays.com\/pt\/wp-json\/wp\/v2\/media?parent=204408"}],"wp:term":[{"taxonomy":"category","embeddable":true,"href":"https:\/\/www.europesays.com\/pt\/wp-json\/wp\/v2\/categories?post=204408"},{"taxonomy":"post_tag","embeddable":true,"href":"https:\/\/www.europesays.com\/pt\/wp-json\/wp\/v2\/tags?post=204408"}],"curies":[{"name":"wp","href":"https:\/\/api.w.org\/{rel}","templated":true}]}}