{"id":204416,"date":"2025-12-27T10:36:20","date_gmt":"2025-12-27T10:36:20","guid":{"rendered":"https:\/\/www.europesays.com\/pt\/204416\/"},"modified":"2025-12-27T10:36:20","modified_gmt":"2025-12-27T10:36:20","slug":"reconhecimento-da-somalilandia-por-israel-e-inaceitavel","status":"publish","type":"post","link":"https:\/\/www.europesays.com\/pt\/204416\/","title":{"rendered":"Reconhecimento da Somalil\u00e2ndia por Israel \u00e9 &#8216;Inaceit\u00e1vel&#8217;"},"content":{"rendered":"<p>O secret\u00e1rio-geral da Liga \u00c1rabe, Ahmed Abulgheit, afirmou esta sexta-feira, 26 de dezembro, que o reconhecimento da Somalil\u00e2ndia por parte do Governo de Israel \u00e9 uma medida &#8220;provocadora e inaceit\u00e1vel&#8221; que pode &#8220;minar a estabilidade regional&#8221;.<\/p>\n<p>Abulgheit disse tratar-se de &#8220;uma clara viola\u00e7\u00e3o das normas do Direito Internacional&#8221; e &#8220;uma viola\u00e7\u00e3o flagrante do princ\u00edpio da unidade e soberania dos Estados, que constitui um pilar fundamental da Carta das Na\u00e7\u00f5es Unidas e das rela\u00e7\u00f5es internacionais&#8221;.<\/p>\n<p>&#8220;Esta medida, adotada por uma pot\u00eancia ocupante que comete diariamente graves viola\u00e7\u00f5es contra o povo palestiniano e os vizinhos dos territ\u00f3rios palestinos, ignorando as resolu\u00e7\u00f5es que t\u00eam legitimidade internacional, equivale a um ataque israelita \u00e0 soberania de um Estado \u00e1rabe e africano&#8221;, afirmou, num comunicado publicado nas redes sociais.<\/p>\n<p>Nesse sentido, o secret\u00e1rio-geral da Liga \u00c1rabe advertiu que a decis\u00e3o representa &#8220;uma tentativa de cooperar com terceiros para minar a estabilidade regional&#8221; em &#8220;total desrespeito&#8221; pelas normas que regem o Direito Internacional.<\/p>\n<p>Por outro lado, Gamal Roshdy, porta-voz de Abulgheit, lembrou que a regi\u00e3o da Somalil\u00e2ndia \u00e9 &#8220;parte integrante da Rep\u00fablica Federal da Som\u00e1lia&#8221;, um pa\u00eds soberano e reconhecido internacionalmente, pelo que &#8220;qualquer tentativa de impor um reconhecimento unilateral constitui uma inger\u00eancia inaceit\u00e1vel nos assuntos internos&#8221; dessa na\u00e7\u00e3o.<\/p>\n<p>A Som\u00e1lia j\u00e1 tinha reagido ao reconhecimento de Israel, num comunicado conjunto com o Egito, a Turquia e o Djibuti, no qual os ministros dos Neg\u00f3cios Estrangeiros dos quatro pa\u00edses expressaram o receio de que este acordo com a Somalil\u00e2ndia esteja diretamente ligado \u00e0 guerra de Gaza e que o estado separatista somali possa tornar-se o destino de uma desloca\u00e7\u00e3o for\u00e7ada e ilegal do povo palestiniano.<\/p>\n<p>&#8220;As partes enfatizam a rejei\u00e7\u00e3o categ\u00f3rica de qualquer plano para deslocar o povo palestiniano para fora do seu territ\u00f3rio, que a grande maioria dos pa\u00edses do mundo rejeita de forma categ\u00f3rica&#8221;, acrescentaram.<\/p>\n<p>Tamb\u00e9m em comunicado, o gabinete do primeiro-ministro da Som\u00e1lia, Hamza Abdi Barre, condenou o &#8220;ataque deliberado \u00e0 sua soberania&#8221; por parte de Israel, considerando que o reconhecimento da Somalil\u00e2ndia exacerba &#8220;as tens\u00f5es pol\u00edticas e de seguran\u00e7a no Corno de \u00c1frica, no Mar Vermelho e no Golfo de \u00c1den, no M\u00e9dio Oriente e na regi\u00e3o em geral&#8221;.<\/p>\n<p>O Governo somali reafirmou ainda o seu apoio &#8220;inabal\u00e1vel&#8221; aos direitos leg\u00edtimos do povo palestiniano, &#8220;nomeadamente ao seu direito \u00e0 autodetermina\u00e7\u00e3o, e a sua rejei\u00e7\u00e3o categ\u00f3rica da ocupa\u00e7\u00e3o e das desloca\u00e7\u00f5es for\u00e7adas&#8221;.<\/p>\n<p>&#8220;A Som\u00e1lia nunca aceitar\u00e1 tornar o povo palestiniano ap\u00e1trida&#8221;, acrescentou. Em agosto, v\u00e1rios meios de comunica\u00e7\u00e3o internacionais noticiaram discuss\u00f5es entre as autoridades israelitas e da Somalil\u00e2ndia para acolher palestinianos expulsos de Gaza.<\/p>\n<p>O Governo israelita j\u00e1 tinha reconhecido pela primeira vez a independ\u00eancia da Somalil\u00e2ndia, em 1960, durante os cinco dias de exist\u00eancia do chamado Estado da Somalil\u00e2ndia. O atual Estado separatista declarou a sua independ\u00eancia em 1991 e, embora mantenha certos contactos diplom\u00e1ticos com v\u00e1rios pa\u00edses do mundo, nenhum pa\u00eds membro da ONU reconhecia a sua exist\u00eancia como Estado, at\u00e9 agora.<\/p>\n","protected":false},"excerpt":{"rendered":"O secret\u00e1rio-geral da Liga \u00c1rabe, Ahmed Abulgheit, afirmou esta sexta-feira, 26 de dezembro, que o reconhecimento da Somalil\u00e2ndia&hellip;\n","protected":false},"author":2,"featured_media":204417,"comment_status":"","ping_status":"","sticky":false,"template":"","format":"standard","meta":{"footnotes":""},"categories":[8],"tags":[27,28,15,16,14,259,25,26,40478,21,22,12,13,19,20,32,23,24,33,17,18,29,30,31],"class_list":{"0":"post-204416","1":"post","2":"type-post","3":"status-publish","4":"format-standard","5":"has-post-thumbnail","7":"category-principais-noticias","8":"tag-breaking-news","9":"tag-breakingnews","10":"tag-featured-news","11":"tag-featurednews","12":"tag-headlines","13":"tag-israel","14":"tag-latest-news","15":"tag-latestnews","16":"tag-liga-arabe","17":"tag-main-news","18":"tag-mainnews","19":"tag-news","20":"tag-noticias","21":"tag-noticias-principais","22":"tag-noticiasprincipais","23":"tag-portugal","24":"tag-principais-noticias","25":"tag-principaisnoticias","26":"tag-pt","27":"tag-top-stories","28":"tag-topstories","29":"tag-ultimas","30":"tag-ultimas-noticias","31":"tag-ultimasnoticias"},"share_on_mastodon":{"url":"https:\/\/pubeurope.com\/@pt\/115791094471662336","error":""},"_links":{"self":[{"href":"https:\/\/www.europesays.com\/pt\/wp-json\/wp\/v2\/posts\/204416","targetHints":{"allow":["GET"]}}],"collection":[{"href":"https:\/\/www.europesays.com\/pt\/wp-json\/wp\/v2\/posts"}],"about":[{"href":"https:\/\/www.europesays.com\/pt\/wp-json\/wp\/v2\/types\/post"}],"author":[{"embeddable":true,"href":"https:\/\/www.europesays.com\/pt\/wp-json\/wp\/v2\/users\/2"}],"replies":[{"embeddable":true,"href":"https:\/\/www.europesays.com\/pt\/wp-json\/wp\/v2\/comments?post=204416"}],"version-history":[{"count":0,"href":"https:\/\/www.europesays.com\/pt\/wp-json\/wp\/v2\/posts\/204416\/revisions"}],"wp:featuredmedia":[{"embeddable":true,"href":"https:\/\/www.europesays.com\/pt\/wp-json\/wp\/v2\/media\/204417"}],"wp:attachment":[{"href":"https:\/\/www.europesays.com\/pt\/wp-json\/wp\/v2\/media?parent=204416"}],"wp:term":[{"taxonomy":"category","embeddable":true,"href":"https:\/\/www.europesays.com\/pt\/wp-json\/wp\/v2\/categories?post=204416"},{"taxonomy":"post_tag","embeddable":true,"href":"https:\/\/www.europesays.com\/pt\/wp-json\/wp\/v2\/tags?post=204416"}],"curies":[{"name":"wp","href":"https:\/\/api.w.org\/{rel}","templated":true}]}}