{"id":204431,"date":"2025-12-27T10:55:13","date_gmt":"2025-12-27T10:55:13","guid":{"rendered":"https:\/\/www.europesays.com\/pt\/204431\/"},"modified":"2025-12-27T10:55:13","modified_gmt":"2025-12-27T10:55:13","slug":"terra-forte-flor-fica-confusa-ao-saber-que-maria-de-fatima-a-salvou-tvi","status":"publish","type":"post","link":"https:\/\/www.europesays.com\/pt\/204431\/","title":{"rendered":"Terra Forte: Flor fica confusa ao saber que Maria de F\u00e1tima a salvou &#8211; TVI"},"content":{"rendered":"<ol>\n<li><a href=\"https:\/\/news.google.com\/rss\/articles\/CBMixAFBVV95cUxPQUt4WkY4anBUSDc5cTBoM0JSOVpuaTRyaTF3QmhyaW50TkJ4QXJUTkt3NVM3WTY1bWJKVEx4TU12YVRyMWVBQlJKWXpyRkhpbU4zcUJ1OGVkdVNkYkpUU29oVTVQdmJ4WUVLMklrb3libWZXdTM3SlAyRTZqWWUxT3NYdkVaWkIwVnJocGo4cklxdWJxSU5QSmZzM1NxenFTRUxfckhBNjk1cnpKVGpVX0s4eGlGRU56YjNUeVltQ24teGd6?oc=5\" target=\"_blank\" rel=\"nofollow noopener\">Terra Forte: Flor fica confusa ao saber que Maria de F\u00e1tima a salvou<\/a>&nbsp;&nbsp;TVI<\/li>\n<li><a href=\"https:\/\/news.google.com\/rss\/articles\/CBMikAFBVV95cUxNU1kzamphTVZOeHRyMVdtektsWG96b3NrU1l4dzNxb2s4eUlXR0FqR0p4LTJCRm1zelVEV2JhM0tRRnVlNm5LTzFHRmxjSXFVLWplOFd0SXY3dmJBdjVEOUx1Y0J2YzI1SnJ3UFBsMk5XLVFkYmhSblYxSWhjT2JpQXNLUUNLRnlVd2NBbk41bFc?oc=5\" target=\"_blank\" rel=\"nofollow noopener\">Segredos perigosos amea\u00e7am destruir tudo em \u2018Terra Forte\u2019<\/a>&nbsp;&nbsp;A Televis\u00e3o<\/li>\n<li><a href=\"https:\/\/news.google.com\/rss\/articles\/CBMi3wFBVV95cUxPUmVRbDFTTUVMQl9aWTRWTHljU1hoM1pnNk1CWDluRDlLXzNma1U0M0F2MmR0VnBRSFg2X0treGMtdzlqN092VE16OFF1N2lnQnVNdUhPQXZ5THM1bVdiRXBDZzJldFR6WGc2YkdCbWRfbzM0QVRwYTNwcTJVSU1UMkZOeG5ld19ZNDlMelROdEFKNnFjWk95eUo0ZXZENjJzQ1E5Y1drMWRieWI0T09DYnJUWTZSUU9hMTROTzFWUjRSZS0xTGFpMVlydDk1SGFlRFFRQ21Eb09vQ3UweWdj?oc=5\" target=\"_blank\" rel=\"nofollow noopener\">Vem a\u00ed em \u00abTerra Forte\u00bb: Ant\u00f3nio trava rela\u00e7\u00e3o entre Rosinha e Dudu e gera revolta familiar<\/a>&nbsp;&nbsp;TVI<\/li>\n<li><a href=\"https:\/\/news.google.com\/rss\/articles\/CBMiywFBVV95cUxOd1J2UE05Xy1PWC1yMms3ZnR5UThRMk9ENXp4LXc3NUlXbFE3V3p1ODhMS2FPQzlkS3hMelNoMVI0OGJXX2JFMjVWdXgzNkVuOUgwY20zdGVCNHZWeFdmc3YzOHo5NTRsWmR0UlRFT1l5YnpERnhEeWdxR1JfUDMxRkFDT2pGTEZZVWt1WTBoWThhYjFoLTJwYUtZekVWdXl6TFFaQXdtbEp1dzI1NHNiMThmbTdyVTM3VklZa0pINUpGZ2R4Y3VObjNZcw?oc=5\" target=\"_blank\" rel=\"nofollow noopener\">Vem a\u00ed \u00abTerra Forte\u00bb: Segredo de Flor e Ant\u00f3nio amea\u00e7a separar Rosinha e Dudu<\/a>&nbsp;&nbsp;TVI<\/li>\n<li><a href=\"https:\/\/news.google.com\/rss\/articles\/CBMivgFBVV95cUxQWm05T2ZGYnN1TWZnd3ZHbDdoeWZ2d0MzZ3Noa0k1UDBRS05YemRjVkd6a2RlWGNtdDVSZXF5ZlVCTWJmQzhYZGxlTHlndkpob3cxTUFiSVlvenNsei1rcVpNYzRFVDFPR1N1RWF3NF82VWoxNVl4d2pNSG5ab2xsNUJzOTJSdFpOQzh2V1dtSnM5R2w2elp2eGxsUW1wcXBXY3hvaExCMmZnTTBFbkhxWE1UNFFOV2VmSkFPVnBR?oc=5\" target=\"_blank\" rel=\"nofollow noopener\">Terra Forte: Ant\u00f3nio deixa Rosa Maria entre a espada e a parede<\/a>&nbsp;&nbsp;TVI<\/li>\n<\/ol>\n","protected":false},"excerpt":{"rendered":"Terra Forte: Flor fica confusa ao saber que Maria de F\u00e1tima a salvou&nbsp;&nbsp;TVI Segredos perigosos amea\u00e7am destruir tudo&hellip;\n","protected":false},"author":2,"featured_media":204432,"comment_status":"","ping_status":"","sticky":false,"template":"","format":"standard","meta":{"footnotes":""},"categories":[142],"tags":[160,166,114,115,157,167,164,2931,161,158,165,159,32,33,156,18614,163,151,162],"class_list":{"0":"post-204431","1":"post","2":"type-post","3":"status-publish","4":"format-standard","5":"has-post-thumbnail","7":"category-tv","8":"tag-ana-guiomar","9":"tag-cristina-ferreira","10":"tag-entertainment","11":"tag-entretenimento","12":"tag-festa-e-festa","13":"tag-ficcao","14":"tag-jose-fidalgo","15":"tag-novela","16":"tag-novelas","17":"tag-para-sempre","18":"tag-pedro-sousa","19":"tag-pedro-teixeira","20":"tag-portugal","21":"tag-pt","22":"tag-queridos-papas","23":"tag-terra-forte","24":"tag-tiago-teotonio-pereira","25":"tag-tv","26":"tag-tvi"},"share_on_mastodon":{"url":"https:\/\/pubeurope.com\/@pt\/115791169018438958","error":""},"_links":{"self":[{"href":"https:\/\/www.europesays.com\/pt\/wp-json\/wp\/v2\/posts\/204431","targetHints":{"allow":["GET"]}}],"collection":[{"href":"https:\/\/www.europesays.com\/pt\/wp-json\/wp\/v2\/posts"}],"about":[{"href":"https:\/\/www.europesays.com\/pt\/wp-json\/wp\/v2\/types\/post"}],"author":[{"embeddable":true,"href":"https:\/\/www.europesays.com\/pt\/wp-json\/wp\/v2\/users\/2"}],"replies":[{"embeddable":true,"href":"https:\/\/www.europesays.com\/pt\/wp-json\/wp\/v2\/comments?post=204431"}],"version-history":[{"count":0,"href":"https:\/\/www.europesays.com\/pt\/wp-json\/wp\/v2\/posts\/204431\/revisions"}],"wp:featuredmedia":[{"embeddable":true,"href":"https:\/\/www.europesays.com\/pt\/wp-json\/wp\/v2\/media\/204432"}],"wp:attachment":[{"href":"https:\/\/www.europesays.com\/pt\/wp-json\/wp\/v2\/media?parent=204431"}],"wp:term":[{"taxonomy":"category","embeddable":true,"href":"https:\/\/www.europesays.com\/pt\/wp-json\/wp\/v2\/categories?post=204431"},{"taxonomy":"post_tag","embeddable":true,"href":"https:\/\/www.europesays.com\/pt\/wp-json\/wp\/v2\/tags?post=204431"}],"curies":[{"name":"wp","href":"https:\/\/api.w.org\/{rel}","templated":true}]}}