{"id":204466,"date":"2025-12-27T11:31:11","date_gmt":"2025-12-27T11:31:11","guid":{"rendered":"https:\/\/www.europesays.com\/pt\/204466\/"},"modified":"2025-12-27T11:31:11","modified_gmt":"2025-12-27T11:31:11","slug":"depois-de-fechar-sidny-cabral-benfica-avanca-por-extremo-do-al-nassr-e-ja-tem-alternativa-bola-na-rede","status":"publish","type":"post","link":"https:\/\/www.europesays.com\/pt\/204466\/","title":{"rendered":"Depois de fechar Sidny Cabral: Benfica avan\u00e7a por extremo do Al Nassr e j\u00e1 tem alternativa &#8211; Bola na Rede"},"content":{"rendered":"<ol>\n<li><a href=\"https:\/\/news.google.com\/rss\/articles\/CBMi3gFBVV95cUxOWEhTVTFZMHJqVGFFR3UwdHFBYmtIQ2VHQS1RRklZeW02MXRKcThLdlJqa285bWozM00wRTBHLWVhNXZtcDZtX01aMkpLOXdaY0V3elFHVjdQeG80VjEwZ2czRHhWamlobEJlQy1oY25mcGI1dU1DVXpLVVlaWFVRNHJiMGtkeG1BWlJ1RE1IaUpTT1FKNTRENlVoUllRbHp0TS10R0VZNkw2STc0NDc3ekw0SGR1b0hWRllGeXR0ekJtQVpkX080OEdHRUZ2ZVpsY2tFQkl5N0J1RmtSX3c?oc=5\" target=\"_blank\" rel=\"nofollow noopener\">Depois de fechar Sidny Cabral: Benfica avan\u00e7a por extremo do Al Nassr e j\u00e1 tem alternativa<\/a>&nbsp;&nbsp;Bola na Rede<\/li>\n<li><a href=\"https:\/\/news.google.com\/rss\/articles\/CBMi1wFBVV95cUxPNnZHRUc3Umd2RVNNZnpuTUtUTFdTTjM5dWR4ZGxMSHNOUDN0TGE5NUNhTFBYNWljMF9oYlk1SGJxM1M4N1lTZU43MFAzTTdPendKeW5CamVFUHN2aFdfLVNZS25ULUtkRU1vTXczOVA1Y3FvMzBabE1WNERVNGhZT0dpUUJ6Q2ZIc01WTWVTbGgzN0d5dFY4U2pXRE9rbjllN2M0YWdteDJFY1lsaER0QTkxTEcwOERxeVlkU1MtdlBkcW50SDk1d2ZVQ2k5LVJzSEIxeFBHZw?oc=5\" target=\"_blank\" rel=\"nofollow noopener\">Ex-Corinthians entra no radar de gigante europeu<\/a>&nbsp;&nbsp;Terra<\/li>\n<li><a href=\"https:\/\/news.google.com\/rss\/articles\/CBMi7gFBVV95cUxNeUllcWxNcHAwMDdUbTl5YjhhanY5M0VlRVlwdFVob1hNOXVCTTJDYUFIWXg1R1lPZVp1X3pjT3F5QnlEZUdMX0pRcnl6aGZ5MDZmdVRTVi03R1g2SHhaSzdHWklaaEJ2MFg1Wkpvam91NG1lM3N6UVd5M1BQMFk2MmtrMFBIM1JFanlYUzNnTFlGb1psN09sd25DY1I3UnFHOGRUYTJldDhrVXZNV3U4UTZabFRxRG1Sc3VJbmotdGtEcFFjU3VHcmhaeGlMNXBYeGs5Z2ZfeGRyRFJVdzlSTHN2OUF2R0h3TlFPRkZn?oc=5\" target=\"_blank\" rel=\"nofollow noopener\">Contrata\u00e7\u00e3o de Wesley tem impacto no regresso de Rafa Silva? O ponto de situa\u00e7\u00e3o do mercado do Benfica<\/a>&nbsp;&nbsp;Record<\/li>\n<li><a href=\"https:\/\/news.google.com\/rss\/articles\/CBMiowFBVV95cUxONmhFQU4tRVdvYV9XNUFRdWNlS3ZWZmo5elpRZGVUVnBmLXdDNmVRcWZGSEhITlNSZEU1dUF1U1NZTk51WHZWWU1LZkVXVGdpajIzYjM5b3JRR1Y5LWtjQkhLQWNhMDYzOEV3WWdGWXNnS2hxN195Q0NKUXJfd1FwajVJT2xvSV92NUFiREJoeExLSmZHVExUcG9vc3ZWQ2VLeVJJ?oc=5\" target=\"_blank\" rel=\"nofollow noopener\">\u00abJorge Jesus n\u00e3o morre de amores por Wesley\u00bb<\/a>&nbsp;&nbsp;CNN Portugal<\/li>\n<li><a href=\"https:\/\/news.google.com\/rss\/articles\/CBMirwFBVV95cUxQUl9ta0lCYmFUbkZNX2FQS2piSTV0VjJGcFZkRWNiSmRORElsQy1GY3BwOGZpMG1QVVY5UUFqTnljVEU0bTAteDJfSDdHNnNJMEYxQ1dYaDRFQXRSQnEzbkpqZDRkZTJpRU9ISEdkNHVNOF81NG1zM2M4eW9CM3FOOGhMNk1FbWtTZUt2b0htYnRtNnRzOFVWSl82YW40ZWxhakk5UGxnVmlVYUlGeXhJ?oc=5\" target=\"_blank\" rel=\"nofollow noopener\">&#8216;Revolu\u00e7\u00e3o&#8217; das alas do Benfica segue com Wesley ou Andr\u00e9 Luiz<\/a>&nbsp;&nbsp;Not\u00edcias ao Minuto<\/li>\n<\/ol>\n","protected":false},"excerpt":{"rendered":"Depois de fechar Sidny Cabral: Benfica avan\u00e7a por extremo do Al Nassr e j\u00e1 tem alternativa&nbsp;&nbsp;Bola na Rede&hellip;\n","protected":false},"author":2,"featured_media":204467,"comment_status":"","ping_status":"","sticky":false,"template":"","format":"standard","meta":{"footnotes":""},"categories":[87],"tags":[685,40480,260,51,135,478,32,33,9819,134,21912],"class_list":{"0":"post-204466","1":"post","2":"type-post","3":"status-publish","4":"format-standard","5":"has-post-thumbnail","7":"category-desporto","8":"tag-al-nassr","9":"tag-andre-luiz","10":"tag-atualidade","11":"tag-benfica","12":"tag-desporto","13":"tag-destaques-bnr","14":"tag-portugal","15":"tag-pt","16":"tag-rio-ave","17":"tag-sports","18":"tag-wesley"},"share_on_mastodon":{"url":"https:\/\/pubeurope.com\/@pt\/115791310629436536","error":""},"_links":{"self":[{"href":"https:\/\/www.europesays.com\/pt\/wp-json\/wp\/v2\/posts\/204466","targetHints":{"allow":["GET"]}}],"collection":[{"href":"https:\/\/www.europesays.com\/pt\/wp-json\/wp\/v2\/posts"}],"about":[{"href":"https:\/\/www.europesays.com\/pt\/wp-json\/wp\/v2\/types\/post"}],"author":[{"embeddable":true,"href":"https:\/\/www.europesays.com\/pt\/wp-json\/wp\/v2\/users\/2"}],"replies":[{"embeddable":true,"href":"https:\/\/www.europesays.com\/pt\/wp-json\/wp\/v2\/comments?post=204466"}],"version-history":[{"count":0,"href":"https:\/\/www.europesays.com\/pt\/wp-json\/wp\/v2\/posts\/204466\/revisions"}],"wp:featuredmedia":[{"embeddable":true,"href":"https:\/\/www.europesays.com\/pt\/wp-json\/wp\/v2\/media\/204467"}],"wp:attachment":[{"href":"https:\/\/www.europesays.com\/pt\/wp-json\/wp\/v2\/media?parent=204466"}],"wp:term":[{"taxonomy":"category","embeddable":true,"href":"https:\/\/www.europesays.com\/pt\/wp-json\/wp\/v2\/categories?post=204466"},{"taxonomy":"post_tag","embeddable":true,"href":"https:\/\/www.europesays.com\/pt\/wp-json\/wp\/v2\/tags?post=204466"}],"curies":[{"name":"wp","href":"https:\/\/api.w.org\/{rel}","templated":true}]}}