{"id":204468,"date":"2025-12-27T11:32:08","date_gmt":"2025-12-27T11:32:08","guid":{"rendered":"https:\/\/www.europesays.com\/pt\/204468\/"},"modified":"2025-12-27T11:32:08","modified_gmt":"2025-12-27T11:32:08","slug":"veja-como-garantir-a-saude-de-bebes-e-criancas","status":"publish","type":"post","link":"https:\/\/www.europesays.com\/pt\/204468\/","title":{"rendered":"veja como garantir a sa\u00fade de beb\u00eas e crian\u00e7as"},"content":{"rendered":"<p>Em dias de <a href=\"https:\/\/www.otempo.com.br\/tempo\/2025\/12\/26\/forno-em-bh-ate-quando-vai-a-onda-de-calor-apos-natal-mais-quente-da-decada\" rel=\"nofollow noopener\" target=\"_blank\">calor intenso<\/a>, pais de crian\u00e7as pequenas devem redobrar os cuidados, j\u00e1 que a desidrata\u00e7\u00e3o pode ser fatal entre beb\u00eas. Os adultos precisam oferecer hidrata\u00e7\u00e3o a todo momento para os pequenos e verificar os sinais de alerta, como boca seca, saliva espessa, sede intensa, urina escura e olhos sem brilho.<\/p>\n<p>As crian\u00e7as nem sempre reconhecem os sinais de desidrata\u00e7\u00e3o e estresse t\u00e9rmico e, por isso, deve-se oferecer \u00e1gua, sucos, leite, \u00e1gua de coco, picol\u00e9s e frutas (especialmente melancia) durante todo o dia para garantir a hidrata\u00e7\u00e3o adequada.\u00a0<\/p>\n<p>De acordo com a Fundo das Na\u00e7\u00f5es Unidas para a Inf\u00e2ncia (Unicef), os pais precisam garantir que seus filhos estejam vestindo roupas leves e soltas \u2013 isso ajuda a prevenir dermatites causadas pelo calor e pelo aumento excessivo da temperatura corporal. O ideal \u00e9 que as roupas sejam de algod\u00e3o.\u00a0<\/p>\n<p>Outra recomenda\u00e7\u00e3o \u00e9 n\u00e3o deixar os filhos brincarem ao ar livre por longas horas quando est\u00e1 calor e sem ficar de olho neles. \u201cFa\u00e7a com que descansem a cada 30 minutos quando fizerem exerc\u00edcios ou brincarem ao ar livre. Praticar exerc\u00edcios ou brincar em altas temperaturas pode levar rapidamente \u00e0 desidrata\u00e7\u00e3o e a consequ\u00eancias graves\u201d, afirma a Unicef, em lista de recomenda\u00e7\u00f5es para se evitar problemas de sa\u00fade durante ondas de calor. A entidade da Organiza\u00e7\u00e3o das Na\u00e7\u00f5es Unidas (ONU) tamb\u00e9m orienta a n\u00e3o deixar crian\u00e7as e beb\u00eas em espa\u00e7os fechados e sem ventila\u00e7\u00e3o, como carros ou quartos com janelas fechadas.<\/p>\n<p>De acordo com a Unicef, em dias de calor intenso, se os beb\u00eas at\u00e9 3 anos apresentarem erup\u00e7\u00f5es cut\u00e2neas na \u00e1rea das fraldas ou irrita\u00e7\u00e3o, \u00e9 poss\u00edvel manter a hidrata\u00e7\u00e3o em casa. Mas, se a crian\u00e7a apresentar alguma dessas caracter\u00edsticas, \u00e9 preciso buscar atendimento m\u00e9dico:<\/p>\n<ul>&#13;<\/p>\n<li>Choro sem l\u00e1grimas<\/li>\n<p>&#13;<\/p>\n<li>Irritabilidade extrema<\/li>\n<p>&#13;<\/p>\n<li>Menos fraldas molhadas<\/li>\n<p>&#13;<\/p>\n<li>V\u00f4mito ou diarreia<\/li>\n<p>&#13;<\/p>\n<li>Olhos e\/ou testa fundos<\/li>\n<p>&#13;\n<\/ul>\n<p>\u00a0<\/p>\n","protected":false},"excerpt":{"rendered":"Em dias de calor intenso, pais de crian\u00e7as pequenas devem redobrar os cuidados, j\u00e1 que a desidrata\u00e7\u00e3o pode&hellip;\n","protected":false},"author":2,"featured_media":204469,"comment_status":"","ping_status":"","sticky":false,"template":"","format":"standard","meta":{"footnotes":""},"categories":[86],"tags":[9393,116,4111,32,33,117,24122,25520],"class_list":{"0":"post-204468","1":"post","2":"type-post","3":"status-publish","4":"format-standard","5":"has-post-thumbnail","7":"category-saude","8":"tag-desidratacao","9":"tag-health","10":"tag-onda-de-calor","11":"tag-portugal","12":"tag-pt","13":"tag-saude","14":"tag-saude-infantil","15":"tag-unicef"},"share_on_mastodon":{"url":"https:\/\/pubeurope.com\/@pt\/115791314470271944","error":""},"_links":{"self":[{"href":"https:\/\/www.europesays.com\/pt\/wp-json\/wp\/v2\/posts\/204468","targetHints":{"allow":["GET"]}}],"collection":[{"href":"https:\/\/www.europesays.com\/pt\/wp-json\/wp\/v2\/posts"}],"about":[{"href":"https:\/\/www.europesays.com\/pt\/wp-json\/wp\/v2\/types\/post"}],"author":[{"embeddable":true,"href":"https:\/\/www.europesays.com\/pt\/wp-json\/wp\/v2\/users\/2"}],"replies":[{"embeddable":true,"href":"https:\/\/www.europesays.com\/pt\/wp-json\/wp\/v2\/comments?post=204468"}],"version-history":[{"count":0,"href":"https:\/\/www.europesays.com\/pt\/wp-json\/wp\/v2\/posts\/204468\/revisions"}],"wp:featuredmedia":[{"embeddable":true,"href":"https:\/\/www.europesays.com\/pt\/wp-json\/wp\/v2\/media\/204469"}],"wp:attachment":[{"href":"https:\/\/www.europesays.com\/pt\/wp-json\/wp\/v2\/media?parent=204468"}],"wp:term":[{"taxonomy":"category","embeddable":true,"href":"https:\/\/www.europesays.com\/pt\/wp-json\/wp\/v2\/categories?post=204468"},{"taxonomy":"post_tag","embeddable":true,"href":"https:\/\/www.europesays.com\/pt\/wp-json\/wp\/v2\/tags?post=204468"}],"curies":[{"name":"wp","href":"https:\/\/api.w.org\/{rel}","templated":true}]}}