{"id":204504,"date":"2025-12-27T12:06:13","date_gmt":"2025-12-27T12:06:13","guid":{"rendered":"https:\/\/www.europesays.com\/pt\/204504\/"},"modified":"2025-12-27T12:06:13","modified_gmt":"2025-12-27T12:06:13","slug":"casal-mata-idoso-por-1120-euros-e-forca-crianca-a-ajudar-a-enterrar-cadaver","status":"publish","type":"post","link":"https:\/\/www.europesays.com\/pt\/204504\/","title":{"rendered":"Casal mata idoso por 1120 euros e for\u00e7a crian\u00e7a a ajudar a enterrar cad\u00e1ver"},"content":{"rendered":"<p data-remotead-prev-elm=\"true\" data-remotead-elm-id=\"inread\">Uma crian\u00e7a de 13 anos foi for\u00e7ada a ajudar a m\u00e3e e o padrasto a transportar e enterrar, num pinhal de Ofir, o cad\u00e1ver de um octogen\u00e1rio assassinado pelos adultos, num apartamento da Ap\u00falia, Esposende, em dezembro do ano passado. O casal, que cuidava do idoso e foi agora acusado de homic\u00eddio e profana\u00e7\u00e3o de cad\u00e1ver, havia matado a v\u00edtima para se apropriar de 1120 euros. Ap\u00f3s os crimes, o homem foi detido e posto em pris\u00e3o preventiva, mas a mulher conseguiu fugir do pa\u00eds com a filha. Continuam em parte incerta.<\/p>\n","protected":false},"excerpt":{"rendered":"Uma crian\u00e7a de 13 anos foi for\u00e7ada a ajudar a m\u00e3e e o padrasto a transportar e enterrar,&hellip;\n","protected":false},"author":2,"featured_media":204505,"comment_status":"","ping_status":"","sticky":false,"template":"","format":"standard","meta":{"footnotes":""},"categories":[10],"tags":[27,28,21512,15,16,14,5564,603,25,26,21,22,12,13,19,20,32,23,24,33,17,18,29,30,31],"class_list":{"0":"post-204504","1":"post","2":"type-post","3":"status-publish","4":"format-standard","5":"has-post-thumbnail","7":"category-portugal","8":"tag-breaking-news","9":"tag-breakingnews","10":"tag-concelho-esposende","11":"tag-featured-news","12":"tag-featurednews","13":"tag-headlines","14":"tag-homicidio","15":"tag-justica","16":"tag-latest-news","17":"tag-latestnews","18":"tag-main-news","19":"tag-mainnews","20":"tag-news","21":"tag-noticias","22":"tag-noticias-principais","23":"tag-noticiasprincipais","24":"tag-portugal","25":"tag-principais-noticias","26":"tag-principaisnoticias","27":"tag-pt","28":"tag-top-stories","29":"tag-topstories","30":"tag-ultimas","31":"tag-ultimas-noticias","32":"tag-ultimasnoticias"},"share_on_mastodon":{"url":"https:\/\/pubeurope.com\/@pt\/115791448280868446","error":""},"_links":{"self":[{"href":"https:\/\/www.europesays.com\/pt\/wp-json\/wp\/v2\/posts\/204504","targetHints":{"allow":["GET"]}}],"collection":[{"href":"https:\/\/www.europesays.com\/pt\/wp-json\/wp\/v2\/posts"}],"about":[{"href":"https:\/\/www.europesays.com\/pt\/wp-json\/wp\/v2\/types\/post"}],"author":[{"embeddable":true,"href":"https:\/\/www.europesays.com\/pt\/wp-json\/wp\/v2\/users\/2"}],"replies":[{"embeddable":true,"href":"https:\/\/www.europesays.com\/pt\/wp-json\/wp\/v2\/comments?post=204504"}],"version-history":[{"count":0,"href":"https:\/\/www.europesays.com\/pt\/wp-json\/wp\/v2\/posts\/204504\/revisions"}],"wp:featuredmedia":[{"embeddable":true,"href":"https:\/\/www.europesays.com\/pt\/wp-json\/wp\/v2\/media\/204505"}],"wp:attachment":[{"href":"https:\/\/www.europesays.com\/pt\/wp-json\/wp\/v2\/media?parent=204504"}],"wp:term":[{"taxonomy":"category","embeddable":true,"href":"https:\/\/www.europesays.com\/pt\/wp-json\/wp\/v2\/categories?post=204504"},{"taxonomy":"post_tag","embeddable":true,"href":"https:\/\/www.europesays.com\/pt\/wp-json\/wp\/v2\/tags?post=204504"}],"curies":[{"name":"wp","href":"https:\/\/api.w.org\/{rel}","templated":true}]}}