{"id":204506,"date":"2025-12-27T12:07:21","date_gmt":"2025-12-27T12:07:21","guid":{"rendered":"https:\/\/www.europesays.com\/pt\/204506\/"},"modified":"2025-12-27T12:07:21","modified_gmt":"2025-12-27T12:07:21","slug":"a-mensagem-de-montenegro-comentada-pelos-candidatos-a-belem-ainda-que-seguro-diga-que-nao-se-deve-fazer","status":"publish","type":"post","link":"https:\/\/www.europesays.com\/pt\/204506\/","title":{"rendered":"A mensagem de Montenegro comentada pelos candidatos a Bel\u00e9m &#8212; ainda que Seguro diga que n\u00e3o se deve fazer"},"content":{"rendered":"<p>Os candidatos presidenciais foram desafiados esta sexta-feira, 26 de dezembro, a comentar a <a aria-label=\"content\" target=\"_blank\" href=\"https:\/\/www.dn.pt\/pol%C3%ADtica\/lus-montenegro-usa-mentalidade-de-cristiano-ronaldo-para-vincar-reformismo\" rel=\"nofollow noopener\">mensagem de Natal do primeiro-ministro Lu\u00eds Montenegro<\/a>, no qual defendeu que Portugal vive um momento de viragem em que tem de trocar a \u201cmentalidade do deixar andar\u201d pela da supera\u00e7\u00e3o, apontando o futebolista Cristiano Ronaldo como exemplo do esp\u00edrito de afirma\u00e7\u00e3o pela excel\u00eancia.<\/p>\n<p>Ventura: Uma mensagem &#8220;pouco emp\u00e1tica&#8221; e &#8220;pouco feliz&#8221;<\/p>\n<p>Andr\u00e9 Ventura criticou duramente a mensagem de Natal de Lu\u00eds Montenegro, classificando-a como &#8220;pouco emp\u00e1tica&#8221; e &#8220;pouco feliz&#8221; por omitir a crise no sector da sa\u00fade. O l\u00edder do Chega considerou &#8220;absolutamente lament\u00e1vel&#8221; que o primeiro-ministro tenha ignorado o encerramento de urg\u00eancias e os tempos de espera &#8212; que ultrapassam as 13 horas nesta sexta-feira &#8211;, afirmando mesmo que &#8220;o primeiro-ministro consegue fazer uma mensagem de Natal sem falar na sa\u00fade&#8221;, o que constitui, para o l\u00edder do Chega, uma &#8220;falha muito grave&#8221; que ainda deveria ser corrigida.<\/p>\n<p>Apesar de concordar com a ado\u00e7\u00e3o de uma &#8220;mentalidade de Cristiano Ronaldo&#8221;, tal como disse Lu\u00eds Montenegro, Ventura lamentou que essa postura n\u00e3o tenha resolvido problemas que &#8220;persistem na sa\u00fade h\u00e1 dois, tr\u00eas, quatro, cinco, dez, 15 anos&#8221;, notando que os dados continuam a piorar ap\u00f3s dois anos de Governo. <\/p>\n<p>Relativamente \u00e0 estabilidade pol\u00edtica, o deputado assegurou que &#8220;o pa\u00eds n\u00e3o pode andar de elei\u00e7\u00e3o em elei\u00e7\u00e3o de seis em seis meses&#8221;, embora sublinhe que a manuten\u00e7\u00e3o da legislatura &#8220;n\u00e3o depende de um partido, depende da conjuntura&#8221;.<\/p>\n<p>Gouveia e Melo: &#8220;Uma boa mensagem, mas&#8230;&#8221;<\/p>\n<p>Na Madeira, onde se encontra em campanha eleitoral, Henrique Gouveia e Melo considerou ter sido &#8220;uma boa mensagem&#8221; de Natal do primeiro-ministro, pois considera que &#8220;todos devem ter uma mente positiva&#8221; e um &#8220;olhar para o futuro de forma positiva\u201d.<\/p>\n<p>O almirante deixou ainda assim um alerta ao Governo para o caso de ser eleito Presidente da Rep\u00fablica, pois garante que ir\u00e1 &#8220;fazer uma press\u00e3o constante para uma boa governa\u00e7\u00e3o&#8221; e, nesse sentido, &#8220;n\u00e3o estar\u00e1 para fazer favores a ningu\u00e9m\u201d.<\/p>\n<p>Seguro: Um candidato a Bel\u00e9m &#8220;n\u00e3o comenta o discurso de Natal do primeiro-ministro&#8221;<\/p>\n<p>J\u00e1 o candidato apoiado pelo PS. Ant\u00f3nio Jos\u00e9 Seguro, optou pela reserva institucional ao reagir \u00e0 mensagem de Lu\u00eds Montenegro, defendendo que um candidato \u00e0 Presid\u00eancia &#8220;n\u00e3o comenta aquilo que s\u00e3o interven\u00e7\u00f5es do primeiro-ministro e o discurso de Natal do primeiro-ministro, at\u00e9 para evitar erros passados&#8221;. Apesar desta postura, o candidato tamb\u00e9m n\u00e3o poupou cr\u00edticas ao estado da sector, classificando como uma &#8220;situa\u00e7\u00e3o inaceit\u00e1vel&#8221; o cen\u00e1rio actual &#8220;das urg\u00eancias fechadas e dos portugueses que precisam de sa\u00fade e de cuidados a tempo e horas n\u00e3o os terem e terem passado horas e horas nas urg\u00eancias&#8221;.<\/p>\n<p>Projetando as suas inten\u00e7\u00f5es para Bel\u00e9m, o antigo l\u00edder socialista expressou o desejo de que, no Natal de 2026, &#8220;tenhamos uma sa\u00fade a tempo e horas para todos os portugueses&#8221;. E garantiu que, se for eleito, a sa\u00fade ser\u00e1 a sua causa principal no primeiro ano de mandato, focando-se em &#8220;convencer os partidos a darem o seu melhor, a sentarem-se \u00e0 volta de uma mesa e a encontrarem solu\u00e7\u00f5es duradouras&#8221; para garantir o acesso dos cidad\u00e3os aos cuidados m\u00e9dicos necess\u00e1rios.<\/p>\n<p>Cotrim: &#8220;Os governantes t\u00eam a obriga\u00e7\u00e3o de ser corajosos&#8221;<\/p>\n<p>Por sua vez, Jo\u00e3o Cotrim Figueiredo considerou oportuna a mensagem de Natal do primeiro-ministro mas advertiu que a capacidade reformista deve ser independente dos momentos eleitorais.<\/p>\n<p>&#8220;\u00c9 importante que os pol\u00edticos tenham a coragem que o primeiro-ministro pediu que houvesse agora, mas sempre, n\u00e3o \u00e9 s\u00f3 quando h\u00e1 um horizonte sem elei\u00e7\u00f5es \u00e0 vista. Mesmo quando h\u00e1 o risco de perder ades\u00e3o eleitoral, os governantes t\u00eam a obriga\u00e7\u00e3o de ser corajosos e fazer as reformas que o pa\u00eds precisa, mesmo quando isso pode ser mal compreendido pela popula\u00e7\u00e3o pelo imediato&#8221;, vincou.<\/p>\n<p>O candidato presidencial, que falava \u00e0 margem de uma a\u00e7\u00e3o de campanha em Bragan\u00e7a, considerou que as mensagens de Lu\u00eds Montenegro &#8220;s\u00e3o importantes&#8221; e oportunas mas, frisou, &#8220;\u00e9 sempre necess\u00e1rio ir melhorando e progredindo independentemente do que isso possa representar em termos eleitorais&#8221;.<\/p>\n<p>&#8220;Acho que o papel do primeiro-ministro tamb\u00e9m \u00e9 inspirar as pessoas, tamb\u00e9m \u00e9 mobilizar&#8221;, afirmou, considerando, contudo que o a vis\u00e3o &#8220;reformista&#8221; para o pa\u00eds deve existir independentemente de elei\u00e7\u00f5es.<\/p>\n<p> Ant\u00f3nio Filipe: Portugueses &#8220;n\u00e3o precisam de discursos de tipo motivacional&#8221;<\/p>\n<p>Ant\u00f3nio Filipe referiu que os portugueses \u201cn\u00e3o precisam de discursos de tipo motivacional\u201d mas sim de uma valoriza\u00e7\u00e3o geral dos sal\u00e1rios que ajude a \u201cmitigar uma inaceit\u00e1vel desigualdade na distribui\u00e7\u00e3o do rendimento\u201d.<\/p>\n<p>Para Ant\u00f3nio Filipe, que visitou o parque operacional da C\u00e2mara Municipal de Sesimbra, no distrito de Set\u00fabal, para um contacto com os trabalhadores da recolha de res\u00edduos, a quest\u00e3o n\u00e3o se centra na mentalidade dos portugueses, mas sim na necessidade de serem valorizados atrav\u00e9s de pol\u00edticas p\u00fablicas.<\/p>\n<p>\u201cAcho que n\u00e3o \u00e9 uma quest\u00e3o de mentalidade, porque acho que a mentalidade o povo portugu\u00eas tem, e n\u00e3o precisa destes discursos de tipo motivacional, n\u00e3o precisa, precisava de ser valorizado, ou seja, era preciso que houvesse, de facto, pol\u00edticas p\u00fablicas no sentido, desde logo, da valoriza\u00e7\u00e3o significativa do sal\u00e1rio m\u00ednimo, mas que se traduza num aumento geral dos sal\u00e1rios, n\u00e3o apenas haver mais trabalhadores a ganhar o sal\u00e1rio m\u00ednimo\u201d, frisou.<\/p>\n<p>Gouveia e Melo: &#8220;Uma boa mensagem, mas&#8230;&#8221;<\/p>\n<p>Na Madeira, onde se encontra em campanha eleitoral, Henrique Gouveia e Melo considerou ter sido &#8220;uma boa mensagem&#8221; de Natal do primeiro-ministro, pois considera que &#8220;todos devem ter uma mente positiva&#8221; e um &#8220;olhar para o futuro de forma positiva\u201d.<\/p>\n<p>O almirante deixou ainda assim um alerta ao Governo para o caso de ser eleito Presidente da Rep\u00fablica, pois garante que ir\u00e1 &#8220;fazer uma press\u00e3o constante para uma boa governa\u00e7\u00e3o&#8221; e, nesse sentido, &#8220;n\u00e3o estar\u00e1 para fazer favores a ningu\u00e9m\u201d.<\/p>\n<p>Jo\u00e3o Cotrim Figueiredo: &#8220;Os governantes t\u00eam a obriga\u00e7\u00e3o de ser corajosos&#8221;<\/p>\n<p>Por sua vez, Jo\u00e3o Cotrim Figueiredo considerou oportuna a mensagem de Natal do primeiro-ministro mas advertiu que a capacidade reformista deve ser independente dos momentos eleitorais.<\/p>\n<p>&#8220;\u00c9 importante que os pol\u00edticos tenham a coragem que o primeiro-ministro pediu que houvesse agora, mas sempre, n\u00e3o \u00e9 s\u00f3 quando h\u00e1 um horizonte sem elei\u00e7\u00f5es \u00e0 vista. Mesmo quando h\u00e1 o risco de perder ades\u00e3o eleitoral, os governantes t\u00eam a obriga\u00e7\u00e3o de ser corajosos e fazer as reformas que o pa\u00eds precisa, mesmo quando isso pode ser mal compreendido pela popula\u00e7\u00e3o pelo imediato&#8221;, vincou.<\/p>\n<p>O candidato presidencial, que falava \u00e0 margem de uma a\u00e7\u00e3o de campanha em Bragan\u00e7a, considerou que as mensagens de Lu\u00eds Montenegro &#8220;s\u00e3o importantes&#8221; e oportunas mas, frisou, &#8220;\u00e9 sempre necess\u00e1rio ir melhorando e progredindo independentemente do que isso possa representar em termos eleitorais&#8221;.<\/p>\n<p>&#8220;Acho que o papel do primeiro-ministro tamb\u00e9m \u00e9 inspirar as pessoas, tamb\u00e9m \u00e9 mobilizar&#8221;, afirmou, considerando, contudo que o a vis\u00e3o &#8220;reformista&#8221; para o pa\u00eds deve existir independentemente de elei\u00e7\u00f5es. <\/p>\n","protected":false},"excerpt":{"rendered":"Os candidatos presidenciais foram desafiados esta sexta-feira, 26 de dezembro, a comentar a mensagem de Natal do primeiro-ministro&hellip;\n","protected":false},"author":2,"featured_media":204507,"comment_status":"","ping_status":"","sticky":false,"template":"","format":"standard","meta":{"footnotes":""},"categories":[8],"tags":[3386,17462,3399,27,28,15,16,14,25,26,1447,21,22,12,13,19,20,32,1076,3610,23,24,33,17,18,29,30,31],"class_list":{"0":"post-204506","1":"post","2":"type-post","3":"status-publish","4":"format-standard","5":"has-post-thumbnail","7":"category-principais-noticias","8":"tag-andre-ventura","9":"tag-antonio-filipe","10":"tag-antonio-jose-seguro","11":"tag-breaking-news","12":"tag-breakingnews","13":"tag-featured-news","14":"tag-featurednews","15":"tag-headlines","16":"tag-latest-news","17":"tag-latestnews","18":"tag-luis-montenegro","19":"tag-main-news","20":"tag-mainnews","21":"tag-news","22":"tag-noticias","23":"tag-noticias-principais","24":"tag-noticiasprincipais","25":"tag-portugal","26":"tag-presidenciais-2026","27":"tag-primeiro-ministro","28":"tag-principais-noticias","29":"tag-principaisnoticias","30":"tag-pt","31":"tag-top-stories","32":"tag-topstories","33":"tag-ultimas","34":"tag-ultimas-noticias","35":"tag-ultimasnoticias"},"share_on_mastodon":{"url":"","error":"Validation failed: Text character limit of 500 exceeded"},"_links":{"self":[{"href":"https:\/\/www.europesays.com\/pt\/wp-json\/wp\/v2\/posts\/204506","targetHints":{"allow":["GET"]}}],"collection":[{"href":"https:\/\/www.europesays.com\/pt\/wp-json\/wp\/v2\/posts"}],"about":[{"href":"https:\/\/www.europesays.com\/pt\/wp-json\/wp\/v2\/types\/post"}],"author":[{"embeddable":true,"href":"https:\/\/www.europesays.com\/pt\/wp-json\/wp\/v2\/users\/2"}],"replies":[{"embeddable":true,"href":"https:\/\/www.europesays.com\/pt\/wp-json\/wp\/v2\/comments?post=204506"}],"version-history":[{"count":0,"href":"https:\/\/www.europesays.com\/pt\/wp-json\/wp\/v2\/posts\/204506\/revisions"}],"wp:featuredmedia":[{"embeddable":true,"href":"https:\/\/www.europesays.com\/pt\/wp-json\/wp\/v2\/media\/204507"}],"wp:attachment":[{"href":"https:\/\/www.europesays.com\/pt\/wp-json\/wp\/v2\/media?parent=204506"}],"wp:term":[{"taxonomy":"category","embeddable":true,"href":"https:\/\/www.europesays.com\/pt\/wp-json\/wp\/v2\/categories?post=204506"},{"taxonomy":"post_tag","embeddable":true,"href":"https:\/\/www.europesays.com\/pt\/wp-json\/wp\/v2\/tags?post=204506"}],"curies":[{"name":"wp","href":"https:\/\/api.w.org\/{rel}","templated":true}]}}