{"id":204508,"date":"2025-12-27T12:08:15","date_gmt":"2025-12-27T12:08:15","guid":{"rendered":"https:\/\/www.europesays.com\/pt\/204508\/"},"modified":"2025-12-27T12:08:15","modified_gmt":"2025-12-27T12:08:15","slug":"marido-de-isabel-veloso-atualiza-quadro-de-saude-da-esposa-apos-cirurgia-vivendo-um-milagre","status":"publish","type":"post","link":"https:\/\/www.europesays.com\/pt\/204508\/","title":{"rendered":"Marido de Isabel Veloso atualiza quadro de sa\u00fade da esposa ap\u00f3s cirurgia: &#8216;Vivendo um milagre&#8217;"},"content":{"rendered":"<p><strong>Lucas Borbas<\/strong>, marido de\u00a0<a href=\"https:\/\/caras.com.br\/tags\/isabel-veloso\" target=\"_blank\" rel=\"noopener nofollow\"><strong>Isabel Veloso<\/strong><\/a>, usou as redes sociais nesta sexta-feira, 26, para atualizar o quadro de sa\u00fade da esposa ap\u00f3s ela passar por uma cirurgia.<\/p>\n<p>A influenciadora digital est\u00e1 internada na UTI do Hospital Erasto Gaertner em Curitiba, no Paran\u00e1, h\u00e1 22 dias, e passou por uma traqueostomia, uma cirurgia em que se faz uma abertura no pesco\u00e7o, diretamente na traqueia, permitindo que o ar chegue aos pulm\u00f5es sem passar pela boca ou pelo nariz.<\/p>\n<p>Primeiro, Lucas avisou do procedimento cir\u00fargico.\u00a0\u201cIsabel entrou na sala de cirurgia para fazer a traqueostomia. Energias positivas, fam\u00edlia\u201d, escreveu ele nos Stories do Instagram. Pouco tempo depois, o marido de Isabel voltou \u00e0s redes sociais para contar que a esposa estava bem. \u201cA cirurgia ocorreu tudo bem. Deus \u00e9 bom\u201d, disse ele.<\/p>\n<p>Depois, ele postou uma foto em que aparece com a esposa e o filho deles, Arthur, que far\u00e1 um ano no pr\u00f3ximo domingo, 29. \u201cEstamos vivendo um milagre. E quando digo que estamos \u00e9 a certeza de que Deus vai usar voc\u00ea, Isabel. Seu prop\u00f3sito vai al\u00e9m da consci\u00eancia humana\u201d, afirmou.<\/p>\n<p><strong>Confira:\u00a0<\/strong><\/p>\n<p> <img loading=\"lazy\" decoding=\"async\" class=\"size-full wp-image-1050342 img-fluid lazy\" alt=\"Lucas Borbas fala sobre quadro de sa\u00fade de Isabel Veloso\" width=\"500\" height=\"400\" src=\"https:\/\/www.europesays.com\/pt\/wp-content\/uploads\/2025\/12\/lucas-borbas-sobre-saude-isabel-veloso.jpg\"  \/>Lucas Borbas fala sobre quadro de sa\u00fade de Isabel Veloso \u2013 Foto: Instagram <\/p>\n<p>\u00a0<\/p>\n<p> <img loading=\"lazy\" decoding=\"async\" class=\"size-full wp-image-1050341 img-fluid lazy\" alt=\"Lucas Borbas fala sobre quadro de sa\u00fade de Isabel Veloso \" width=\"500\" height=\"881\" src=\"https:\/\/www.europesays.com\/pt\/wp-content\/uploads\/2025\/12\/lucas-borbas-sobre-saude-de-isabel-veloso.jpeg\"  \/>Lucas Borbas fala sobre quadro de sa\u00fade de Isabel Veloso \u2013 Foto: Instagram <\/p>\n<p>\u00a0<\/p>\n<p>Isabel foi internada pela primeira vez na UTI no dia 27 de novembro, depois de apresentar uma crise respirat\u00f3ria que levou \u00e0 necessidade de intuba\u00e7\u00e3o imediata. Ap\u00f3s uma melhora inicial, ela recebeu alta da terapia intensiva, voltou a respirar sem ajuda de aparelhos e permaneceu em observa\u00e7\u00e3o no quarto, sendo alimentada por sonda.<\/p>\n<p>Entretanto, no come\u00e7o de dezembro, o estado de sa\u00fade voltou a piorar. No dia 4, a influenciadora precisou ser intubada novamente ao desenvolver uma pneumonia grave, o que motivou seu retorno \u00e0 UTI e a retomada dos cuidados intensivos. Desde ent\u00e3o, ela vem sendo acompanhada de perto por uma equipe multidisciplinar.<\/p>\n<p>Ap\u00f3s tr\u00eas semanas, <a href=\"https:\/\/caras.com.br\/bem-estar\/isabel-veloso-e-extubada-apos-tres-semanas-na-uti-veja-detalhes.phtml\" target=\"_blank\" rel=\"noopener nofollow\">Isabel foi extubada, e <strong>Joelson Veloso<\/strong>, pai da jovem, celebrou<\/a>: \u201cNossa princesa est\u00e1 acordada! Bem cuidada, forte, e gigante na f\u00e9 e na luta. Cada respira\u00e7\u00e3o dela \u00e9 um milagre, cada olhar um sinal de esperan\u00e7a. Seguimos firmes, agradecidos por cada passo e por todas as ora\u00e7\u00f5es. Deus est\u00e1 conosco!\u201d, escreveu.<\/p>\n<p><strong>Leia tamb\u00e9m:<\/strong> <a href=\"https:\/\/caras.com.br\/beleza\/apos-perder-35-kg-gaby-amarantos-faz-cirurgias-e-procedimentos-nova-fase.phtml\" target=\"_blank\" rel=\"noopener nofollow\">Ap\u00f3s perder 35 kg, Gaby Amarantos faz cirurgias e procedimentos: \u2018Nova fase\u2019<\/a><\/p>\n<p>        <a href=\"https:\/\/caras.com.br\/autor\/daniela-santos\" rel=\"nofollow noopener\" target=\"_blank\">&#13;<br \/>\n          <img loading=\"lazy\" decoding=\"async\" alt=\"Daniela Santos\" src=\"https:\/\/www.europesays.com\/pt\/wp-content\/uploads\/2025\/09\/1758949148_187_daniela-santos_sqmd.jpg\" class=\"avatar avatar-115 photo rounded-circle\" height=\"115\" width=\"115\"\/>        <\/a><\/p>\n<p><b>Daniela Santos<\/b> \u00e9 rep\u00f3rter do site CARAS. Formada em jornalismo pela FIAM FAAM, atua na \u00e1rea de celebridades e TV desde 2018<\/p>\n","protected":false},"excerpt":{"rendered":"Lucas Borbas, marido de\u00a0Isabel Veloso, usou as redes sociais nesta sexta-feira, 26, para atualizar o quadro de sa\u00fade&hellip;\n","protected":false},"author":2,"featured_media":204509,"comment_status":"","ping_status":"","sticky":false,"template":"","format":"standard","meta":{"footnotes":""},"categories":[145],"tags":[211,210,5953,114,115,7733,32,33,117],"class_list":{"0":"post-204508","1":"post","2":"type-post","3":"status-publish","4":"format-standard","5":"has-post-thumbnail","7":"category-celebridades","8":"tag-celebridades","9":"tag-celebrities","10":"tag-cirurgia","11":"tag-entertainment","12":"tag-entretenimento","13":"tag-isabel-veloso","14":"tag-portugal","15":"tag-pt","16":"tag-saude"},"share_on_mastodon":{"url":"https:\/\/pubeurope.com\/@pt\/115791456523243843","error":""},"_links":{"self":[{"href":"https:\/\/www.europesays.com\/pt\/wp-json\/wp\/v2\/posts\/204508","targetHints":{"allow":["GET"]}}],"collection":[{"href":"https:\/\/www.europesays.com\/pt\/wp-json\/wp\/v2\/posts"}],"about":[{"href":"https:\/\/www.europesays.com\/pt\/wp-json\/wp\/v2\/types\/post"}],"author":[{"embeddable":true,"href":"https:\/\/www.europesays.com\/pt\/wp-json\/wp\/v2\/users\/2"}],"replies":[{"embeddable":true,"href":"https:\/\/www.europesays.com\/pt\/wp-json\/wp\/v2\/comments?post=204508"}],"version-history":[{"count":0,"href":"https:\/\/www.europesays.com\/pt\/wp-json\/wp\/v2\/posts\/204508\/revisions"}],"wp:featuredmedia":[{"embeddable":true,"href":"https:\/\/www.europesays.com\/pt\/wp-json\/wp\/v2\/media\/204509"}],"wp:attachment":[{"href":"https:\/\/www.europesays.com\/pt\/wp-json\/wp\/v2\/media?parent=204508"}],"wp:term":[{"taxonomy":"category","embeddable":true,"href":"https:\/\/www.europesays.com\/pt\/wp-json\/wp\/v2\/categories?post=204508"},{"taxonomy":"post_tag","embeddable":true,"href":"https:\/\/www.europesays.com\/pt\/wp-json\/wp\/v2\/tags?post=204508"}],"curies":[{"name":"wp","href":"https:\/\/api.w.org\/{rel}","templated":true}]}}