{"id":204608,"date":"2025-12-27T14:03:21","date_gmt":"2025-12-27T14:03:21","guid":{"rendered":"https:\/\/www.europesays.com\/pt\/204608\/"},"modified":"2025-12-27T14:03:21","modified_gmt":"2025-12-27T14:03:21","slug":"desafiei-a-me-imitar-record","status":"publish","type":"post","link":"https:\/\/www.europesays.com\/pt\/204608\/","title":{"rendered":"\u2018Desafiei a me imitar\u2019 \u2013 Record"},"content":{"rendered":"<p><img decoding=\"async\" data-chromatic=\"ignore\" alt=\"\" class=\"c-image\" loading=\"lazy\" src=\"https:\/\/www.europesays.com\/pt\/wp-content\/uploads\/2025\/12\/NJQBKYLUXBGDLBBQNNTLXZYKE4.png\"  width=\"677\" height=\"369\"\/>Charles Henriquep\u00e9dia participa do Acerte ou Caia! deste domingo (28) Edu Moraes\/RECORD <\/p>\n<p class=\"jarvics:base-text-neutral-high-400 base-text-[calc(theme(fontSize.xs)_*_var(--font-size,_1))] base-font-normal base-font-primary base-text-neutral-low-500 base-text-left\">\u2018Ah muleque\u2019! O humorista Charles Henriquep\u00e9dia chega com tudo para o <a href=\"https:\/\/record.r7.com\/acerte-ou-caia\/\" rel=\"nofollow noopener\" target=\"_blank\"><b>Acerte ou Caia!<\/b><\/a>, com seu carisma e humildade para dar um show no palco neste domingo (28). Em entrevista ao <b>site oficial<\/b>, ele contou como foi a experi\u00eancia de participar da atra\u00e7\u00e3o comandada por Tom Cavalcante.<\/p>\n<p class=\"jarvics:base-text-neutral-high-400 base-text-[calc(theme(fontSize.xs)_*_var(--font-size,_1))] base-font-normal base-font-primary base-text-neutral-low-500 base-text-left\">\u201cOlha, \u00e9 o seguinte. O Acerte ou Caia! \u00e9 o game show mais divertido da televis\u00e3o. Eu acompanho bastante nas redes sociais, porque eu assistia antigamente game shows semelhantes, principalmente Roleta Russa, com o Milton Neves.\u201d<\/p>\n<p class=\"jarvics:base-text-neutral-high-400 base-text-[calc(theme(fontSize.xs)_*_var(--font-size,_1))] base-font-normal base-font-primary base-text-neutral-low-500 base-text-left\">Conhecendo um dos maiores nomes do humor no Brasil, o comediante afirma que estar frente a frente com o apresentador foi marcante.<\/p>\n<p class=\"jarvics:base-text-neutral-high-400 base-text-[calc(theme(fontSize.xs)_*_var(--font-size,_1))] base-font-normal base-font-primary base-text-neutral-low-500 base-text-left\">\u201cEu sou muito f\u00e3 do Tom Cavalcante. Eu conheci ele nos bastidores da grava\u00e7\u00e3o, ele gostou muito de mim. A\u00ed eu desafiei ele a me imitar, porque eu sou muito f\u00e3 do Tom Cavalcante, desde a \u00e9poca que ele atuava nas s\u00e9ries da televis\u00e3o. O nome completo dele \u00e9 Ant\u00f4nio Jos\u00e9 Rodrigues Cavalcante, e ele nasceu no dia 8 de mar\u00e7o de 1962\u2033.<\/p>\n<p><img decoding=\"async\" data-chromatic=\"ignore\" alt=\"\" class=\"c-image\" loading=\"lazy\" src=\"https:\/\/www.europesays.com\/pt\/wp-content\/uploads\/2025\/12\/43UBQYPLDBAJDEFTOL23R2KT7Y.png\"  width=\"677\" height=\"369\"\/>Charles Henriquep\u00e9dia e Tom Cavalcante aparecem juntos nos bastidores do Acerte ou Caia! Reprodu\u00e7\u00e3o\/instagram <\/p>\n<p class=\"jarvics:base-text-neutral-high-400 base-text-[calc(theme(fontSize.xs)_*_var(--font-size,_1))] base-font-normal base-font-primary base-text-neutral-low-500 base-text-left\">E esse desafio foi parar nas redes sociais. O apresentador publicou um v\u00eddeo com o humorista fazendo o pedido, e Tom Cavalcante afirmou que iria treinar para cumprir o desafio.<\/p>\n<p class=\"jarvics:base-text-neutral-high-400 base-text-[calc(theme(fontSize.xs)_*_var(--font-size,_1))] base-font-normal base-font-primary base-text-neutral-low-500 base-text-left\">\u201c\u00c0s vezes ele imita o Silvio Santos, imita o Lula e v\u00e1rios personagens, como a Jarilene e outros, mas eu desafiei ele a me imitar. Ele quase me imitou\u201d.<\/p>\n<p class=\"jarvics:base-text-neutral-high-400 base-text-[calc(theme(fontSize.xs)_*_var(--font-size,_1))] base-font-normal base-font-primary base-text-neutral-low-500 base-text-left\">Enfrentando diversos famosos no palco do programa, o humorista v\u00ea com empolga\u00e7\u00e3o a possibilidade de duelar com colegas no game show. Se tivesse de escolher os seus advers\u00e1rios, Charles apontou nomes de peso, mas garante que sairia campe\u00e3o.<\/p>\n<p class=\"jarvics:base-text-neutral-high-400 base-text-[calc(theme(fontSize.xs)_*_var(--font-size,_1))] base-font-normal base-font-primary base-text-neutral-low-500 base-text-left\">\u201cSe eu pudesse escolher, eu enfrentaria o Ratinho. Eu tamb\u00e9m iria escolher o Danilo Gentili, Diguinho Coruja e outros que eu conhe\u00e7o para participar desse game. E eu venceria, com certeza\u201d.<\/p>\n<p><b>Em busca de um sonho<\/b><\/p>\n<p class=\"jarvics:base-text-neutral-high-400 base-text-[calc(theme(fontSize.xs)_*_var(--font-size,_1))] base-font-normal base-font-primary base-text-neutral-low-500 base-text-left\">Quando foi convidado a um podcast de humor, Charles revelou que o seu maior sonho era o de desenhar \u00f4nibus no Rio de Janeiro, o que, apesar de ser engra\u00e7ado \u00e0 primeira vista, deixou os f\u00e3s intrigados. Ele explica que isso vem desde a inf\u00e2ncia.<\/p>\n<p class=\"jarvics:base-text-neutral-high-400 base-text-[calc(theme(fontSize.xs)_*_var(--font-size,_1))] base-font-normal base-font-primary base-text-neutral-low-500 base-text-left\">\u201cPorque eu comecei a desenhar \u00f4nibus no Rio de Janeiro quando eu tinha 6 ou 7 anos de idade. Foi em 1987, eu morava na Vila Rosali, em S\u00e3o Jo\u00e3o de Meriti. A\u00ed eu pegava o meu caderno e eu desenhava \u00f4nibus no Rio de Janeiro, eu pegava o l\u00e1pis de cor, que eu n\u00e3o vou falar a marca, e eu ficava olhando os \u00f4nibus que passavam na Dutra. Desenhar \u00f4nibus no Rio de Janeiro ainda \u00e9 o meu maior sonho, com certeza\u201d.<\/p>\n<p><img decoding=\"async\" data-chromatic=\"ignore\" alt=\"\" class=\"c-image\" loading=\"lazy\" src=\"https:\/\/www.europesays.com\/pt\/wp-content\/uploads\/2025\/12\/MBZWFZFKDBEMPN7TUYXSUGJHCE.png\"  width=\"677\" height=\"369\"\/>Charles Henriquep\u00e9dia apresenta o &#8216;Ah Muleque! Podcast&#8217; Reprodu\u00e7\u00e3o\/Instagram <\/p>\n<p class=\"jarvics:base-text-neutral-high-400 base-text-[calc(theme(fontSize.xs)_*_var(--font-size,_1))] base-font-normal base-font-primary base-text-neutral-low-500 base-text-left\">E falando em sonho, Charles realizou h\u00e1 pouco tempo o desejo de come\u00e7ar o seu pr\u00f3prio podcast, saindo do costume de ser o convidado para ser um apresentador. Ele revela que, apesar da pausa para as f\u00e9rias, no in\u00edcio do ano o projeto volta com tudo.<\/p>\n<p class=\"jarvics:base-text-neutral-high-400 base-text-[calc(theme(fontSize.xs)_*_var(--font-size,_1))] base-font-normal base-font-primary base-text-neutral-low-500 base-text-left\">\u201cEu comecei o meu canal de podcast, chamado Ah Muleque Podcast, mas ele est\u00e1 um pouco fora do ar agora. Mas a nova temporada volta no ano que vem, porque eu agora estou de f\u00e9rias. Estou gostando de fazer o podcast, gra\u00e7as a Deus&#8221;.<\/p>\n<p><b>Confuso Sobrinho<\/b><img decoding=\"async\" data-chromatic=\"ignore\" alt=\"\" class=\"c-image\" loading=\"lazy\" src=\"https:\/\/www.europesays.com\/pt\/wp-content\/uploads\/2025\/12\/3V7ACUS7JBCGVFUMHT5DRC73IA.png\"  width=\"677\" height=\"369\"\/>Charles e Confuso Sobrinho protagonizam rivalidade nas redes sociais Reprodu\u00e7\u00e3o\/Instagram <\/p>\n<p class=\"jarvics:base-text-neutral-high-400 base-text-[calc(theme(fontSize.xs)_*_var(--font-size,_1))] base-font-normal base-font-primary base-text-neutral-low-500 base-text-left\">Acalorando uma das rivalidades mais engra\u00e7adas da internet, Charles e Confuso Sobrinho brincam e brigam nas redes sociais, divertindo os f\u00e3s que os acompanhavam na televis\u00e3o. Apesar de n\u00e3o terem nenhuma treta s\u00e9ria, o humorista explica a origem do desentendimento.<\/p>\n<p class=\"jarvics:base-text-neutral-high-400 base-text-[calc(theme(fontSize.xs)_*_var(--font-size,_1))] base-font-normal base-font-primary base-text-neutral-low-500 base-text-left\">\u201cEu e o Confuso Sobrinho temos uma rivalidade na internet. Uma rivalidade, por qu\u00ea? Porque ele participou de um podcast falando mal de mim, achando que eu dei uma bota \u2018macumbada\u2019 para ele. Eu dei uma bota de presente para ele e ele disse que jogou fora achando que essa bota \u00e9 macumbada\u201d.<\/p>\n<p>Flamengo campe\u00e3o<img decoding=\"async\" data-chromatic=\"ignore\" alt=\"\" class=\"c-image\" loading=\"lazy\" src=\"https:\/\/www.europesays.com\/pt\/wp-content\/uploads\/2025\/12\/UUUC4P2ZIBGMXKSVXFOKGSIQ4U.png\"  width=\"677\" height=\"369\"\/>Charles Henrique comemorou nas redes sociais a temporada vitoriosa do Flamengo Reprodu\u00e7\u00e3o\/Instagram <\/p>\n<p class=\"jarvics:base-text-neutral-high-400 base-text-[calc(theme(fontSize.xs)_*_var(--font-size,_1))] base-font-normal base-font-primary base-text-neutral-low-500 base-text-left\">Flamenguista de ber\u00e7o, o humorista n\u00e3o esconde a sua paix\u00e3o pela camisa rubro-negra. Apesar do clube n\u00e3o ter conquistado o Mundial, Charles mostrou que a sua mem\u00f3ria est\u00e1 em dia, listando o elenco do time campe\u00e3o do Brasileir\u00e3o 2025 e da Copa Libertadores.<\/p>\n<p class=\"jarvics:base-text-neutral-high-400 base-text-[calc(theme(fontSize.xs)_*_var(--font-size,_1))] base-font-normal base-font-primary base-text-neutral-low-500 base-text-left\">\u201cEu sou flamenguista. Quando eu tinha 1 ano, o Flamengo venceu o Mundial em 1981, na \u00e9poca do Zico. Eu com um aninho estava no colo da minha m\u00e3e, ent\u00e3o eu n\u00e3o assisti a esse jogo em casa. Mas eu sou muito f\u00e3 deles: L\u00e9o Pereira, Rossi, Varela, Everton Cebolinha, Arrascaeta, Bruno Henrique e outros jogadores, assim como o t\u00e9cnico Filipe Lu\u00eds.\u201d<\/p>\n<p><b>Grande pr\u00eamio e bolsa de estudos<\/b><\/p>\n<p class=\"jarvics:base-text-neutral-high-400 base-text-[calc(theme(fontSize.xs)_*_var(--font-size,_1))] base-font-normal base-font-primary base-text-neutral-low-500 base-text-left\">Disputando o pr\u00eamio de at\u00e9 R$ 300 mil, Charles contou que j\u00e1 sabe exatamente o que far\u00e1 com o dinheiro, caso leve a bolada, com um destino muito nobre: \u201cSe eu ganhar, eu vou usar para pagar a bolsa de estudos dos meus sobrinhos, comprar celular novo e reformar o meu quarto.\u201d<\/p>\n<p class=\"jarvics:base-text-neutral-high-400 base-text-[calc(theme(fontSize.xs)_*_var(--font-size,_1))] base-font-normal base-font-primary base-text-neutral-low-500 base-text-left\">Ser\u00e1 que investimento vai chegar? N\u00e3o perca o game show deste domingo!<\/p>\n<p class=\"jarvics:base-text-neutral-high-400 base-text-[calc(theme(fontSize.xs)_*_var(--font-size,_1))] base-font-normal base-font-primary base-text-neutral-low-500 base-text-left\">*Estagi\u00e1rio sob supervis\u00e3o de Juliana Lambert<\/p>\n<p class=\"jarvics:base-text-neutral-high-400 base-text-[calc(theme(fontSize.xs)_*_var(--font-size,_1))] base-font-normal base-font-primary base-text-neutral-low-500 base-text-left\">O <a href=\"https:\/\/record.r7.com\/acerte-ou-caia\/\" rel=\"nofollow noopener\" target=\"_blank\"><b>Acerte ou Caia!<\/b><\/a> vai ao ar todos os domingos, a partir das 15h45, na tela da <a href=\"https:\/\/record.r7.com\/\" rel=\"nofollow noopener\" target=\"_blank\"><b>RECORD<\/b><\/a>. Acompanhe o site oficial e fique por dentro de todas as novidades. Reveja o programa completo no <a href=\"https:\/\/www.playplus.com\/Home\" rel=\"nofollow noopener\" target=\"_blank\"><b>RecordPlus<\/b><\/a>.<\/p>\n<p><b>Confira o elenco do <\/b><b>Acerte ou Caia! <\/b><b>deste domingo (28)<\/b><\/p>\n<p class=\"jarvics:base-text-neutral-high-400 base-text-[calc(theme(fontSize.xxs)_*_var(--font-size,_1))] base-font-semibold base-font-primary base-text-neutral-low-500 base-text-left\">O \u00faltimo Acerte ou Caia! do ano vai chegar com tudo na tela da RECORD neste domingo (28). Em uma vibe ano novo, onze famosos duelam em busca de um pr\u00eamio de at\u00e9 R$ 300 mil. J\u00e1 imaginou come\u00e7ar 2026 com esse dinheiro no bolso? Que tal conhecer melhor o elenco?<\/p>\n","protected":false},"excerpt":{"rendered":"Charles Henriquep\u00e9dia participa do Acerte ou Caia! deste domingo (28) Edu Moraes\/RECORD \u2018Ah muleque\u2019! O humorista Charles Henriquep\u00e9dia&hellip;\n","protected":false},"author":2,"featured_media":204609,"comment_status":"","ping_status":"","sticky":false,"template":"","format":"standard","meta":{"footnotes":""},"categories":[145],"tags":[4355,211,210,114,115,2460,32,33,4356],"class_list":{"0":"post-204608","1":"post","2":"type-post","3":"status-publish","4":"format-standard","5":"has-post-thumbnail","7":"category-celebridades","8":"tag-acerte-ou-caia","9":"tag-celebridades","10":"tag-celebrities","11":"tag-entertainment","12":"tag-entretenimento","13":"tag-flamengo","14":"tag-portugal","15":"tag-pt","16":"tag-tom-cavalcante"},"share_on_mastodon":{"url":"https:\/\/pubeurope.com\/@pt\/115791908881673845","error":""},"_links":{"self":[{"href":"https:\/\/www.europesays.com\/pt\/wp-json\/wp\/v2\/posts\/204608","targetHints":{"allow":["GET"]}}],"collection":[{"href":"https:\/\/www.europesays.com\/pt\/wp-json\/wp\/v2\/posts"}],"about":[{"href":"https:\/\/www.europesays.com\/pt\/wp-json\/wp\/v2\/types\/post"}],"author":[{"embeddable":true,"href":"https:\/\/www.europesays.com\/pt\/wp-json\/wp\/v2\/users\/2"}],"replies":[{"embeddable":true,"href":"https:\/\/www.europesays.com\/pt\/wp-json\/wp\/v2\/comments?post=204608"}],"version-history":[{"count":0,"href":"https:\/\/www.europesays.com\/pt\/wp-json\/wp\/v2\/posts\/204608\/revisions"}],"wp:featuredmedia":[{"embeddable":true,"href":"https:\/\/www.europesays.com\/pt\/wp-json\/wp\/v2\/media\/204609"}],"wp:attachment":[{"href":"https:\/\/www.europesays.com\/pt\/wp-json\/wp\/v2\/media?parent=204608"}],"wp:term":[{"taxonomy":"category","embeddable":true,"href":"https:\/\/www.europesays.com\/pt\/wp-json\/wp\/v2\/categories?post=204608"},{"taxonomy":"post_tag","embeddable":true,"href":"https:\/\/www.europesays.com\/pt\/wp-json\/wp\/v2\/tags?post=204608"}],"curies":[{"name":"wp","href":"https:\/\/api.w.org\/{rel}","templated":true}]}}