{"id":20461,"date":"2025-08-07T23:27:15","date_gmt":"2025-08-07T23:27:15","guid":{"rendered":"https:\/\/www.europesays.com\/pt\/20461\/"},"modified":"2025-08-07T23:27:15","modified_gmt":"2025-08-07T23:27:15","slug":"china-pede-aos-cidadaos-que-evitem-envolvimento-na-guerra-na-ucrania","status":"publish","type":"post","link":"https:\/\/www.europesays.com\/pt\/20461\/","title":{"rendered":"China pede aos \u00adcidad\u00e3os que evitem envolvimento na guerra na Ucr\u00e2nia"},"content":{"rendered":"<p>&#13;<br \/>\nEm comunicado, o porta-voz do Minist\u00e9rio dos Neg\u00f3cios Estrangeiros chin\u00eas, Guo Jiakun, afirmou que &#8220;a posi\u00e7\u00e3o da China sobre a crise ucraniana \u00e9 coerente e clara: estamos empenhados em promover as conversa\u00e7\u00f5es de paz e facilitar um cessar-fogo&#8221;.&#13;\n<\/p>\n<p>&#13;<br \/>\nGuo assegurou que &#8220;a China emitiu v\u00e1rios alertas de seguran\u00e7a, instando os cidad\u00e3os chineses a manterem-se afastados das zonas de conflito armado e a evitarem qualquer envolvimento no conflito&#8221;.&#13;\n<\/p>\n<p>&#13;<br \/>\nAs autoridades chinesas salientaram, &#8220;em particular, que os cidad\u00e3os chineses devem abster-se de participar em opera\u00e7\u00f5es militares de qualquer uma das partes&#8221;, acrescentou o porta-voz.&#13;\n<\/p>\n<p>&#13;<br \/>\nDesde o in\u00edcio da guerra na Ucr\u00e2nia, a China tem mantido uma posi\u00e7\u00e3o amb\u00edgua, apelando ao respeito pela &#8220;integridade territorial de todos os pa\u00edses&#8221;, incluindo a Ucr\u00e2nia, mas tamb\u00e9m \u00e0 considera\u00e7\u00e3o das &#8220;leg\u00edtimas preocupa\u00e7\u00f5es de todos&#8221; os Estados, numa alus\u00e3o \u00e0 R\u00fassia.&#13;\n<\/p>\n<p>&#13;<br \/>\nPequim op\u00f5e-se \u00e0s san\u00e7\u00f5es &#8220;unilaterais&#8221; contra Moscovo e defende uma &#8220;solu\u00e7\u00e3o pol\u00edtica&#8221; para o conflito. O Ocidente tem acusado a China de apoiar a campanha militar russa &#8212; o que Pequim nega &#8212; e de fornecer componentes essenciais para a produ\u00e7\u00e3o de armamento por parte de Moscovo.&#13;\n<\/p>\n<p>&#13;<br \/>\nV\u00e1rios pa\u00edses europeus t\u00eam apelado ao Presidente chin\u00eas, Xi Jinping, para que use a sua influ\u00eancia sobre Vladimir Putin com vista ao fim da guerra, embora algumas vozes considerem que a China tem priorizado o refor\u00e7o das rela\u00e7\u00f5es com a R\u00fassia, de onde importa petr\u00f3leo e g\u00e1s a pre\u00e7os mais baixos.&#13;\n<\/p>\n<p>&#13;<br \/>\n\u00a0&#13;<\/p>\n","protected":false},"excerpt":{"rendered":"&#13; Em comunicado, o porta-voz do Minist\u00e9rio dos Neg\u00f3cios Estrangeiros chin\u00eas, Guo Jiakun, afirmou que &#8220;a posi\u00e7\u00e3o da&hellip;\n","protected":false},"author":2,"featured_media":20462,"comment_status":"","ping_status":"","sticky":false,"template":"","format":"standard","meta":{"footnotes":""},"categories":[50],"tags":[27,28,15,16,14,25,26,21,22,62,12,13,19,20,3422,23,24,17,18,29,30,31,63,64,65],"class_list":{"0":"post-20461","1":"post","2":"type-post","3":"status-publish","4":"format-standard","5":"has-post-thumbnail","7":"category-mundo","8":"tag-breaking-news","9":"tag-breakingnews","10":"tag-featured-news","11":"tag-featurednews","12":"tag-headlines","13":"tag-latest-news","14":"tag-latestnews","15":"tag-main-news","16":"tag-mainnews","17":"tag-mundo","18":"tag-news","19":"tag-noticias","20":"tag-noticias-principais","21":"tag-noticiasprincipais","22":"tag-pequim","23":"tag-principais-noticias","24":"tag-principaisnoticias","25":"tag-top-stories","26":"tag-topstories","27":"tag-ultimas","28":"tag-ultimas-noticias","29":"tag-ultimasnoticias","30":"tag-world","31":"tag-world-news","32":"tag-worldnews"},"share_on_mastodon":{"url":"","error":""},"_links":{"self":[{"href":"https:\/\/www.europesays.com\/pt\/wp-json\/wp\/v2\/posts\/20461","targetHints":{"allow":["GET"]}}],"collection":[{"href":"https:\/\/www.europesays.com\/pt\/wp-json\/wp\/v2\/posts"}],"about":[{"href":"https:\/\/www.europesays.com\/pt\/wp-json\/wp\/v2\/types\/post"}],"author":[{"embeddable":true,"href":"https:\/\/www.europesays.com\/pt\/wp-json\/wp\/v2\/users\/2"}],"replies":[{"embeddable":true,"href":"https:\/\/www.europesays.com\/pt\/wp-json\/wp\/v2\/comments?post=20461"}],"version-history":[{"count":0,"href":"https:\/\/www.europesays.com\/pt\/wp-json\/wp\/v2\/posts\/20461\/revisions"}],"wp:featuredmedia":[{"embeddable":true,"href":"https:\/\/www.europesays.com\/pt\/wp-json\/wp\/v2\/media\/20462"}],"wp:attachment":[{"href":"https:\/\/www.europesays.com\/pt\/wp-json\/wp\/v2\/media?parent=20461"}],"wp:term":[{"taxonomy":"category","embeddable":true,"href":"https:\/\/www.europesays.com\/pt\/wp-json\/wp\/v2\/categories?post=20461"},{"taxonomy":"post_tag","embeddable":true,"href":"https:\/\/www.europesays.com\/pt\/wp-json\/wp\/v2\/tags?post=20461"}],"curies":[{"name":"wp","href":"https:\/\/api.w.org\/{rel}","templated":true}]}}