{"id":204610,"date":"2025-12-27T14:06:13","date_gmt":"2025-12-27T14:06:13","guid":{"rendered":"https:\/\/www.europesays.com\/pt\/204610\/"},"modified":"2025-12-27T14:06:13","modified_gmt":"2025-12-27T14:06:13","slug":"camila-pitanga-reune-mae-pai-ex-marido-e-atual-noivo-em-celebracao-de-natal-veja-os-registros","status":"publish","type":"post","link":"https:\/\/www.europesays.com\/pt\/204610\/","title":{"rendered":"Camila Pitanga re\u00fane m\u00e3e, pai, ex-marido e atual noivo em celebra\u00e7\u00e3o de Natal. Veja os registros"},"content":{"rendered":"\n<p class=\" content-text__container theme-color-primary-first-letter\" data-track-category=\"Link no Texto\" data-track-links=\"\"> <a class=\"\" href=\"https:\/\/oglobo.globo.com\/tudo-sobre\/personalidade\/camila-pitanga\" rel=\"nofollow noopener\" target=\"_blank\">Camila Pitanga<\/a> compartilhou com seus seguidores sua comemora\u00e7\u00e3o de Natal em fam\u00edlia. Na sequ\u00eancia postada nas redes sociais, ela aparece em registros com o pai, Antonio Pitanga, a m\u00e3e, Vera Magalh\u00e3es (de laranja, sentada), a madrasta, Benedita, e a filha, Antonia (em p\u00e9, ao lado da atriz). O pai da menina e ex-marido de Camila, Claudio Amaral Peixoto, tamb\u00e9m est\u00e1 presente nos registros, assim como o atual noivo da atriz, Patrick Pessoa. <\/p>\n","protected":false},"excerpt":{"rendered":"Camila Pitanga compartilhou com seus seguidores sua comemora\u00e7\u00e3o de Natal em fam\u00edlia. Na sequ\u00eancia postada nas redes sociais,&hellip;\n","protected":false},"author":2,"featured_media":204611,"comment_status":"","ping_status":"","sticky":false,"template":"","format":"standard","meta":{"footnotes":""},"categories":[142],"tags":[40052,3850,12716,1718,114,115,1626,32,33,679,5062,151],"class_list":{"0":"post-204610","1":"post","2":"type-post","3":"status-publish","4":"format-standard","5":"has-post-thumbnail","7":"category-tv","8":"tag-a-trama-gira-em-torno-de-personagens-corruptos-e-vaidosos-em-meio-a-era-dos-procedimentos-esteticos","9":"tag-beleza-fatal","10":"tag-camila-pitanga","11":"tag-dona-de-mim","12":"tag-entertainment","13":"tag-entretenimento","14":"tag-hbo","15":"tag-portugal","16":"tag-pt","17":"tag-reportagem","18":"tag-rodrigo-santoro","19":"tag-tv"},"share_on_mastodon":{"url":"https:\/\/pubeurope.com\/@pt\/115791920152041680","error":""},"_links":{"self":[{"href":"https:\/\/www.europesays.com\/pt\/wp-json\/wp\/v2\/posts\/204610","targetHints":{"allow":["GET"]}}],"collection":[{"href":"https:\/\/www.europesays.com\/pt\/wp-json\/wp\/v2\/posts"}],"about":[{"href":"https:\/\/www.europesays.com\/pt\/wp-json\/wp\/v2\/types\/post"}],"author":[{"embeddable":true,"href":"https:\/\/www.europesays.com\/pt\/wp-json\/wp\/v2\/users\/2"}],"replies":[{"embeddable":true,"href":"https:\/\/www.europesays.com\/pt\/wp-json\/wp\/v2\/comments?post=204610"}],"version-history":[{"count":0,"href":"https:\/\/www.europesays.com\/pt\/wp-json\/wp\/v2\/posts\/204610\/revisions"}],"wp:featuredmedia":[{"embeddable":true,"href":"https:\/\/www.europesays.com\/pt\/wp-json\/wp\/v2\/media\/204611"}],"wp:attachment":[{"href":"https:\/\/www.europesays.com\/pt\/wp-json\/wp\/v2\/media?parent=204610"}],"wp:term":[{"taxonomy":"category","embeddable":true,"href":"https:\/\/www.europesays.com\/pt\/wp-json\/wp\/v2\/categories?post=204610"},{"taxonomy":"post_tag","embeddable":true,"href":"https:\/\/www.europesays.com\/pt\/wp-json\/wp\/v2\/tags?post=204610"}],"curies":[{"name":"wp","href":"https:\/\/api.w.org\/{rel}","templated":true}]}}