{"id":204614,"date":"2025-12-27T14:10:09","date_gmt":"2025-12-27T14:10:09","guid":{"rendered":"https:\/\/www.europesays.com\/pt\/204614\/"},"modified":"2025-12-27T14:10:09","modified_gmt":"2025-12-27T14:10:09","slug":"mercado-das-vacinas-pneumococicas-devera-atingir-102-mil-milhoes-de-euros-ate-2029","status":"publish","type":"post","link":"https:\/\/www.europesays.com\/pt\/204614\/","title":{"rendered":"Mercado das vacinas pneumoc\u00f3cicas dever\u00e1 atingir 10,2 mil milh\u00f5es de euros at\u00e9 2029"},"content":{"rendered":"<p>        O mercado global das vacinas pneumoc\u00f3cicas dever\u00e1 continuar a crescer de forma consistente, podendo atingir cerca de 10,2 mil milh\u00f5es de euros em 2029, impulsionado pelo envelhecimento da popula\u00e7\u00e3o, pelo aumento das infe\u00e7\u00f5es pneumoc\u00f3cicas e pelo refor\u00e7o dos programas de vacina\u00e7\u00e3o a n\u00edvel mundial.    <\/p>\n<p>O mercado global das vacinas pneumoc\u00f3cicas continuar\u00e1 a crescer de forma robusta ao longo dos pr\u00f3ximos anos, devendo alcan\u00e7ar cerca de 10,2 mil milh\u00f5es de euros em 2029, impulsionado por um conjunto de fatores que v\u00e3o desde a evolu\u00e7\u00e3o de estirpes bacterianas at\u00e9 ao envelhecimento da popula\u00e7\u00e3o. As conclus\u00f5es constam do estudo <a href=\"https:\/\/www.thebusinessresearchcompany.com\/report\/pneumococcal-vaccine-global-market-report\" rel=\"nofollow noopener\" target=\"_blank\">Pneumococcal Vaccine Global Market Report 2025,<\/a> divulgado pela consultora The Business Research Company.<\/p>\n<p>Segundo o relat\u00f3rio, o setor dever\u00e1 crescer dos aproximados 7,66 mil milh\u00f5es de euros registados em 2024 para 8,05 mil milh\u00f5es em 2025, \u00e0 taxa anual composta de 5,2%. Esta expans\u00e3o \u00e9 atribu\u00edda \u00e0 melhoria das pol\u00edticas de vacina\u00e7\u00e3o, \u00e0 crescente preocupa\u00e7\u00e3o com a sa\u00fade p\u00fablica e aos avan\u00e7os nos sistemas de sa\u00fade, que, no passado recente, refor\u00e7aram a capacidade de resposta a infec\u00e7\u00f5es por Streptococcus pneumoniae.<\/p>\n<p>Para os pr\u00f3ximos anos, o cen\u00e1rio mant\u00e9m-se positivo: entre 2025 e 2029, estima-se um crescimento m\u00e9dio anual de 6,1%, at\u00e9 atingir os referidos 10,2 mil milh\u00f5es de euros. A consultora identifica como motores deste crescimento a intensifica\u00e7\u00e3o da investiga\u00e7\u00e3o e desenvolvimento, o aumento da acessibilidade \u00e0s vacinas, o refor\u00e7o dos programas de imuniza\u00e7\u00e3o priorit\u00e1ria e a maior vulnerabilidade de uma popula\u00e7\u00e3o cada vez mais envelhecida.<\/p>\n<p><strong>Impacto das infec\u00e7\u00f5es pneumoc\u00f3cicas<\/strong><\/p>\n<p>O relat\u00f3rio sublinha que o aumento da incid\u00eancia de infec\u00e7\u00f5es pneumoc\u00f3cicas \u2013 como pneumonia, otite, sinusite e infec\u00e7\u00f5es sangu\u00edneas \u2013 est\u00e1 a impulsionar a procura por vacinas. Em comunicado explicam que a \u201ccontamina\u00e7\u00e3o pneumoc\u00f3cica \u00e9 uma infec\u00e7\u00e3o causada pela bact\u00e9ria Streptococcus pneumoniae ou pneumococo, que pode causar doen\u00e7as como pneumonia, infec\u00e7\u00f5es sangu\u00edneas, infec\u00e7\u00f5es de ouvido e sinusite. A vacina pneumoc\u00f3cica induz a produ\u00e7\u00e3o de anticorpos pelo organismo contra essas bact\u00e9rias pneumoc\u00f3cicas, mitigando ou erradicando bact\u00e9rias e toxinas nocivas. Essa prote\u00e7\u00e3o \u00e9 crucial para crian\u00e7as, idosos e pessoas com sistema imunol\u00f3gico comprometido contra diversas infec\u00e7\u00f5es pneumoc\u00f3cicas\u201d.<\/p>\n<p>As autoridades de sa\u00fade norte-americanas estimam que a pneumonia pneumoc\u00f3cica seja respons\u00e1vel por cerca de 150 mil internamentos por ano nos Estados Unidos, representando at\u00e9 30% dos casos de pneumonia adquirida na comunidade em adultos.<\/p>\n<p>A vacina pneumoc\u00f3cica estimula a produ\u00e7\u00e3o de anticorpos contra a bact\u00e9ria, desempenhando um papel crucial na protec\u00e7\u00e3o de crian\u00e7as, idosos e pessoas com o sistema imunit\u00e1rio fragilizado.<\/p>\n<p>Entre os principais atores do mercado global encontram-se Pfizer, Merck &amp; Co., Johnson &amp; Johnson, Sanofi, GlaxoSmithKline, Astellas Pharma, CSL Limited, bem como fabricantes asi\u00e1ticos como a chinesa Anhui Zhifei Longcom e o Serum Institute of India.<\/p>\n<p>O mercado \u00e9 segmentado por tipo de produto e por via de administra\u00e7\u00e3o, tais como intravenosa, intramuscular ou subcut\u00e2nea. A Am\u00e9rica do Norte mant\u00e9m-se como o maior mercado mundial em 2024, enquanto a \u00c1sia-Pac\u00edfico dever\u00e1 registar o crescimento mais acelerado at\u00e9 2029, acompanhando a expans\u00e3o dos programas de vacina\u00e7\u00e3o e o aumento da capacidade produtiva na regi\u00e3o.<\/p>\n","protected":false},"excerpt":{"rendered":"O mercado global das vacinas pneumoc\u00f3cicas dever\u00e1 continuar a crescer de forma consistente, podendo atingir cerca de 10,2&hellip;\n","protected":false},"author":2,"featured_media":204615,"comment_status":"","ping_status":"","sticky":false,"template":"","format":"standard","meta":{"footnotes":""},"categories":[86],"tags":[476,116,42,32,33,117,1333],"class_list":{"0":"post-204614","1":"post","2":"type-post","3":"status-publish","4":"format-standard","5":"has-post-thumbnail","7":"category-saude","8":"tag-economia","9":"tag-health","10":"tag-mercado","11":"tag-portugal","12":"tag-pt","13":"tag-saude","14":"tag-vacina"},"share_on_mastodon":{"url":"https:\/\/pubeurope.com\/@pt\/115791935834002734","error":""},"_links":{"self":[{"href":"https:\/\/www.europesays.com\/pt\/wp-json\/wp\/v2\/posts\/204614","targetHints":{"allow":["GET"]}}],"collection":[{"href":"https:\/\/www.europesays.com\/pt\/wp-json\/wp\/v2\/posts"}],"about":[{"href":"https:\/\/www.europesays.com\/pt\/wp-json\/wp\/v2\/types\/post"}],"author":[{"embeddable":true,"href":"https:\/\/www.europesays.com\/pt\/wp-json\/wp\/v2\/users\/2"}],"replies":[{"embeddable":true,"href":"https:\/\/www.europesays.com\/pt\/wp-json\/wp\/v2\/comments?post=204614"}],"version-history":[{"count":0,"href":"https:\/\/www.europesays.com\/pt\/wp-json\/wp\/v2\/posts\/204614\/revisions"}],"wp:featuredmedia":[{"embeddable":true,"href":"https:\/\/www.europesays.com\/pt\/wp-json\/wp\/v2\/media\/204615"}],"wp:attachment":[{"href":"https:\/\/www.europesays.com\/pt\/wp-json\/wp\/v2\/media?parent=204614"}],"wp:term":[{"taxonomy":"category","embeddable":true,"href":"https:\/\/www.europesays.com\/pt\/wp-json\/wp\/v2\/categories?post=204614"},{"taxonomy":"post_tag","embeddable":true,"href":"https:\/\/www.europesays.com\/pt\/wp-json\/wp\/v2\/tags?post=204614"}],"curies":[{"name":"wp","href":"https:\/\/api.w.org\/{rel}","templated":true}]}}