{"id":204619,"date":"2025-12-27T14:15:12","date_gmt":"2025-12-27T14:15:12","guid":{"rendered":"https:\/\/www.europesays.com\/pt\/204619\/"},"modified":"2025-12-27T14:15:12","modified_gmt":"2025-12-27T14:15:12","slug":"urgencias-fechadas-ginecologia-e-obstetricia-falham-em-portimao-barreiro-e-abrantes","status":"publish","type":"post","link":"https:\/\/www.europesays.com\/pt\/204619\/","title":{"rendered":"Urg\u00eancias fechadas. Ginecologia e Obstetr\u00edcia falham em Portim\u00e3o, Barreiro e Abrantes"},"content":{"rendered":"<p>                Os servi\u00e7os de urg\u00eancia de ginecologia e obstetr\u00edcia estavam este s\u00e1bado fechados nos hospitais de Portim\u00e3o, do Barreiro e de Abrantes.<\/p>\n<p>&#13;<br \/>\nA informa\u00e7\u00e3o consta do portal do Servi\u00e7o Nacional de Sa\u00fade, que acrescenta\u00a0seis urg\u00eancias referenciadas que recebem apenas urg\u00eancias internas e casos referenciados pelo Instituto Nacional de Emerg\u00eancia M\u00e9dica (INEM).&#13;\n<\/p>\n<p>Os condicionamentos afetam assim a Pediatria do Hospital de Santa Maria Maior (Barcelos e Esposende), entre as 22:00 e as 24:00, o Hospital de Vila Franca de Xira (Pediatria e Obstetr\u00edcia), das 00:00 \u00e0s 9:00 e das 21:00 \u00e0s 24:00 e o Hospital S\u00e3o Francisco Xavier, em Lisboa (Ginecologia-Obstetr\u00edcia).<\/p>\n<p>Condicionados v\u00e3o estar o Hospital Beatriz \u00c2ngelo, em Loures, entre as 21:00 e as 24:00, na Urg\u00eancia de Pediatria, e o Hospital de Aveiro e o Hospital de Santo Andr\u00e9 nas Urg\u00eancias de Ginecologia e Obstetr\u00edcia.&#13;\n<\/p>\n<p>&#13;<br \/>\n<br \/>&#13;<br \/>\nNo total, est\u00e3o abertas 111 urg\u00eancias e 27 est\u00e3o a funcionar com um novo modelo de um projeto-piloto.<br \/>&#13;<\/p>\n","protected":false},"excerpt":{"rendered":"Os servi\u00e7os de urg\u00eancia de ginecologia e obstetr\u00edcia estavam este s\u00e1bado fechados nos hospitais de Portim\u00e3o, do Barreiro&hellip;\n","protected":false},"author":2,"featured_media":204620,"comment_status":"","ping_status":"","sticky":false,"template":"","format":"standard","meta":{"footnotes":""},"categories":[10],"tags":[27,28,15,16,14,25,26,21,22,12,13,19,20,32,23,24,33,420,421,17,18,29,30,31],"class_list":{"0":"post-204619","1":"post","2":"type-post","3":"status-publish","4":"format-standard","5":"has-post-thumbnail","7":"category-portugal","8":"tag-breaking-news","9":"tag-breakingnews","10":"tag-featured-news","11":"tag-featurednews","12":"tag-headlines","13":"tag-latest-news","14":"tag-latestnews","15":"tag-main-news","16":"tag-mainnews","17":"tag-news","18":"tag-noticias","19":"tag-noticias-principais","20":"tag-noticiasprincipais","21":"tag-portugal","22":"tag-principais-noticias","23":"tag-principaisnoticias","24":"tag-pt","25":"tag-rtp","26":"tag-rtp-noticias","27":"tag-top-stories","28":"tag-topstories","29":"tag-ultimas","30":"tag-ultimas-noticias","31":"tag-ultimasnoticias"},"share_on_mastodon":{"url":"https:\/\/pubeurope.com\/@pt\/115791955557781958","error":""},"_links":{"self":[{"href":"https:\/\/www.europesays.com\/pt\/wp-json\/wp\/v2\/posts\/204619","targetHints":{"allow":["GET"]}}],"collection":[{"href":"https:\/\/www.europesays.com\/pt\/wp-json\/wp\/v2\/posts"}],"about":[{"href":"https:\/\/www.europesays.com\/pt\/wp-json\/wp\/v2\/types\/post"}],"author":[{"embeddable":true,"href":"https:\/\/www.europesays.com\/pt\/wp-json\/wp\/v2\/users\/2"}],"replies":[{"embeddable":true,"href":"https:\/\/www.europesays.com\/pt\/wp-json\/wp\/v2\/comments?post=204619"}],"version-history":[{"count":0,"href":"https:\/\/www.europesays.com\/pt\/wp-json\/wp\/v2\/posts\/204619\/revisions"}],"wp:featuredmedia":[{"embeddable":true,"href":"https:\/\/www.europesays.com\/pt\/wp-json\/wp\/v2\/media\/204620"}],"wp:attachment":[{"href":"https:\/\/www.europesays.com\/pt\/wp-json\/wp\/v2\/media?parent=204619"}],"wp:term":[{"taxonomy":"category","embeddable":true,"href":"https:\/\/www.europesays.com\/pt\/wp-json\/wp\/v2\/categories?post=204619"},{"taxonomy":"post_tag","embeddable":true,"href":"https:\/\/www.europesays.com\/pt\/wp-json\/wp\/v2\/tags?post=204619"}],"curies":[{"name":"wp","href":"https:\/\/api.w.org\/{rel}","templated":true}]}}