{"id":204639,"date":"2025-12-27T14:50:53","date_gmt":"2025-12-27T14:50:53","guid":{"rendered":"https:\/\/www.europesays.com\/pt\/204639\/"},"modified":"2025-12-27T14:50:53","modified_gmt":"2025-12-27T14:50:53","slug":"um-palacete-renascido-em-sao-joao-da-madeira","status":"publish","type":"post","link":"https:\/\/www.europesays.com\/pt\/204639\/","title":{"rendered":"Um palacete renascido em S\u00e3o Jo\u00e3o da Madeira"},"content":{"rendered":"<p data-remotead-prev-elm=\"true\" data-remotead-elm-id=\"inread\">O Palacete dos Condes Dias de Garcia, com as torres e telhados coloridos e paredes de um vermelho vivo, dificilmente passa despercebido na paisagem urbana de S\u00e3o Jo\u00e3o da Madeira. \u00c9 um dos edif\u00edcios emblem\u00e1ticos da cidade, mandado construir no final do s\u00e9culo XIX por Ant\u00f3nio Dias de Garcia, um benem\u00e9rito que fez fortuna no Brasil. Ap\u00f3s servir como resid\u00eancia da fam\u00edlia, o palacete passou para al\u00e7ada p\u00fablica e chegou a funcionar como instituto de l\u00ednguas, centro de forma\u00e7\u00e3o da ind\u00fastria do cal\u00e7ado, liceu e tribunal, at\u00e9 ser parcialmente destru\u00eddo num inc\u00eandio em 1990.<\/p>\n","protected":false},"excerpt":{"rendered":"O Palacete dos Condes Dias de Garcia, com as torres e telhados coloridos e paredes de um vermelho&hellip;\n","protected":false},"author":2,"featured_media":204640,"comment_status":"","ping_status":"","sticky":false,"template":"","format":"standard","meta":{"footnotes":""},"categories":[10],"tags":[27,28,26623,15,16,27314,14,25,26,21,22,12,13,19,20,32,23,24,33,17,18,29,30,31],"class_list":{"0":"post-204639","1":"post","2":"type-post","3":"status-publish","4":"format-standard","5":"has-post-thumbnail","7":"category-portugal","8":"tag-breaking-news","9":"tag-breakingnews","10":"tag-evasoes","11":"tag-featured-news","12":"tag-featurednews","13":"tag-ficar","14":"tag-headlines","15":"tag-latest-news","16":"tag-latestnews","17":"tag-main-news","18":"tag-mainnews","19":"tag-news","20":"tag-noticias","21":"tag-noticias-principais","22":"tag-noticiasprincipais","23":"tag-portugal","24":"tag-principais-noticias","25":"tag-principaisnoticias","26":"tag-pt","27":"tag-top-stories","28":"tag-topstories","29":"tag-ultimas","30":"tag-ultimas-noticias","31":"tag-ultimasnoticias"},"share_on_mastodon":{"url":"https:\/\/pubeurope.com\/@pt\/115792096975650942","error":""},"_links":{"self":[{"href":"https:\/\/www.europesays.com\/pt\/wp-json\/wp\/v2\/posts\/204639","targetHints":{"allow":["GET"]}}],"collection":[{"href":"https:\/\/www.europesays.com\/pt\/wp-json\/wp\/v2\/posts"}],"about":[{"href":"https:\/\/www.europesays.com\/pt\/wp-json\/wp\/v2\/types\/post"}],"author":[{"embeddable":true,"href":"https:\/\/www.europesays.com\/pt\/wp-json\/wp\/v2\/users\/2"}],"replies":[{"embeddable":true,"href":"https:\/\/www.europesays.com\/pt\/wp-json\/wp\/v2\/comments?post=204639"}],"version-history":[{"count":0,"href":"https:\/\/www.europesays.com\/pt\/wp-json\/wp\/v2\/posts\/204639\/revisions"}],"wp:featuredmedia":[{"embeddable":true,"href":"https:\/\/www.europesays.com\/pt\/wp-json\/wp\/v2\/media\/204640"}],"wp:attachment":[{"href":"https:\/\/www.europesays.com\/pt\/wp-json\/wp\/v2\/media?parent=204639"}],"wp:term":[{"taxonomy":"category","embeddable":true,"href":"https:\/\/www.europesays.com\/pt\/wp-json\/wp\/v2\/categories?post=204639"},{"taxonomy":"post_tag","embeddable":true,"href":"https:\/\/www.europesays.com\/pt\/wp-json\/wp\/v2\/tags?post=204639"}],"curies":[{"name":"wp","href":"https:\/\/api.w.org\/{rel}","templated":true}]}}