{"id":204647,"date":"2025-12-27T14:58:10","date_gmt":"2025-12-27T14:58:10","guid":{"rendered":"https:\/\/www.europesays.com\/pt\/204647\/"},"modified":"2025-12-27T14:58:10","modified_gmt":"2025-12-27T14:58:10","slug":"cristiano-ronaldo-e-o-maior-jogador-da-historia-do-real-madrid","status":"publish","type":"post","link":"https:\/\/www.europesays.com\/pt\/204647\/","title":{"rendered":"\u00abCristiano Ronaldo \u00e9 o maior jogador da hist\u00f3ria do Real Madrid\u00bb"},"content":{"rendered":"<p>Depois de praticamente uma vida no <a target=\"_blank\" class=\"editor-link autolink-enabled\" href=\"https:\/\/www.abola.pt\/futebol\/real-madrid-204\" data-resource-id=\"204\" data-resource-type=\"team\" data-sport=\"football\" rel=\"nofollow noopener\">Real Madrid<\/a> \u2013 2014\/2015 foi exce\u00e7\u00e3o quando vestiu a camisola do <a target=\"_blank\" class=\"editor-link autolink-enabled\" href=\"https:\/\/www.abola.pt\/futebol\/espanhol-201\" data-resource-id=\"201\" data-resource-type=\"team\" data-sport=\"football\" rel=\"nofollow noopener\">Espanhol<\/a> \u2013, Lucas V\u00e1squez deixou o Bernab\u00e9u no final da \u00e9poca passada para rumar ao <a target=\"_blank\" class=\"editor-link autolink-enabled\" href=\"https:\/\/www.abola.pt\/futebol\/bayer-leverkusen-221\" data-resource-id=\"221\" data-resource-type=\"team\" data-sport=\"football\" rel=\"nofollow noopener\">Bayer Leverkusen<\/a>. Na Alemanha, o internacional espanhol soma seis jogos e uma assist\u00eancia.\u00a0<\/p>\n<p>Em entrevista ao AS, Lucas V\u00e1squez recordou a longa passagem pelos merengues e deixou rasgados elogios a <a target=\"_blank\" class=\"editor-link autolink-enabled\" href=\"https:\/\/www.abola.pt\/futebol\/jogador\/cristiano-ronaldo-3400\" data-resource-id=\"3400\" data-resource-type=\"player\" data-sport=\"football\" rel=\"nofollow noopener\">Cristiano Ronaldo<\/a> ao ser questionado sobre a sua sa\u00edda para a <a target=\"_blank\" class=\"editor-link autolink-enabled\" href=\"https:\/\/www.abola.pt\/futebol\/juventus-255\" data-resource-id=\"255\" data-resource-type=\"team\" data-sport=\"football\" rel=\"nofollow noopener\">Juventus<\/a>.\u00a0<\/p>\n<p>\u00abO que posso dizer do <a class=\"autolink-enabled\" data-resource-id=\"3400\" data-resource-type=\"player\" data-sport=\"football\" href=\"https:\/\/www.abola.pt\/futebol\/jogador\/cristiano-ronaldo-3400\" rel=\"nofollow noopener\" target=\"_blank\">Cristiano<\/a>? Foi important\u00edssimo em toda a sua carreira. \u00c9 o maior jogador da hist\u00f3ria do <a class=\"autolink-enabled\" data-resource-id=\"204\" data-resource-type=\"team\" data-sport=\"football\" href=\"https:\/\/www.abola.pt\/futebol\/real-madrid-204\" rel=\"nofollow noopener\" target=\"_blank\">Real Madrid<\/a>. A sua sa\u00edda seria sentida em qualquer equipa. No nosso caso, era importante, porque perd\u00edamos 60 golos por ano. Mas bom, o Real Madrid continua sempre, voltou a ganhar. Mas muito agradecidos ao <a class=\"autolink-enabled\" data-resource-id=\"3400\" data-resource-type=\"player\" data-sport=\"football\" href=\"https:\/\/www.abola.pt\/futebol\/jogador\/cristiano-ronaldo-3400\" rel=\"nofollow noopener\" target=\"_blank\">Cristiano<\/a> por tudo o que deu ao Real Madrid\u00bb, referiu, falando sobre <a class=\"autolink-enabled\" data-resource-id=\"6150\" data-resource-type=\"player\" data-sport=\"football\" href=\"https:\/\/www.abola.pt\/futebol\/jogador\/kylian-mbappe-6150\" rel=\"nofollow noopener\" target=\"_blank\">Mbapp\u00e9<\/a>. \u00a0<\/p>\n<p>\u00abTem capacidade f\u00edsica e mental para fazer algumas coisas. S\u00f3 ele poder\u00e1 definir os seus pr\u00f3prios limites. Estava h\u00e1 muitos anos em Paris, em casa, e todas as mudan\u00e7as s\u00e3o complicadas. A \u00faltima \u00e9poca foi dif\u00edcil, mas ganhou a Bota de Ouro. Est\u00e1 num n\u00edvel muito melhor e n\u00e3o apenas de golos, tamb\u00e9m em rela\u00e7\u00e3o ao jogo. <a class=\"autolink-enabled\" data-resource-id=\"178339\" data-resource-type=\"player\" data-sport=\"football\" href=\"https:\/\/www.abola.pt\/futebol\/jogador\/vinicius-junior-178339\" rel=\"nofollow noopener\" target=\"_blank\">Vin\u00edcius<\/a>, claro que \u00e9 um jogador impressionante. Os dois juntos podem fazer grandes coisas pelo nosso clube\u00bb, admitiu.\u00a0<\/p>\n<p>Zidane foi um dos treinadores que orientou Lucas V\u00e1squez no <a class=\"autolink-enabled\" data-resource-id=\"204\" data-resource-type=\"team\" data-sport=\"football\" href=\"https:\/\/www.abola.pt\/futebol\/real-madrid-204\" rel=\"nofollow noopener\" target=\"_blank\">Real Madrid<\/a>.\u00a0<\/p>\n<p>\u00abEra um \u00eddolo para todo o balne\u00e1rio. T\u00ednhamos uma admira\u00e7\u00e3o brutal por ele. \u00c9 verdade que no in\u00edcio ningu\u00e9m imaginava o \u00eaxito que tivemos, mas era algu\u00e9m muito claro e direto. Dizia aos jogadores sempre o que pensava, dando-te a import\u00e2ncia que tinhas e isso \u00e9 algo de valorizar. Ainda se sentia jogador e sabia como os jogadores pensavam\u00bb, apontou, virando aten\u00e7\u00f5es para o <a class=\"autolink-enabled\" data-resource-id=\"221\" data-resource-type=\"team\" data-sport=\"football\" href=\"https:\/\/www.abola.pt\/futebol\/bayer-leverkusen-221\" rel=\"nofollow noopener\" target=\"_blank\">Leverkusen<\/a>, que foi obrigado a mudar de treinador para a nova \u00e9poca depois da sa\u00edda de Xabi Alonso para o <a class=\"autolink-enabled\" data-resource-id=\"204\" data-resource-type=\"team\" data-sport=\"football\" href=\"https:\/\/www.abola.pt\/futebol\/real-madrid-204\" rel=\"nofollow noopener\" target=\"_blank\">Real Madrid<\/a>.\u00a0<\/p>\n<p>\u00abO Xabi Alonso \u00e9 uma institui\u00e7\u00e3o no <a class=\"autolink-enabled\" data-resource-id=\"221\" data-resource-type=\"team\" data-sport=\"football\" href=\"https:\/\/www.abola.pt\/futebol\/bayer-leverkusen-221\" rel=\"nofollow noopener\" target=\"_blank\">Leverkusen<\/a>. O que fez com eles foi impressionante e faz parte da hist\u00f3ria. Claro que falamos do que acontece em Madrid. Mas as pessoas sabem que s\u00e3o fases, um per\u00edodo de muitas mudan\u00e7as e tem de se ter paci\u00eancia e confiar nos grandes jogadores que temos\u00bb, explicou, acrescentando que contou com a ajuda de <a class=\"autolink-enabled\" data-resource-id=\"8641\" data-resource-type=\"player\" data-sport=\"football\" href=\"https:\/\/www.abola.pt\/futebol\/jogador\/alex-grimaldo-8641\" rel=\"nofollow noopener\" target=\"_blank\">Grimaldo<\/a> e Aleix Garc\u00eda na adapta\u00e7\u00e3o \u00e0 Alemanha.\u00a0<\/p>\n<p>\u00abAjudaram-me muito, sobretudo ao in\u00edcio. Conselhos, tradu\u00e7\u00f5es&#8230; S\u00e3o bons rapazes, que me ajudam muito no dia a dia\u00bb, completou.\u00a0<\/p>\n","protected":false},"excerpt":{"rendered":"Depois de praticamente uma vida no Real Madrid \u2013 2014\/2015 foi exce\u00e7\u00e3o quando vestiu a camisola do Espanhol&hellip;\n","protected":false},"author":2,"featured_media":204648,"comment_status":"","ping_status":"","sticky":false,"template":"","format":"standard","meta":{"footnotes":""},"categories":[87],"tags":[135,32,33,134],"class_list":{"0":"post-204647","1":"post","2":"type-post","3":"status-publish","4":"format-standard","5":"has-post-thumbnail","7":"category-desporto","8":"tag-desporto","9":"tag-portugal","10":"tag-pt","11":"tag-sports"},"share_on_mastodon":{"url":"https:\/\/pubeurope.com\/@pt\/115792124545186259","error":""},"_links":{"self":[{"href":"https:\/\/www.europesays.com\/pt\/wp-json\/wp\/v2\/posts\/204647","targetHints":{"allow":["GET"]}}],"collection":[{"href":"https:\/\/www.europesays.com\/pt\/wp-json\/wp\/v2\/posts"}],"about":[{"href":"https:\/\/www.europesays.com\/pt\/wp-json\/wp\/v2\/types\/post"}],"author":[{"embeddable":true,"href":"https:\/\/www.europesays.com\/pt\/wp-json\/wp\/v2\/users\/2"}],"replies":[{"embeddable":true,"href":"https:\/\/www.europesays.com\/pt\/wp-json\/wp\/v2\/comments?post=204647"}],"version-history":[{"count":0,"href":"https:\/\/www.europesays.com\/pt\/wp-json\/wp\/v2\/posts\/204647\/revisions"}],"wp:featuredmedia":[{"embeddable":true,"href":"https:\/\/www.europesays.com\/pt\/wp-json\/wp\/v2\/media\/204648"}],"wp:attachment":[{"href":"https:\/\/www.europesays.com\/pt\/wp-json\/wp\/v2\/media?parent=204647"}],"wp:term":[{"taxonomy":"category","embeddable":true,"href":"https:\/\/www.europesays.com\/pt\/wp-json\/wp\/v2\/categories?post=204647"},{"taxonomy":"post_tag","embeddable":true,"href":"https:\/\/www.europesays.com\/pt\/wp-json\/wp\/v2\/tags?post=204647"}],"curies":[{"name":"wp","href":"https:\/\/api.w.org\/{rel}","templated":true}]}}