{"id":204659,"date":"2025-12-27T15:12:30","date_gmt":"2025-12-27T15:12:30","guid":{"rendered":"https:\/\/www.europesays.com\/pt\/204659\/"},"modified":"2025-12-27T15:12:30","modified_gmt":"2025-12-27T15:12:30","slug":"rodrigo-koxa-surfa-a-maior-onda-da-temporada-num-dia-historico-na-nazare","status":"publish","type":"post","link":"https:\/\/www.europesays.com\/pt\/204659\/","title":{"rendered":"Rodrigo Koxa surfa a maior onda da temporada num dia hist\u00f3rico na Nazar\u00e9"},"content":{"rendered":"<p data-start=\"173\" data-end=\"275\">o mais recente epis\u00f3dio da s\u00e9rie\u00a0GoBIGGER TEAM \u2013 Nazar\u00e9, intitulado\u00a0\u201cOnda da Vida\u201d<\/p>\n<p>\u00a0<strong data-start=\"176\" data-end=\"275\">\u201cOnda da Vida\u201d: Rodrigo Koxa surfa a maior onda da temporada em mais um dia hist\u00f3rico na Nazar\u00e9<\/strong><\/p>\n<p data-start=\"277\" data-end=\"531\">O <strong data-start=\"279\" data-end=\"299\">Canh\u00e3o da Nazar\u00e9<\/strong> voltou a mostrar toda a sua for\u00e7a no mais recente epis\u00f3dio da s\u00e9rie <strong data-start=\"368\" data-end=\"394\">GoBIGGER TEAM \u2013 Nazar\u00e9<\/strong>, intitulado <strong data-start=\"407\" data-end=\"425\">\u201cOnda da Vida\u201d<\/strong>, lan\u00e7ado esta semana e que documenta um dos momentos mais marcantes da atual temporada de ondas gigantes.<\/p>\n<p data-start=\"533\" data-end=\"910\">Uma grande ondula\u00e7\u00e3o de inverno entrou em for\u00e7a na Praia do Norte, entregando <strong data-start=\"611\" data-end=\"630\">ondas colossais<\/strong>, daquelas que definem carreiras e ficam gravadas na mem\u00f3ria de quem as vive. Foi neste cen\u00e1rio extremo que <strong data-start=\"738\" data-end=\"754\">Rodrigo Koxa<\/strong>, ao lado do seu parceiro <strong data-start=\"780\" data-end=\"795\">Vitor Faria<\/strong>, surfou <strong data-start=\"804\" data-end=\"848\">a maior onda da temporada at\u00e9 ao momento<\/strong>, numa descida pesada, comprometida e absolutamente simb\u00f3lica.<\/p>\n<p data-start=\"912\" data-end=\"1266\">Mais do que o tamanho, o dia exigiu <strong data-start=\"948\" data-end=\"1027\">leitura apurada do mar, sangue-frio e confian\u00e7a total no trabalho de equipa<\/strong>. Em condi\u00e7\u00f5es limite como estas, o surf de ondas grandes deixa de ser apenas performance individual e transforma-se num verdadeiro <strong data-start=\"1159\" data-end=\"1181\">exerc\u00edcio coletivo<\/strong>, onde cada decis\u00e3o tem peso vital. O resgate n\u00e3o \u00e9 um detalhe \u2014 \u00e9 uma linha de vida.<\/p>\n<p data-start=\"1268\" data-end=\"1506\">Cada entrada no drop foi feita com a consci\u00eancia clara de que <strong data-start=\"1330\" data-end=\"1367\">ningu\u00e9m enfrenta a Nazar\u00e9 sozinho<\/strong>. \u00c9 um jogo de segundos, precis\u00e3o, coragem e coordena\u00e7\u00e3o absoluta entre surfistas, pilotos de mota de \u00e1gua, spotters e equipa de seguran\u00e7a.<\/p>\n<p data-start=\"1508\" data-end=\"1788\">O simbolismo do dia foi ainda maior por ter acontecido em <strong data-start=\"1566\" data-end=\"1593\">pleno per\u00edodo natal\u00edcio<\/strong>. Enquanto o mundo celebrava em terra firme, no mar a celebra\u00e7\u00e3o assumiu outra forma: <strong data-start=\"1679\" data-end=\"1787\">respeito pelo oceano, gratid\u00e3o por estar vivo e a certeza de que ondas assim n\u00e3o se \u201capanham\u201d \u2014 vivem-se<\/strong>.<\/p>\n<p data-start=\"1790\" data-end=\"2060\">O epis\u00f3dio <strong data-start=\"1801\" data-end=\"1819\">\u201cOnda da Vida\u201d<\/strong> vai muito al\u00e9m de uma descida hist\u00f3rica. \u00c9 um retrato de <strong data-start=\"1877\" data-end=\"1918\">prop\u00f3sito, entrega e conex\u00e3o profunda<\/strong> \u2014 com o mar, com a equipa e com algo maior. Um daqueles momentos raros em que o surf se cruza com o lado mais humano e espiritual do desafio.<\/p>\n","protected":false},"excerpt":{"rendered":"o mais recente epis\u00f3dio da s\u00e9rie\u00a0GoBIGGER TEAM \u2013 Nazar\u00e9, intitulado\u00a0\u201cOnda da Vida\u201d \u00a0\u201cOnda da Vida\u201d: Rodrigo Koxa surfa&hellip;\n","protected":false},"author":2,"featured_media":204660,"comment_status":"","ping_status":"","sticky":false,"template":"","format":"standard","meta":{"footnotes":""},"categories":[87],"tags":[135,11843,40497,32,33,134],"class_list":{"0":"post-204659","1":"post","2":"type-post","3":"status-publish","4":"format-standard","5":"has-post-thumbnail","7":"category-desporto","8":"tag-desporto","9":"tag-destaquehome","10":"tag-gobigger","11":"tag-portugal","12":"tag-pt","13":"tag-sports"},"share_on_mastodon":{"url":"https:\/\/pubeurope.com\/@pt\/115792179706991453","error":""},"_links":{"self":[{"href":"https:\/\/www.europesays.com\/pt\/wp-json\/wp\/v2\/posts\/204659","targetHints":{"allow":["GET"]}}],"collection":[{"href":"https:\/\/www.europesays.com\/pt\/wp-json\/wp\/v2\/posts"}],"about":[{"href":"https:\/\/www.europesays.com\/pt\/wp-json\/wp\/v2\/types\/post"}],"author":[{"embeddable":true,"href":"https:\/\/www.europesays.com\/pt\/wp-json\/wp\/v2\/users\/2"}],"replies":[{"embeddable":true,"href":"https:\/\/www.europesays.com\/pt\/wp-json\/wp\/v2\/comments?post=204659"}],"version-history":[{"count":0,"href":"https:\/\/www.europesays.com\/pt\/wp-json\/wp\/v2\/posts\/204659\/revisions"}],"wp:featuredmedia":[{"embeddable":true,"href":"https:\/\/www.europesays.com\/pt\/wp-json\/wp\/v2\/media\/204660"}],"wp:attachment":[{"href":"https:\/\/www.europesays.com\/pt\/wp-json\/wp\/v2\/media?parent=204659"}],"wp:term":[{"taxonomy":"category","embeddable":true,"href":"https:\/\/www.europesays.com\/pt\/wp-json\/wp\/v2\/categories?post=204659"},{"taxonomy":"post_tag","embeddable":true,"href":"https:\/\/www.europesays.com\/pt\/wp-json\/wp\/v2\/tags?post=204659"}],"curies":[{"name":"wp","href":"https:\/\/api.w.org\/{rel}","templated":true}]}}