{"id":204691,"date":"2025-12-27T15:46:05","date_gmt":"2025-12-27T15:46:05","guid":{"rendered":"https:\/\/www.europesays.com\/pt\/204691\/"},"modified":"2025-12-27T15:46:05","modified_gmt":"2025-12-27T15:46:05","slug":"atendimento-inadequado-e-negligencia-aumentam-reclamacoes-contra-hospitais-privados","status":"publish","type":"post","link":"https:\/\/www.europesays.com\/pt\/204691\/","title":{"rendered":"Atendimento inadequado e neglig\u00eancia: aumentam reclama\u00e7\u00f5es contra hospitais privados"},"content":{"rendered":"<p data-remotead-prev-elm=\"true\" data-remotead-elm-id=\"inread\">A qualidade do atendimento cl\u00ednico \u00e9 a falha mais apontada, categoria onde se destaca a neglig\u00eancia m\u00e9dica, e o n\u00famero de queixas na regi\u00e3o aumentou 22%, face ao ano transato. Xavier Barreto, presidente da Associa\u00e7\u00e3o Portuguesa de Administradores Hospitalares (APAH), acredita que o valor pago pelos doentes que optam pela sa\u00fade privada aumenta a exig\u00eancia e ajuda a explicar os n\u00fameros, que n\u00e3o t\u00eam reflexo nas queixas apresentadas na Entidade Reguladora da Sa\u00fade, onde os hospitais p\u00fablicos s\u00e3o mais visados. No Portal da Queixa, os mais criticados s\u00e3o a CUF e Trofa Sa\u00fade. O JN tentou ouvir uma rea\u00e7\u00e3o, mas sem \u00eaxito.<\/p>\n","protected":false},"excerpt":{"rendered":"A qualidade do atendimento cl\u00ednico \u00e9 a falha mais apontada, categoria onde se destaca a neglig\u00eancia m\u00e9dica, e&hellip;\n","protected":false},"author":2,"featured_media":204692,"comment_status":"","ping_status":"","sticky":false,"template":"","format":"standard","meta":{"footnotes":""},"categories":[10],"tags":[27,28,20018,15,16,14,2648,21180,25,26,21,22,12,13,19,20,9250,32,23,24,33,117,17,18,29,30,31],"class_list":{"0":"post-204691","1":"post","2":"type-post","3":"status-publish","4":"format-standard","5":"has-post-thumbnail","7":"category-portugal","8":"tag-breaking-news","9":"tag-breakingnews","10":"tag-concelho-porto","11":"tag-featured-news","12":"tag-featurednews","13":"tag-headlines","14":"tag-hospitais","15":"tag-hospitais-privados","16":"tag-latest-news","17":"tag-latestnews","18":"tag-main-news","19":"tag-mainnews","20":"tag-news","21":"tag-noticias","22":"tag-noticias-principais","23":"tag-noticiasprincipais","24":"tag-portal-da-queixa","25":"tag-portugal","26":"tag-principais-noticias","27":"tag-principaisnoticias","28":"tag-pt","29":"tag-saude","30":"tag-top-stories","31":"tag-topstories","32":"tag-ultimas","33":"tag-ultimas-noticias","34":"tag-ultimasnoticias"},"share_on_mastodon":{"url":"https:\/\/pubeurope.com\/@pt\/115792313779641659","error":""},"_links":{"self":[{"href":"https:\/\/www.europesays.com\/pt\/wp-json\/wp\/v2\/posts\/204691","targetHints":{"allow":["GET"]}}],"collection":[{"href":"https:\/\/www.europesays.com\/pt\/wp-json\/wp\/v2\/posts"}],"about":[{"href":"https:\/\/www.europesays.com\/pt\/wp-json\/wp\/v2\/types\/post"}],"author":[{"embeddable":true,"href":"https:\/\/www.europesays.com\/pt\/wp-json\/wp\/v2\/users\/2"}],"replies":[{"embeddable":true,"href":"https:\/\/www.europesays.com\/pt\/wp-json\/wp\/v2\/comments?post=204691"}],"version-history":[{"count":0,"href":"https:\/\/www.europesays.com\/pt\/wp-json\/wp\/v2\/posts\/204691\/revisions"}],"wp:featuredmedia":[{"embeddable":true,"href":"https:\/\/www.europesays.com\/pt\/wp-json\/wp\/v2\/media\/204692"}],"wp:attachment":[{"href":"https:\/\/www.europesays.com\/pt\/wp-json\/wp\/v2\/media?parent=204691"}],"wp:term":[{"taxonomy":"category","embeddable":true,"href":"https:\/\/www.europesays.com\/pt\/wp-json\/wp\/v2\/categories?post=204691"},{"taxonomy":"post_tag","embeddable":true,"href":"https:\/\/www.europesays.com\/pt\/wp-json\/wp\/v2\/tags?post=204691"}],"curies":[{"name":"wp","href":"https:\/\/api.w.org\/{rel}","templated":true}]}}