{"id":204719,"date":"2025-12-27T16:06:06","date_gmt":"2025-12-27T16:06:06","guid":{"rendered":"https:\/\/www.europesays.com\/pt\/204719\/"},"modified":"2025-12-27T16:06:06","modified_gmt":"2025-12-27T16:06:06","slug":"designer-de-interiores-sara-leonor-revela-segredos-para-uma-casa-funcional-idealista-news","status":"publish","type":"post","link":"https:\/\/www.europesays.com\/pt\/204719\/","title":{"rendered":"Designer de interiores Sara Leonor revela segredos para uma casa funcional \u2014 idealista\/news"},"content":{"rendered":"<p>S\u00e3o 11 da manh\u00e3 de uma quarta-feira e o tr\u00e2nsito em Upper Street, no bairro de Islington, no <strong>norte de Londres<\/strong>, \u00e9 simplesmente ca\u00f3tico. Autocarros, t\u00e1xis, bicicletas e motas de entrega, mi\u00fados de trotinete\u2026 a rua seria capaz de tirar do s\u00e9rio qualquer pessoa. Em contraste, os cerca de nove metros quadrados do <a href=\"http:\/\/saraleonorstudio.com\/\" target=\"_blank\" rel=\"nofollow noopener\">est\u00fadio <\/a>da <strong>designer de interiores Sara Leonor<\/strong> s\u00e3o um verdadeiro o\u00e1sis.\u00a0<\/p>\n<p>Fotografias, plantas e amostras de materiais cobrem as paredes. Quase n\u00e3o h\u00e1 um cent\u00edmetro livre, mas aqui, ao contr\u00e1rio do que se passa l\u00e1 fora, respira-se tranquilidade e, sobretudo, uma sensa\u00e7\u00e3o de ordem.<\/p>\n<p>Sara Leonor, nasceu em Espanha e estudou <strong>design de interiores em Madrid, <\/strong>marcando presen\u00e7a na imprensa internacional e nas redes sociais pelos projetos singulares que desenvolve. Mudou-se para Londres h\u00e1 vinte anos, onde vive com o marido e os dois filhos, e est\u00e1 agora trabalhar em v\u00e1rias frentes em simult\u00e2neo: desde casas de banho a amplia\u00e7\u00f5es (t\u00e3o comuns nas <strong>casas brit\u00e2nicas<\/strong>) e remodela\u00e7\u00f5es completas de habita\u00e7\u00f5es. Sem d\u00favida, 2026 promete ser um ano agitado.<\/p>\n<p><strong>Depois de trabalhares algum tempo em Madrid, criaste o teu est\u00fadio de design de interiores \u2013 Sara Leonor Studio \u2013 em Londres, em 2018. Que diferen\u00e7as destacarias entre os clientes dos dois pa\u00edses?<\/strong><\/p>\n<p>Em Madrid, trabalhava numa empresa e fazia interiores comerciais. Agora, fa\u00e7o sobretudo casas. No geral, o cliente com quem trabalho aqui \u2013 que n\u00e3o \u00e9 ingl\u00eas, mas internacional \u2013 \u00e9 mais detalhista.\u00a0<\/p>\n<p>Em Espanha trabalhei apenas tr\u00eas anos, mas quando cheguei a Londres descobri que os materiais, a <strong>ilumina\u00e7\u00e3o <\/strong>e a distribui\u00e7\u00e3o eram muito diferentes. No que toca aos materiais, aqui as pessoas valorizam a experi\u00eancia sensorial do material e reparam muito nos detalhes. Tamb\u00e9m d\u00e3o grande import\u00e2ncia \u00e0 ilumina\u00e7\u00e3o, que \u00e9 predominantemente indireta.\u00a0<\/p>\n<p>Al\u00e9m disso, em casas, restaurantes e espa\u00e7os comerciais no <strong>Reino Unido<\/strong>, \u00e9 comum pedirem ilumina\u00e7\u00e3o regul\u00e1vel \u2013 algo que, pela minha experi\u00eancia, n\u00e3o acontece em Espanha. Aqui, a luz tem sempre um prop\u00f3sito.<\/p>\n<p><strong>Li no teu site que, na tua casa, \u201cutilizaste a cor e os materiais com todo o cuidado, equilibrando calor, personalidade e praticidade\u201d. Essa \u00e9 a combina\u00e7\u00e3o perfeita para qualquer interior?<\/strong><\/p>\n<p>Para mim, o mais importante \u00e9 a praticidade. A <strong>casa <\/strong>tem de ser pr\u00e1tica. E tamb\u00e9m dou muita import\u00e2ncia a uma boa distribui\u00e7\u00e3o.<\/p>\n<p><strong>E para ti, o que \u00e9 um lar?<\/strong><\/p>\n<p>Um lar \u00e9 chegar a casa e encontrar tudo o que precisas, com cada coisa no seu lugar. \u00c9 fundamental entrar e que tudo esteja organizado. Al\u00e9m disso, penso que h\u00e1 coisas que n\u00e3o devem estar \u00e0 vista. Na nossa casa estamos h\u00e1 cinco anos e, todos os dias, penso no que mais posso fazer para que esteja bem organizada. Sou, acima de tudo, pr\u00e1tica.<\/p>\n<p><strong>Voltando aos teus projetos, \u00e9 evidente que n\u00e3o te esqueces da parte est\u00e9tica. S\u00e3o muito diferentes, como um \u00e1tico em Londres em tons escuros e materiais naturais, ou o apartamento em King\u2019s Cross, onde fizeste do vermelho a verdadeira estrela. Como definirias o teu estilo?<\/strong><\/p>\n<p>Gosto da simplicidade, de espa\u00e7os limpos e de<strong> materiais naturais<\/strong>. A minha casa \u00e9 branca, com toques de cor, mas o meu estilo \u00e9 definido pelos clientes. Acho divertido quando me pedem coisas fora da minha zona de conforto, porque gosto do desafio que isso implica.\u00a0<\/p>\n<p>No <strong>apartamento de King\u2019s Cross<\/strong> que mencionaste, quando lhes mostrava materiais e cores, pediam-me cada vez mais cor. Percebi que queriam um interior muito ousado e sugeri levar o vermelho ao teto. Consoante os clientes e a sua casa, proponho ideias com as quais se identifiquem, mas no final a decis\u00e3o \u00e9 deles. Por isso, todas as minhas casas s\u00e3o diferentes. O <strong>\u00e1tico negro<\/strong> que tamb\u00e9m mencionaste \u00e9 outro exemplo, mas agora estou a trabalhar numa casa completamente branca, com muita <strong>madeira <\/strong>e um ch\u00e3o de cimento. No fundo, desenhar interiores \u00e9 como entrar num filme onde tu n\u00e3o \u00e9s a protagonista.<\/p>\n<p><strong>H\u00e1 algum espa\u00e7o nas casas inglesas que as casas espanholas n\u00e3o tenham, mas que gostarias que tivessem?<\/strong><\/p>\n<p>Uma coisa que adoro na maioria das<strong> casas inglesas<\/strong> \u00e9 que h\u00e1 sempre um espa\u00e7o que permite ampliar a casa, como um pequeno jardim para fazer uma extens\u00e3o. Gosto dessa possibilidade de ganhar metros quadrados que existe nas casas inglesas. Foi assim que nasceu o meu interesse pela arquitetura, por querer saber o que mais se pode aproveitar no espa\u00e7o dispon\u00edvel.<\/p>\n<p><strong>Tens dois filhos em idade escolar, como seria para ti o quarto infantil ideal?<\/strong><\/p>\n<p>Com corti\u00e7a nas paredes para que possam pendurar os seus desenhos, medalhas ou lembran\u00e7as dos amigos. O <a href=\"https:\/\/www.idealista.pt\/news\/decoracao\/espacos\/2024\/10\/04\/65436-decorar-quartos-de-crianca-como-criar-um-mundo-encantado\" target=\"_blank\" rel=\"nofollow noopener\">quarto infantil<\/a> perfeito deve tamb\u00e9m ter muitas gavetas para guardar os <strong>materiais de pintura<\/strong> e uma mesa grande onde possam fazer o que quiserem. Como em qualquer outro espa\u00e7o da casa, tamb\u00e9m aqui procuro funcionalidade. Sem os desenhos, os quartos dos meus filhos s\u00e3o brancos, com corti\u00e7a nas paredes.<\/p>\n<p><strong>No teu site h\u00e1 v\u00e1rias casas de banho, todas diferentes. Como seria a casa de banho perfeita para Sara?<\/strong><\/p>\n<p>Acima de tudo, gosto que a casa de banho n\u00e3o pare\u00e7a uma <strong>casa de banho<\/strong>. \u00c9 um espa\u00e7o pelo qual se entra e se sai constantemente e que todos veem. Por isso, interessam-me casas de banho que n\u00e3o se parecem com casas de banho.\u00a0<\/p>\n<p>Na maioria das que desenho, coloco portas de correr e uso materiais inesperados, cor e madeira. Al\u00e9m disso, cuido da <strong>ilumina\u00e7\u00e3o <\/strong>e tento evitar resguardos de vidro e os t\u00edpicos azulejos brancos retangulares de 30 x 30 cm. Procuro espa\u00e7os acolhedores, com um toque ousado e pr\u00e1tico, para n\u00e3o ser preciso limp\u00e1-los constantemente.<\/p>\n","protected":false},"excerpt":{"rendered":"S\u00e3o 11 da manh\u00e3 de uma quarta-feira e o tr\u00e2nsito em Upper Street, no bairro de Islington, no&hellip;\n","protected":false},"author":2,"featured_media":204720,"comment_status":"","ping_status":"","sticky":false,"template":"","format":"standard","meta":{"footnotes":""},"categories":[144],"tags":[207,205,206,203,201,202,204,114,115,32,33],"class_list":{"0":"post-204719","1":"post","2":"type-post","3":"status-publish","4":"format-standard","5":"has-post-thumbnail","7":"category-arte-e-design","8":"tag-arte","9":"tag-arte-e-design","10":"tag-artedesign","11":"tag-arts","12":"tag-arts-and-design","13":"tag-artsanddesign","14":"tag-design","15":"tag-entertainment","16":"tag-entretenimento","17":"tag-portugal","18":"tag-pt"},"share_on_mastodon":{"url":"https:\/\/pubeurope.com\/@pt\/115792391893267797","error":""},"_links":{"self":[{"href":"https:\/\/www.europesays.com\/pt\/wp-json\/wp\/v2\/posts\/204719","targetHints":{"allow":["GET"]}}],"collection":[{"href":"https:\/\/www.europesays.com\/pt\/wp-json\/wp\/v2\/posts"}],"about":[{"href":"https:\/\/www.europesays.com\/pt\/wp-json\/wp\/v2\/types\/post"}],"author":[{"embeddable":true,"href":"https:\/\/www.europesays.com\/pt\/wp-json\/wp\/v2\/users\/2"}],"replies":[{"embeddable":true,"href":"https:\/\/www.europesays.com\/pt\/wp-json\/wp\/v2\/comments?post=204719"}],"version-history":[{"count":0,"href":"https:\/\/www.europesays.com\/pt\/wp-json\/wp\/v2\/posts\/204719\/revisions"}],"wp:featuredmedia":[{"embeddable":true,"href":"https:\/\/www.europesays.com\/pt\/wp-json\/wp\/v2\/media\/204720"}],"wp:attachment":[{"href":"https:\/\/www.europesays.com\/pt\/wp-json\/wp\/v2\/media?parent=204719"}],"wp:term":[{"taxonomy":"category","embeddable":true,"href":"https:\/\/www.europesays.com\/pt\/wp-json\/wp\/v2\/categories?post=204719"},{"taxonomy":"post_tag","embeddable":true,"href":"https:\/\/www.europesays.com\/pt\/wp-json\/wp\/v2\/tags?post=204719"}],"curies":[{"name":"wp","href":"https:\/\/api.w.org\/{rel}","templated":true}]}}