{"id":204721,"date":"2025-12-27T16:08:47","date_gmt":"2025-12-27T16:08:47","guid":{"rendered":"https:\/\/www.europesays.com\/pt\/204721\/"},"modified":"2025-12-27T16:08:47","modified_gmt":"2025-12-27T16:08:47","slug":"2025-foi-excelente-para-o-fascismo-kimmel-volta-a-atacar-e-trump-quer-por-colbert-a-dormir","status":"publish","type":"post","link":"https:\/\/www.europesays.com\/pt\/204721\/","title":{"rendered":"2025 foi excelente&#8230; para o fascismo. Kimmel volta a atacar (e Trump quer p\u00f4r Colbert &#8220;a dormir&#8221;)"},"content":{"rendered":"<p class=\"wp-caption-text top\">Jimmy Kimmel Live \/ YouTube<\/p>\n<p><img decoding=\"async\" loading=\"lazy\" class=\"wp-image-702263 size-kopa-image-size-3\" src=\"https:\/\/www.europesays.com\/pt\/wp-content\/uploads\/2025\/12\/9ed48da479b0975add769ad7688e3730-783x450.png\" alt=\"\" width=\"700\" height=\"402\"  \/><\/p>\n<p class=\"wp-caption-text bot\">Jimmy Kimmel no regresso \u00e0 televis\u00e3o ap\u00f3s ser suspenso<\/p>\n<p><strong> \u201cA tirania prospera aqui\u201d, atirou o apresentador cancelado por Trump. \u201cDesastre pat\u00e9tico\u201d e \u201cum morto-vivo\u201d, o seu colega, Stephen Colbert, deveria ser eliminado, acredita o presidente dos EUA.<\/strong><\/p>\n<p>Este ano respons\u00e1vel pelo famoso discurso de Natal alternativo do Channel 4, o humorista norte-americano <strong>Jimmy Kimmel<\/strong>, cujo programa televisivo esteve temporariamente suspenso em setembro, afirmou na televis\u00e3o brit\u00e2nica que<strong> 2025 foi \u201cum ano muito bom\u201d nos Estados Unidos \u201cdo ponto de vista do fascismo\u201d<\/strong>.<\/p>\n<p>J\u00e1 Trump, na v\u00e9spera de Natal, optou por lan\u00e7ar uma nova onda de cr\u00edticas aos talk shows do pa\u00eds. E chegou mesmo a dizer que <strong>Stephen Colbert<\/strong>, apresentador do \u201cThe Late Show\u201d desde 2015, \u00e9 um \u201cdesastre pat\u00e9tico\u201d, e \u201cum morto-vivo\u201d que deveria ser eliminado.<\/p>\n<p>\u201cTirania prospera aqui\u201d<\/p>\n<p>O Channel 4 difunde todos os anos desde 1993 um <strong>discurso de Natal alternativo<\/strong> ao que \u00e9 proferido pelo monarca brit\u00e2nico. Este ano, a escolha do canal recaiu sobre Kimmel, estrela dos \u2018late night shows\u2019 nos EUA (programas de entretenimento de fim de noite), e que teve o seu programa suspenso em setembro, depois de ter acusado a direita norte-americana de explorar politicamente o <a href=\"https:\/\/zap.aeiou.pt\/thread\/assassinato-de-charlie-kirk\" data-wpel-link=\"internal\" rel=\"nofollow noopener\" target=\"_blank\">assassinato<\/a> do influencer apoiante do presidente Donald Trump, <strong>Charlie Kirk<\/strong>.<\/p>\n<p>\u201cHonestamente, penso que n\u00e3o sei nada do que se passa convosco. Em contrapartida, sei o que se passa connosco, e posso dizer-vos que, do ponto de vista do fascismo, foi um ano muito bom\u201d, declarou o humorista na abertura da sua alocu\u00e7\u00e3o televisiva. \u201c<strong>A tirania prospera aqui<\/strong>\u201d, acrescentou, antes de entrar em detalhes sobre a sua suspens\u00e3o.<\/p>\n<p>Depois da pol\u00e9mica e das acusa\u00e7\u00f5es de censura, <a href=\"https:\/\/zap.aeiou.pt\/tudo-cancelar-milhoes-ver-kimmel-arrasa-trump-702256\" data-wpel-link=\"internal\" rel=\"nofollow noopener\" target=\"_blank\">voltou<\/a> finalmente ao est\u00fadio de grava\u00e7\u00e3o, uma semana ap\u00f3s a suspens\u00e3o.<\/p>\n<p>\u201cO facto de um Governo remeter os seus detratores ao sil\u00eancio \u00e9 qualquer coisa que acontece em pa\u00edses como a R\u00fassia, a Coreia do Norte e em Los Angeles, mas n\u00e3o no Reino Unido\u201d, ironizou Kimmel, antes de deixar um aviso aos brit\u00e2nicos: \u201cAcontece tudo muito r\u00e1pido\u201d.<\/p>\n<p>Mas o presidente americano, que o humorista batizou de \u201crei Donnie VIII\u201d, numa alus\u00e3o ao brit\u00e2nico Henrique VIII, \u201cperdeu\u201d, garantiu Kimmel, numa refer\u00eancia ao facto de a emiss\u00e3o do seu programa \u201cJimmy Kimmel Live!\u201d ter sido <strong>prolongada at\u00e9 meados de 2027.<\/strong><\/p>\n<p>Kimmel apelou ainda aos brit\u00e2nicos para que <strong>n\u00e3o abandonem os americanos<\/strong>: \u201cAtravessamos um per\u00edodo dif\u00edcil neste momento, mas vamos sair dele\u201d, acrescentou.<\/p>\n<p>Nomes como o comediante brit\u00e2nico Stephen Fry (2023) e o denunciante americano Edward Snowden (2013) fazem parte da lista de personalidades que j\u00e1 proferiram uma mensagem de Natal alternativa no Channel 4.<\/p>\n<p>Trump ataca Colbert<\/p>\n<p>Na v\u00e9spera de Natal, Trump fez quest\u00e3o de deixar por escrito, em <a href=\"https:\/\/truthsocial.com\/@realDonaldTrump\/posts\/115772841536331132\" data-wpel-link=\"external\" target=\"_blank\" rel=\"nofollow external noopener noreferrer\" class=\"ext-link\">publica\u00e7\u00e3o<\/a> na sua rede social, Truth Social, que \u201cStephen Colbert \u00e9 um desastre pat\u00e9tico, sem talento ou qualquer outra coisa necess\u00e1ria para o sucesso no mundo do entretenimento.\u201d<\/p>\n<p>\u201cAgora, depois de ter sido despedido pela CBS e abandonado \u00e0 sua sorte, piorou ainda mais, assim como a sua audi\u00eancia inexistente. Stephen est\u00e1 a alimentar-se de \u00f3dio e ressentimento \u2014 <strong>um morto-vivo! A CBS deveria, \u201ct\u00ea-lo posto a dormir\u201d<\/strong>, agora, seria o m\u00ednimo que se espera de um ser humano!\u201d, apontou ainda o presidente dos EUA.<\/p>\n<p>Trump tem tentado frequentemente restringir a liberdade dos meios de comunica\u00e7\u00e3o social: entre muitas a\u00e7\u00f5es pol\u00e9micas, 2025 ficou marcado por uma <a href=\"https:\/\/zap.aeiou.pt\/trump-corta-financiamento-a-radio-e-televisao-publicas-675312\" data-wpel-link=\"internal\" rel=\"nofollow noopener\" target=\"_blank\">pol\u00e9mica ordem executiva<\/a> da sua administra\u00e7\u00e3o, que passa a escolher os jornalistas que lhe podem fazer perguntas.<\/p>\n<p>    <a href=\"https:\/\/zap.aeiou.pt\/subscrever-newsletter\" data-wpel-link=\"internal\" rel=\"nofollow noopener\" target=\"_blank\">&#13;<br \/>\n        <img loading=\"lazy\" decoding=\"async\" class=\"aligncenter size-full wp-image-575475\" src=\"https:\/\/www.europesays.com\/pt\/wp-content\/uploads\/2025\/12\/1765389371_545_2d51fe4a0ba54894421ead1809309ed9-1-450x140.jpg\" alt=\"Subscreva a Newsletter ZAP\" width=\"450\" height=\"140\"\/>&#13;<br \/>\n    <\/a><\/p>\n<p>                <a href=\"https:\/\/whatsapp.com\/channel\/0029VaIC4EE2f3EJZPPSbR34\" data-wpel-link=\"external\" target=\"_blank\" rel=\"nofollow external noopener noreferrer\" class=\"ext-link\">&#13;<br \/>\n                    <img loading=\"lazy\" decoding=\"async\" class=\"aligncenter size-full wp-image-575475\" src=\"https:\/\/www.europesays.com\/pt\/wp-content\/uploads\/2025\/12\/1765389371_770_c68c559d956d4ca20f435ed74a6e71e6.png\" alt=\"Siga-nos no WhatsApp\" width=\"175\" height=\"64\"\/>&#13;<br \/>\n                <\/a><\/p>\n<p>                <a href=\"https:\/\/news.google.com\/publications\/CAAiEHRwZondIV71PDjWNoqMduEqFAgKIhB0cGaJ3SFe9Tw41jaKjHbh?hl=en-US&amp;gl=US&amp;ceid=US%3Aen\" data-wpel-link=\"external\" target=\"_blank\" rel=\"nofollow external noopener noreferrer\" class=\"ext-link\">&#13;<br \/>\n                    <img loading=\"lazy\" decoding=\"async\" class=\"aligncenter size-full wp-image-575475\" src=\"https:\/\/www.europesays.com\/pt\/wp-content\/uploads\/2025\/12\/1765389372_556_5123dd8b087b644fdb8f8603acd1bad4.png\" alt=\"Siga-nos no Google News\" width=\"176\" height=\"64\"\/>&#13;<br \/>\n                <\/a><\/p>\n","protected":false},"excerpt":{"rendered":"Jimmy Kimmel Live \/ YouTube Jimmy Kimmel no regresso \u00e0 televis\u00e3o ap\u00f3s ser suspenso \u201cA tirania prospera aqui\u201d,&hellip;\n","protected":false},"author":2,"featured_media":204722,"comment_status":"","ping_status":"","sticky":false,"template":"","format":"standard","meta":{"footnotes":""},"categories":[142],"tags":[2766,767,92,114,115,413,222,6322,3806,715,4007,32,33,218,151],"class_list":{"0":"post-204721","1":"post","2":"type-post","3":"status-publish","4":"format-standard","5":"has-post-thumbnail","7":"category-tv","8":"tag-censura","9":"tag-comedia","10":"tag-donald-trump","11":"tag-entertainment","12":"tag-entretenimento","13":"tag-eua","14":"tag-humor","15":"tag-liberdade-de-expressao","16":"tag-liberdade-de-imprensa","17":"tag-media","18":"tag-politica-internacional","19":"tag-portugal","20":"tag-pt","21":"tag-televisao","22":"tag-tv"},"share_on_mastodon":{"url":"https:\/\/pubeurope.com\/@pt\/115792404567910875","error":""},"_links":{"self":[{"href":"https:\/\/www.europesays.com\/pt\/wp-json\/wp\/v2\/posts\/204721","targetHints":{"allow":["GET"]}}],"collection":[{"href":"https:\/\/www.europesays.com\/pt\/wp-json\/wp\/v2\/posts"}],"about":[{"href":"https:\/\/www.europesays.com\/pt\/wp-json\/wp\/v2\/types\/post"}],"author":[{"embeddable":true,"href":"https:\/\/www.europesays.com\/pt\/wp-json\/wp\/v2\/users\/2"}],"replies":[{"embeddable":true,"href":"https:\/\/www.europesays.com\/pt\/wp-json\/wp\/v2\/comments?post=204721"}],"version-history":[{"count":0,"href":"https:\/\/www.europesays.com\/pt\/wp-json\/wp\/v2\/posts\/204721\/revisions"}],"wp:featuredmedia":[{"embeddable":true,"href":"https:\/\/www.europesays.com\/pt\/wp-json\/wp\/v2\/media\/204722"}],"wp:attachment":[{"href":"https:\/\/www.europesays.com\/pt\/wp-json\/wp\/v2\/media?parent=204721"}],"wp:term":[{"taxonomy":"category","embeddable":true,"href":"https:\/\/www.europesays.com\/pt\/wp-json\/wp\/v2\/categories?post=204721"},{"taxonomy":"post_tag","embeddable":true,"href":"https:\/\/www.europesays.com\/pt\/wp-json\/wp\/v2\/tags?post=204721"}],"curies":[{"name":"wp","href":"https:\/\/api.w.org\/{rel}","templated":true}]}}