{"id":204738,"date":"2025-12-27T16:22:19","date_gmt":"2025-12-27T16:22:19","guid":{"rendered":"https:\/\/www.europesays.com\/pt\/204738\/"},"modified":"2025-12-27T16:22:19","modified_gmt":"2025-12-27T16:22:19","slug":"tyler-perry-magnata-bilionario-do-cinema-e-acusado-de-assedio-sexual-por-mais-um-ator","status":"publish","type":"post","link":"https:\/\/www.europesays.com\/pt\/204738\/","title":{"rendered":"Tyler Perry, magnata bilion\u00e1rio do cinema, \u00e9 acusado de ass\u00e9dio sexual por mais um ator"},"content":{"rendered":"\n<p class=\"resumo_item_amdb\">O produtor e cineasta Tyler Perry enfrenta novas acusa\u00e7\u00f5es de ass\u00e9dio sexual, movidas pelo modelo e ator Mario Rodriguez, que alega ter sido v\u00edtima de abusos em encontros na casa de Perry, n\u00e3o durante as filmagens de &#8216;O Halloween de Madea&#8217;. Essas alega\u00e7\u00f5es podem impactar a reputa\u00e7\u00e3o de Perry e sua produtora, al\u00e9m de gerar repercuss\u00f5es legais significativas.<\/p>\n<p class=\"resumo_item_amdb\">Rodriguez, que trabalhou com Perry em 2016, busca uma compensa\u00e7\u00e3o de US$ 77 milh\u00f5es, alegando que a Lionsgate, distribuidora do filme, ignorou as condutas inadequadas do cineasta. As acusa\u00e7\u00f5es incluem epis\u00f3dios de ass\u00e9dio que datam de 2015, com Rodriguez afirmando que decidiu agir ap\u00f3s ver outras den\u00fancias contra Perry.<\/p>\n<p class=\"resumo_item_amdb\">Al\u00e9m do caso de Rodriguez, outro ex-colaborador, Derek Dixon, tamb\u00e9m processou Perry por ass\u00e9dio, pedindo US$ 260 milh\u00f5es em indeniza\u00e7\u00e3o. O advogado de Perry criticou as a\u00e7\u00f5es, afirmando que s\u00e3o tentativas frustradas de obter dinheiro, enquanto o advogado de Rodriguez destacou a exist\u00eancia de evid\u00eancias que sustentam as alega\u00e7\u00f5es.<\/p>\n","protected":false},"excerpt":{"rendered":"O produtor e cineasta Tyler Perry enfrenta novas acusa\u00e7\u00f5es de ass\u00e9dio sexual, movidas pelo modelo e ator Mario&hellip;\n","protected":false},"author":2,"featured_media":204739,"comment_status":"","ping_status":"","sticky":false,"template":"","format":"standard","meta":{"footnotes":""},"categories":[145],"tags":[6064,211,210,40505,1403,40507,114,115,4245,749,40509,21606,3670,40508,892,40504,32,4685,33,3939,17043,40506,3097],"class_list":{"0":"post-204738","1":"post","2":"type-post","3":"status-publish","4":"format-standard","5":"has-post-thumbnail","7":"category-celebridades","8":"tag-assedio","9":"tag-celebridades","10":"tag-celebrities","11":"tag-compensacao","12":"tag-comportamento","13":"tag-derek-dixon","14":"tag-entertainment","15":"tag-entretenimento","16":"tag-evidencias","17":"tag-indenizacao","18":"tag-investidas","19":"tag-lionsgate","20":"tag-los-angeles","21":"tag-mario-rodriguez","22":"tag-mensagens","23":"tag-papeis","24":"tag-portugal","25":"tag-processo","26":"tag-pt","27":"tag-serie","28":"tag-sexual","29":"tag-tyler-perry","30":"tag-violencia"},"share_on_mastodon":{"url":"https:\/\/pubeurope.com\/@pt\/115792455184226268","error":""},"_links":{"self":[{"href":"https:\/\/www.europesays.com\/pt\/wp-json\/wp\/v2\/posts\/204738","targetHints":{"allow":["GET"]}}],"collection":[{"href":"https:\/\/www.europesays.com\/pt\/wp-json\/wp\/v2\/posts"}],"about":[{"href":"https:\/\/www.europesays.com\/pt\/wp-json\/wp\/v2\/types\/post"}],"author":[{"embeddable":true,"href":"https:\/\/www.europesays.com\/pt\/wp-json\/wp\/v2\/users\/2"}],"replies":[{"embeddable":true,"href":"https:\/\/www.europesays.com\/pt\/wp-json\/wp\/v2\/comments?post=204738"}],"version-history":[{"count":0,"href":"https:\/\/www.europesays.com\/pt\/wp-json\/wp\/v2\/posts\/204738\/revisions"}],"wp:featuredmedia":[{"embeddable":true,"href":"https:\/\/www.europesays.com\/pt\/wp-json\/wp\/v2\/media\/204739"}],"wp:attachment":[{"href":"https:\/\/www.europesays.com\/pt\/wp-json\/wp\/v2\/media?parent=204738"}],"wp:term":[{"taxonomy":"category","embeddable":true,"href":"https:\/\/www.europesays.com\/pt\/wp-json\/wp\/v2\/categories?post=204738"},{"taxonomy":"post_tag","embeddable":true,"href":"https:\/\/www.europesays.com\/pt\/wp-json\/wp\/v2\/tags?post=204738"}],"curies":[{"name":"wp","href":"https:\/\/api.w.org\/{rel}","templated":true}]}}